{"id":33505,"date":"2025-01-13T21:21:29","date_gmt":"2025-01-13T20:21:29","guid":{"rendered":"https:\/\/projectes.xtec.cat\/digital\/?p=33505"},"modified":"2025-03-13T15:41:52","modified_gmt":"2025-03-13T14:41:52","slug":"tercera-sessio-de-la-xarxa-territorial-de-cultura-digital-xtcd-del-curs-2024-25","status":"publish","type":"post","link":"https:\/\/projectes.xtec.cat\/digital\/noticies\/formacio\/tercera-sessio-de-la-xarxa-territorial-de-cultura-digital-xtcd-del-curs-2024-25\/","title":{"rendered":"Tercera sessi\u00f3 de la Xarxa territorial de Cultura Digital (XTCD) del curs 2024-25"},"content":{"rendered":"\n<p>El dijous 16.01.25, a les 17:30 es retransmetr\u00e0 la tercera sessi\u00f3 de la Xarxa Territorial de Cultura Digital (XTCD):<\/p>\n\n\n\n<ul class=\"wp-block-list\">\n<li><strong>17:30<\/strong>&nbsp;<a href=\"https:\/\/projectes.xtec.cat\/digital\/formacio-docent\/xtcd\/\" target=\"_blank\" rel=\"noreferrer noopener\">Part comuna<\/a>: Orientacions \u00das de pantalles &#8211; Plataforma per a l\u2019Educaci\u00f3 medi\u00e0tica de Catalunya (PEM)<\/li>\n\n\n\n<li><strong>18:00<\/strong>&nbsp;<a href=\"https:\/\/projectes.xtec.cat\/digital\/formacio-docent\/xtcd\/subxarxa-de-la-comissio-digital-comd\/\" target=\"_blank\" rel=\"noreferrer noopener\">Subxarxa de la comissi\u00f3 digital de centre<\/a>&nbsp;(COMD): Programaci\u00f3 per blocs.<\/li>\n\n\n\n<li><strong>18:00<\/strong>&nbsp;<a href=\"https:\/\/projectes.xtec.cat\/digital\/formacio-docent\/xtcd\/subxarxa-de-la-coordinacio-digital-de-centre-cdc\/\" target=\"_blank\" rel=\"noreferrer noopener\">Subxarxa de la coordinaci\u00f3 digital de centre<\/a>&nbsp;(CDC): Visibilitat grups de Google, Avaluaci\u00f3 \u00e0gil amb Moodle, Informaci\u00f3 de servei, etc.<\/li>\n<\/ul>\n\n\n\n<p>Membres de les comissions digitals, coordinadors i coordinadores digitals, us hi esperem!<\/p>\n","protected":false},"excerpt":{"rendered":"<p>El dijous 16.01.25, a les 17:30 es retransmetr\u00e0 la tercera sessi\u00f3 de la Xarxa Territorial de Cultura Digital (XTCD): Membres de les comissions digitals, coordinadors i coordinadores digitals, us hi esperem!<\/p>\n","protected":false},"author":1,"featured_media":21805,"comment_status":"closed","ping_status":"open","sticky":false,"template":"","format":"standard","meta":{"site-sidebar-layout":"default","site-content-layout":"","ast-site-content-layout":"default","site-content-style":"default","site-sidebar-style":"default","ast-global-header-display":"","ast-banner-title-visibility":"","ast-main-header-display":"","ast-hfb-above-header-display":"","ast-hfb-below-header-display":"","ast-hfb-mobile-header-display":"","site-post-title":"","ast-breadcrumbs-content":"","ast-featured-img":"","footer-sml-layout":"","theme-transparent-header-meta":"","adv-header-id-meta":"","stick-header-meta":"","header-above-stick-meta":"","header-main-stick-meta":"","header-below-stick-meta":"","astra-migrate-meta-layouts":"set","ast-page-background-enabled":"default","ast-page-background-meta":{"desktop":{"background-color":"var(--ast-global-color-4)","background-image":"","background-repeat":"repeat","background-position":"center center","background-size":"auto","background-attachment":"scroll","background-type":"","background-media":"","overlay-type":"","overlay-color":"","overlay-opacity":"","overlay-gradient":""},"tablet":{"background-color":"","background-image":"","background-repeat":"repeat","background-position":"center center","background-size":"auto","background-attachment":"scroll","background-type":"","background-media":"","overlay-type":"","overlay-color":"","overlay-opacity":"","overlay-gradient":""},"mobile":{"background-color":"","background-image":"","background-repeat":"repeat","background-position":"center center","background-size":"auto","background-attachment":"scroll","background-type":"","background-media":"","overlay-type":"","overlay-color":"","overlay-opacity":"","overlay-gradient":""}},"ast-content-background-meta":{"desktop":{"background-color":"var(--ast-global-color-5)","background-image":"","background-repeat":"repeat","background-position":"center center","background-size":"auto","background-attachment":"scroll","background-type":"","background-media":"","overlay-type":"","overlay-color":"","overlay-opacity":"","overlay-gradient":""},"tablet":{"background-color":"var(--ast-global-color-5)","background-image":"","background-repeat":"repeat","background-position":"center center","background-size":"auto","background-attachment":"scroll","background-type":"","background-media":"","overlay-type":"","overlay-color":"","overlay-opacity":"","overlay-gradient":""},"mobile":{"background-color":"var(--ast-global-color-5)","background-image":"","background-repeat":"repeat","background-position":"center center","background-size":"auto","background-attachment":"scroll","background-type":"","background-media":"","overlay-type":"","overlay-color":"","overlay-opacity":"","overlay-gradient":""}},"footnotes":""},"categories":[154,475,444],"tags":[485],"class_list":["post-33505","post","type-post","status-publish","format-standard","has-post-thumbnail","hentry","category-formacio","category-xarxa","category-xtcd","tag-ordinadors"],"post_mailing_queue_ids":[],"_links":{"self":[{"href":"https:\/\/projectes.xtec.cat\/digital\/wp-json\/wp\/v2\/posts\/33505","targetHints":{"allow":["GET"]}}],"collection":[{"href":"https:\/\/projectes.xtec.cat\/digital\/wp-json\/wp\/v2\/posts"}],"about":[{"href":"https:\/\/projectes.xtec.cat\/digital\/wp-json\/wp\/v2\/types\/post"}],"author":[{"embeddable":true,"href":"https:\/\/projectes.xtec.cat\/digital\/wp-json\/wp\/v2\/users\/1"}],"replies":[{"embeddable":true,"href":"https:\/\/projectes.xtec.cat\/digital\/wp-json\/wp\/v2\/comments?post=33505"}],"version-history":[{"count":2,"href":"https:\/\/projectes.xtec.cat\/digital\/wp-json\/wp\/v2\/posts\/33505\/revisions"}],"predecessor-version":[{"id":33507,"href":"https:\/\/projectes.xtec.cat\/digital\/wp-json\/wp\/v2\/posts\/33505\/revisions\/33507"}],"wp:featuredmedia":[{"embeddable":true,"href":"https:\/\/projectes.xtec.cat\/digital\/wp-json\/wp\/v2\/media\/21805"}],"wp:attachment":[{"href":"https:\/\/projectes.xtec.cat\/digital\/wp-json\/wp\/v2\/media?parent=33505"}],"wp:term":[{"taxonomy":"category","embeddable":true,"href":"https:\/\/projectes.xtec.cat\/digital\/wp-json\/wp\/v2\/categories?post=33505"},{"taxonomy":"post_tag","embeddable":true,"href":"https:\/\/projectes.xtec.cat\/digital\/wp-json\/wp\/v2\/tags?post=33505"}],"curies":[{"name":"wp","href":"https:\/\/api.w.org\/{rel}","templated":true}]}}