{"id":36425,"date":"2025-06-02T09:47:26","date_gmt":"2025-06-02T07:47:26","guid":{"rendered":"https:\/\/projectes.xtec.cat\/digital\/?p=36425"},"modified":"2025-06-02T14:17:54","modified_gmt":"2025-06-02T12:17:54","slug":"la-iii-jornada-canal-de-reporters-transforma-sis-universitats-catalanes-en-espais-de-periodisme-cientific-escolar","status":"publish","type":"post","link":"https:\/\/projectes.xtec.cat\/digital\/general\/la-iii-jornada-canal-de-reporters-transforma-sis-universitats-catalanes-en-espais-de-periodisme-cientific-escolar\/","title":{"rendered":"La III Jornada Canal de Reporters transforma sis universitats catalanes en espais de periodisme cient\u00edfic escolar"},"content":{"rendered":"\n<p>El passat 9 de maig, m\u00e9s de 780 alumnes de prim\u00e0ria i secund\u00e0ria de 20 centres educatius d\u2019arreu de Catalunya van participar en la <strong>III Jornada Canal de Reporters<\/strong>, una trobada d\u2019educaci\u00f3 medi\u00e0tica que va convertir sis universitats catalanes en escenaris de treball period\u00edstic escolar. L\u2019activitat, emmarcada en el projecte <em>Canal de Reporters<\/em>, va oferir a l\u2019alumnat una experi\u00e8ncia immersiva en el m\u00f3n del <strong>periodisme cient\u00edfic<\/strong>, tot promovent el <strong>pensament cr\u00edtic<\/strong>, la <strong>reflexi\u00f3 col\u00b7lectiva<\/strong> i el <strong>di\u00e0leg amb el coneixement cient\u00edfic<\/strong>.<\/p>\n\n\n\n<p>Enguany, la jornada es va centrar en la divulgaci\u00f3 cient\u00edfica com a eina per apropar la ci\u00e8ncia a la ciutadania, i es va afegir a la commemoraci\u00f3 del <strong>2025 com a Any Internacional de la Ci\u00e8ncia i la Tecnologia Qu\u00e0ntica<\/strong>, declarat per la <a href=\"https:\/\/quantum2025.org\/es\/\">UNESCO<\/a>. En aquest marc, els infants i joves participants van assumir el rol de <strong>periodistes cient\u00edfics<\/strong>, treballant en la recerca i divulgaci\u00f3 de les biografies de <strong>30 dones referents en la hist\u00f2ria de la ci\u00e8ncia<\/strong>, amb l\u2019objectiu de visibilitzar-ne el llegat i contribuir a una mirada cr\u00edtica i equitativa de la hist\u00f2ria del coneixement.<\/p>\n\n\n\n<p>Durant la jornada, l\u2019alumnat va poder visitar espais d\u2019aprenentatge universitaris \u2014aules, laboratoris i plat\u00f3s de comunicaci\u00f3\u2014, convertint-se en reporters i reporteres per un dia. Acompanyats del professorat, van elaborar peces informatives en diversos formats, experimentant en primera persona com es genera, contrasta i difon la informaci\u00f3 cient\u00edfica als mitjans de comunicaci\u00f3.<\/p>\n\n\n\n<p>Les sis universitats que van acollir la III Jornada Canal de Reporters van ser la <strong>Universitat Aut\u00f2noma de Barcelona<\/strong>, la <strong>Universitat de Girona<\/strong>, la <strong>Universitat de Lleida<\/strong>, la <strong>Universitat de Vic<\/strong>, el <strong>TecnoCampus<\/strong> i la <strong>Universitat Rovira i Virgili<\/strong>. Les universitats participants van acollir aquesta proposta amb entusiasme, facilitant recursos i entorns professionals que van enriquir l\u2019experi\u00e8ncia de l\u2019alumnat. La trobada va fer valdre la import\u00e0ncia d\u2019oferir <strong>aprenentatges experiencials<\/strong>, i va esdevenir una jornada de <strong>connexi\u00f3 entre el m\u00f3n educatiu i l\u2019univers acad\u00e8mic i cient\u00edfic<\/strong>, amb una mirada inclusiva i transformadora.<\/p>\n\n\n\n<p>La III Jornada Canal de Reporters ha consolidat una proposta educativa que connecta els centres de prim\u00e0ria i secund\u00e0ria amb els espais d\u2019aprenentatge universitaris, tot fomentant la col\u00b7laboraci\u00f3 entre comunitats educatives i institucions d\u2019educaci\u00f3 superior. El treball conjunt entre l\u2019alumnat, el professorat i les universitats ha perm\u00e8s generar una experi\u00e8ncia significativa al voltant del periodisme cient\u00edfic, posant en valor la import\u00e0ncia de <strong>l\u2019educaci\u00f3 medi\u00e0tica<\/strong> i la divulgaci\u00f3 de la ci\u00e8ncia, i refor\u00e7ant, alhora, la <strong>mirada cr\u00edtica<\/strong> i el comprom\u00eds amb la <strong>igualtat de g\u00e8nere<\/strong> en l\u2019\u00e0mbit cient\u00edfic.<\/p>\n\n\n\n<p>M\u00e9s informaci\u00f3 a <a href=\"https:\/\/projectes.xtec.cat\/canaldereporters\/iii-jornada-cr\/\">https:\/\/projectes.xtec.cat\/canaldereporters\/iii-jornada-cr\/<\/a>&nbsp;<\/p>\n","protected":false},"excerpt":{"rendered":"<p>El passat 9 de maig, m\u00e9s de 780 alumnes de prim\u00e0ria i secund\u00e0ria de 20 centres educatius d\u2019arreu de Catalunya van participar en la III Jornada Canal de Reporters, una trobada d\u2019educaci\u00f3 medi\u00e0tica que va convertir sis universitats catalanes en escenaris de treball period\u00edstic escolar. L\u2019activitat va oferir a l\u2019alumnat una experi\u00e8ncia immersiva en el m\u00f3n del periodisme cient\u00edfic, tot promovent el pensament cr\u00edtic, la reflexi\u00f3 col\u00b7lectiva i el di\u00e0leg amb el coneixement cient\u00edfic.<\/p>\n","protected":false},"author":2,"featured_media":36440,"comment_status":"closed","ping_status":"open","sticky":false,"template":"","format":"standard","meta":{"site-sidebar-layout":"default","site-content-layout":"","ast-site-content-layout":"default","site-content-style":"default","site-sidebar-style":"default","ast-global-header-display":"","ast-banner-title-visibility":"","ast-main-header-display":"","ast-hfb-above-header-display":"","ast-hfb-below-header-display":"","ast-hfb-mobile-header-display":"","site-post-title":"","ast-breadcrumbs-content":"","ast-featured-img":"","footer-sml-layout":"","theme-transparent-header-meta":"","adv-header-id-meta":"","stick-header-meta":"","header-above-stick-meta":"","header-main-stick-meta":"","header-below-stick-meta":"","astra-migrate-meta-layouts":"set","ast-page-background-enabled":"default","ast-page-background-meta":{"desktop":{"background-color":"var(--ast-global-color-4)","background-image":"","background-repeat":"repeat","background-position":"center center","background-size":"auto","background-attachment":"scroll","background-type":"","background-media":"","overlay-type":"","overlay-color":"","overlay-opacity":"","overlay-gradient":""},"tablet":{"background-color":"","background-image":"","background-repeat":"repeat","background-position":"center center","background-size":"auto","background-attachment":"scroll","background-type":"","background-media":"","overlay-type":"","overlay-color":"","overlay-opacity":"","overlay-gradient":""},"mobile":{"background-color":"","background-image":"","background-repeat":"repeat","background-position":"center center","background-size":"auto","background-attachment":"scroll","background-type":"","background-media":"","overlay-type":"","overlay-color":"","overlay-opacity":"","overlay-gradient":""}},"ast-content-background-meta":{"desktop":{"background-color":"var(--ast-global-color-5)","background-image":"","background-repeat":"repeat","background-position":"center center","background-size":"auto","background-attachment":"scroll","background-type":"","background-media":"","overlay-type":"","overlay-color":"","overlay-opacity":"","overlay-gradient":""},"tablet":{"background-color":"var(--ast-global-color-5)","background-image":"","background-repeat":"repeat","background-position":"center center","background-size":"auto","background-attachment":"scroll","background-type":"","background-media":"","overlay-type":"","overlay-color":"","overlay-opacity":"","overlay-gradient":""},"mobile":{"background-color":"var(--ast-global-color-5)","background-image":"","background-repeat":"repeat","background-position":"center center","background-size":"auto","background-attachment":"scroll","background-type":"","background-media":"","overlay-type":"","overlay-color":"","overlay-opacity":"","overlay-gradient":""}},"footnotes":""},"categories":[691,1,29],"tags":[526,461,746],"class_list":["post-36425","post","type-post","status-publish","format-standard","has-post-thumbnail","hentry","category-canal-de-reporters","category-general","category-portada","tag-canal-de-reporters","tag-jornada","tag-periodisme"],"post_mailing_queue_ids":[],"_links":{"self":[{"href":"https:\/\/projectes.xtec.cat\/digital\/wp-json\/wp\/v2\/posts\/36425","targetHints":{"allow":["GET"]}}],"collection":[{"href":"https:\/\/projectes.xtec.cat\/digital\/wp-json\/wp\/v2\/posts"}],"about":[{"href":"https:\/\/projectes.xtec.cat\/digital\/wp-json\/wp\/v2\/types\/post"}],"author":[{"embeddable":true,"href":"https:\/\/projectes.xtec.cat\/digital\/wp-json\/wp\/v2\/users\/2"}],"replies":[{"embeddable":true,"href":"https:\/\/projectes.xtec.cat\/digital\/wp-json\/wp\/v2\/comments?post=36425"}],"version-history":[{"count":1,"href":"https:\/\/projectes.xtec.cat\/digital\/wp-json\/wp\/v2\/posts\/36425\/revisions"}],"predecessor-version":[{"id":36426,"href":"https:\/\/projectes.xtec.cat\/digital\/wp-json\/wp\/v2\/posts\/36425\/revisions\/36426"}],"wp:featuredmedia":[{"embeddable":true,"href":"https:\/\/projectes.xtec.cat\/digital\/wp-json\/wp\/v2\/media\/36440"}],"wp:attachment":[{"href":"https:\/\/projectes.xtec.cat\/digital\/wp-json\/wp\/v2\/media?parent=36425"}],"wp:term":[{"taxonomy":"category","embeddable":true,"href":"https:\/\/projectes.xtec.cat\/digital\/wp-json\/wp\/v2\/categories?post=36425"},{"taxonomy":"post_tag","embeddable":true,"href":"https:\/\/projectes.xtec.cat\/digital\/wp-json\/wp\/v2\/tags?post=36425"}],"curies":[{"name":"wp","href":"https:\/\/api.w.org\/{rel}","templated":true}]}}