{"id":36587,"date":"2025-06-16T16:14:43","date_gmt":"2025-06-16T14:14:43","guid":{"rendered":"https:\/\/projectes.xtec.cat\/digital\/?p=36587"},"modified":"2025-06-16T16:19:01","modified_gmt":"2025-06-16T14:19:01","slug":"el-departament-elimina-lus-del-mobil-a-tota-letapa-obligatoria","status":"publish","type":"post","link":"https:\/\/projectes.xtec.cat\/digital\/noticies\/portada\/el-departament-elimina-lus-del-mobil-a-tota-letapa-obligatoria\/","title":{"rendered":"El Departament elimina l&#8217;\u00fas del m\u00f2bil a tota l&#8217;etapa obligat\u00f2ria"},"content":{"rendered":"\n<p>Aquest setembre, els dispositius m\u00f2bils no estaran permesos a tota l\u2019etapa obligat\u00f2ria, ni a les aules ni a la resta d\u2019espais dels centres, incloent-hi els usos pedag\u00f2gics. Aquesta \u00e9s una de les principals mesures que posa en marxa el Departament d&#8217;Educaci\u00f3 i Formaci\u00f3 Professional per al curs 2025-2026, i que s\u2019emmarca en el Pla de digitalitzaci\u00f3 responsable.<\/p>\n\n\n\n<p>Altres mesures que s&#8217;adoptaran s\u00f3n:<\/p>\n\n\n\n<ol class=\"wp-block-list\">\n<li>Continuar dotant de port\u00e0tils a l&#8217;alumnat de 6\u00e8 de prim\u00e0ria i a tot\u00a0l&#8217;alumnat d&#8217;ESO.<\/li>\n\n\n\n<li>Incloure en la dotaci\u00f3 els port\u00e0tils per l\u2019alumnat d\u2019FP B\u00e0sica.<\/li>\n\n\n\n<li>Creaci\u00f3 d&#8217;un\u00a0repositori de bones pr\u00e0ctiques per totes les etapes, a l\u2019abast del professorat.<\/li>\n\n\n\n<li>Incloure la formaci\u00f3 en intel\u00b7lig\u00e8ncia artificial per alumnat i docents, incloent-hi\u00a0les seves limitacions i riscos.<\/li>\n\n\n\n<li>Elaboraci\u00f3 de la guia &#8220;Educaci\u00f3 i Digitalitzaci\u00f3: Guia per l&#8217;acompanyament familiar&#8221;.<\/li>\n\n\n\n<li>Es recomanar\u00e0 als centres que a les reunions d&#8217;inici de curs informin les fam\u00edlies sobre la import\u00e0ncia d\u2019acompanyar en l&#8217;\u00fas de les tecnologies.<\/li>\n\n\n\n<li>Intensificar al curr\u00edculum la detecci\u00f3 i an\u00e0lisi de not\u00edcies falses, en el marc de la capacitat de l&#8217;esperit cr\u00edtic.<\/li>\n\n\n\n<li>Formaci\u00f3 orientada a l&#8217;\u00fas pedag\u00f2gic de la digitalitzaci\u00f3, m\u00e9s enll\u00e0 de la capacitaci\u00f3 digital.<\/li>\n\n\n\n<li>Cercar una plataforma tecnol\u00f2gica que compleixi les necessitats dels centres i alhora garanteixi la seguretat de les dades.<\/li>\n<\/ol>\n\n\n\n<div class=\"wp-block-buttons is-content-justification-center is-layout-flex wp-container-core-buttons-is-layout-1 wp-block-buttons-is-layout-flex\">\n<div class=\"wp-block-button\"><a class=\"wp-block-button__link wp-element-button\" href=\"https:\/\/govern.cat\/salapremsa\/notes-premsa\/717102\/departament-deducacio-fp-elimina-lus-del-mobil-tota-letapa-obligatoria\">M\u00e9s informaci\u00f3<\/a><\/div>\n<\/div>\n","protected":false},"excerpt":{"rendered":"<p>16.06.25 | Aquest setembre, els dispositius m\u00f2bils no estaran permesos a tota l\u2019etapa obligat\u00f2ria, ni a les aules ni a la resta d\u2019espais dels centres, incloent-hi els usos pedag\u00f2gics. Aquesta \u00e9s una de les principals mesures que posa en marxa el Departament d&#8217;Educaci\u00f3 i Formaci\u00f3 Professional per al curs 2025-2026, i que s\u2019emmarca en el Pla de digitalitzaci\u00f3 responsable.<\/p>\n","protected":false},"author":2,"featured_media":36588,"comment_status":"closed","ping_status":"open","sticky":false,"template":"","format":"standard","meta":{"site-sidebar-layout":"default","site-content-layout":"","ast-site-content-layout":"default","site-content-style":"default","site-sidebar-style":"default","ast-global-header-display":"","ast-banner-title-visibility":"","ast-main-header-display":"","ast-hfb-above-header-display":"","ast-hfb-below-header-display":"","ast-hfb-mobile-header-display":"","site-post-title":"","ast-breadcrumbs-content":"","ast-featured-img":"","footer-sml-layout":"","theme-transparent-header-meta":"","adv-header-id-meta":"","stick-header-meta":"","header-above-stick-meta":"","header-main-stick-meta":"","header-below-stick-meta":"","astra-migrate-meta-layouts":"set","ast-page-background-enabled":"default","ast-page-background-meta":{"desktop":{"background-color":"var(--ast-global-color-4)","background-image":"","background-repeat":"repeat","background-position":"center center","background-size":"auto","background-attachment":"scroll","background-type":"","background-media":"","overlay-type":"","overlay-color":"","overlay-opacity":"","overlay-gradient":""},"tablet":{"background-color":"","background-image":"","background-repeat":"repeat","background-position":"center center","background-size":"auto","background-attachment":"scroll","background-type":"","background-media":"","overlay-type":"","overlay-color":"","overlay-opacity":"","overlay-gradient":""},"mobile":{"background-color":"","background-image":"","background-repeat":"repeat","background-position":"center center","background-size":"auto","background-attachment":"scroll","background-type":"","background-media":"","overlay-type":"","overlay-color":"","overlay-opacity":"","overlay-gradient":""}},"ast-content-background-meta":{"desktop":{"background-color":"var(--ast-global-color-5)","background-image":"","background-repeat":"repeat","background-position":"center center","background-size":"auto","background-attachment":"scroll","background-type":"","background-media":"","overlay-type":"","overlay-color":"","overlay-opacity":"","overlay-gradient":""},"tablet":{"background-color":"var(--ast-global-color-5)","background-image":"","background-repeat":"repeat","background-position":"center center","background-size":"auto","background-attachment":"scroll","background-type":"","background-media":"","overlay-type":"","overlay-color":"","overlay-opacity":"","overlay-gradient":""},"mobile":{"background-color":"var(--ast-global-color-5)","background-image":"","background-repeat":"repeat","background-position":"center center","background-size":"auto","background-attachment":"scroll","background-type":"","background-media":"","overlay-type":"","overlay-color":"","overlay-opacity":"","overlay-gradient":""}},"footnotes":""},"categories":[454,29],"tags":[],"class_list":["post-36587","post","type-post","status-publish","format-standard","has-post-thumbnail","hentry","category-noticies","category-portada"],"post_mailing_queue_ids":[],"_links":{"self":[{"href":"https:\/\/projectes.xtec.cat\/digital\/wp-json\/wp\/v2\/posts\/36587","targetHints":{"allow":["GET"]}}],"collection":[{"href":"https:\/\/projectes.xtec.cat\/digital\/wp-json\/wp\/v2\/posts"}],"about":[{"href":"https:\/\/projectes.xtec.cat\/digital\/wp-json\/wp\/v2\/types\/post"}],"author":[{"embeddable":true,"href":"https:\/\/projectes.xtec.cat\/digital\/wp-json\/wp\/v2\/users\/2"}],"replies":[{"embeddable":true,"href":"https:\/\/projectes.xtec.cat\/digital\/wp-json\/wp\/v2\/comments?post=36587"}],"version-history":[{"count":2,"href":"https:\/\/projectes.xtec.cat\/digital\/wp-json\/wp\/v2\/posts\/36587\/revisions"}],"predecessor-version":[{"id":36590,"href":"https:\/\/projectes.xtec.cat\/digital\/wp-json\/wp\/v2\/posts\/36587\/revisions\/36590"}],"wp:featuredmedia":[{"embeddable":true,"href":"https:\/\/projectes.xtec.cat\/digital\/wp-json\/wp\/v2\/media\/36588"}],"wp:attachment":[{"href":"https:\/\/projectes.xtec.cat\/digital\/wp-json\/wp\/v2\/media?parent=36587"}],"wp:term":[{"taxonomy":"category","embeddable":true,"href":"https:\/\/projectes.xtec.cat\/digital\/wp-json\/wp\/v2\/categories?post=36587"},{"taxonomy":"post_tag","embeddable":true,"href":"https:\/\/projectes.xtec.cat\/digital\/wp-json\/wp\/v2\/tags?post=36587"}],"curies":[{"name":"wp","href":"https:\/\/api.w.org\/{rel}","templated":true}]}}