{"id":10046,"date":"2026-01-21T09:52:45","date_gmt":"2026-01-21T08:52:45","guid":{"rendered":"https:\/\/projectes.xtec.cat\/educacio-literaria\/?p=10046"},"modified":"2026-01-21T09:54:14","modified_gmt":"2026-01-21T08:54:14","slug":"places-disponibles-al-curs-presencial-creacio-literaria-orientacions-didactiques","status":"publish","type":"post","link":"https:\/\/projectes.xtec.cat\/educacio-literaria\/general\/places-disponibles-al-curs-presencial-creacio-literaria-orientacions-didactiques\/","title":{"rendered":"Places disponibles al curs presencial &#8220;Creaci\u00f3 liter\u00e0ria: orientacions did\u00e0ctiques&#8221;"},"content":{"rendered":"\n<p style=\"text-align: justify;\"><a href=\"https:\/\/projectes.xtec.cat\/educacio-literaria\/wp-content\/uploads\/usu2578\/2025\/09\/ice.jpg\"><img loading=\"lazy\" decoding=\"async\" class=\" wp-image-9881 alignleft\" src=\"https:\/\/projectes.xtec.cat\/educacio-literaria\/wp-content\/uploads\/usu2578\/2025\/09\/ice.jpg\" alt=\"\" width=\"331\" height=\"315\" srcset=\"https:\/\/projectes.xtec.cat\/educacio-literaria\/wp-content\/uploads\/usu2578\/2025\/09\/ice.jpg 521w, https:\/\/projectes.xtec.cat\/educacio-literaria\/wp-content\/uploads\/usu2578\/2025\/09\/ice-300x286.jpg 300w\" sizes=\"auto, (max-width: 331px) 100vw, 331px\" \/><\/a>Aquesta formaci\u00f3 presencial, organitzada per l&#8217;equip ICE de la Universitat de Lleida, certifica 25 hores de formaci\u00f3 (18 hores presencials; 7 hores de treball personal) i t\u00e9 com a objectiu oferir t\u00e8cniques per a millorar textos literaris i crear-ne de propis. D\u2019altra banda, es podr\u00e0 dissenyar una SA per implementar-la a l\u2019aula. Els assistents hauran, tamb\u00e9, de comentar almenys un exercici literari d\u2019un company, seguint unes consignes pr\u00e8vies.<\/p>\n<p>Totes les tasques seran revisades i comentades per les formadores, Maite Alarc\u00f3n i Mariana Font.<\/p>\n<p>El calendari previst del curs \u00e9s el seg\u00fcent:<\/p>\n<ul>\n<li>Dissabte 7 de febrer, de 09:30h a 14:00h<\/li>\n<li>Dissabte 14 de febrer de 09:30h a 14:00h<\/li>\n<li>Dissabte 21 de febrer de 09:30h a 14:00h<\/li>\n<li>Dissabte 28 de febrer de 09:30h a 14:00h<\/li>\n<li>Dilluns 16 de mar\u00e7: data l\u00edmit de lliurament de la tasca final.<\/li>\n<li>Divendres 27 de mar\u00e7: data de lliurament de les correccions personalitzades.<\/li>\n<\/ul>\n<p>\u00a0<\/p>\n\n\n\n<p>Consulteu la informaci\u00f3 detallada al<a href=\"https:\/\/www.ice.udl.cat\/ca\/formacio\/Cursos-de-formacio-del-professorat\/#collapse-3f8d3747-d022-11f0-a578-005056845a50-sections-4\"> web de l&#8217;Institut de Ci\u00e8ncies de l&#8217;Educaci\u00f3 de la Universitat de Lleida<\/a>. <a href=\"https:\/\/aplicacions.gestioeducativa.gencat.cat\/ords\/pls\/soloas\/pk_for_mod_ins.p_for_detall_activitat?p_codi=6000440020&amp;p_curs=2025-2026&amp;p_es_inscr=S\">Enlla\u00e7 a la inscripci\u00f3<\/a>.&nbsp;<\/p>\n\n\n","protected":false},"excerpt":{"rendered":"<p><a href=\"https:\/\/projectes.xtec.cat\/educacio-literaria\/wp-content\/uploads\/usu2578\/2025\/09\/ice.jpg\"><\/a>Aquesta formaci\u00f3 presencial, organitzada per l&#8217;equip ICE de la Universitat de Lleida, certifica 25 hores de formaci\u00f3 (18 hores presencials; 7 hores de treball personal) i t\u00e9 com a objectiu oferir t\u00e8cniques per a millorar textos literaris i crear-ne de propis. D\u2019altra banda, es&hellip;  <a href=\"https:\/\/projectes.xtec.cat\/educacio-literaria\/general\/places-disponibles-al-curs-presencial-creacio-literaria-orientacions-didactiques\/\" title=\"Read Places disponibles al curs presencial &#8220;Creaci\u00f3 liter\u00e0ria: orientacions did\u00e0ctiques&#8221;\">Llegeix m\u00e9s\u00bb<\/a><\/p>\n","protected":false},"author":1,"featured_media":10048,"comment_status":"open","ping_status":"open","sticky":false,"template":"","format":"standard","meta":{"_bbp_topic_count":0,"_bbp_reply_count":0,"_bbp_total_topic_count":0,"_bbp_total_reply_count":0,"_bbp_voice_count":0,"_bbp_anonymous_reply_count":0,"_bbp_topic_count_hidden":0,"_bbp_reply_count_hidden":0,"_bbp_forum_subforum_count":0,"footnotes":""},"categories":[154,1,29],"tags":[],"class_list":["post-10046","post","type-post","status-publish","format-standard","has-post-thumbnail","hentry","category-formacio","category-general","category-portada"],"post_mailing_queue_ids":[],"_links":{"self":[{"href":"https:\/\/projectes.xtec.cat\/educacio-literaria\/wp-json\/wp\/v2\/posts\/10046","targetHints":{"allow":["GET"]}}],"collection":[{"href":"https:\/\/projectes.xtec.cat\/educacio-literaria\/wp-json\/wp\/v2\/posts"}],"about":[{"href":"https:\/\/projectes.xtec.cat\/educacio-literaria\/wp-json\/wp\/v2\/types\/post"}],"author":[{"embeddable":true,"href":"https:\/\/projectes.xtec.cat\/educacio-literaria\/wp-json\/wp\/v2\/users\/1"}],"replies":[{"embeddable":true,"href":"https:\/\/projectes.xtec.cat\/educacio-literaria\/wp-json\/wp\/v2\/comments?post=10046"}],"version-history":[{"count":4,"href":"https:\/\/projectes.xtec.cat\/educacio-literaria\/wp-json\/wp\/v2\/posts\/10046\/revisions"}],"predecessor-version":[{"id":10051,"href":"https:\/\/projectes.xtec.cat\/educacio-literaria\/wp-json\/wp\/v2\/posts\/10046\/revisions\/10051"}],"wp:featuredmedia":[{"embeddable":true,"href":"https:\/\/projectes.xtec.cat\/educacio-literaria\/wp-json\/wp\/v2\/media\/10048"}],"wp:attachment":[{"href":"https:\/\/projectes.xtec.cat\/educacio-literaria\/wp-json\/wp\/v2\/media?parent=10046"}],"wp:term":[{"taxonomy":"category","embeddable":true,"href":"https:\/\/projectes.xtec.cat\/educacio-literaria\/wp-json\/wp\/v2\/categories?post=10046"},{"taxonomy":"post_tag","embeddable":true,"href":"https:\/\/projectes.xtec.cat\/educacio-literaria\/wp-json\/wp\/v2\/tags?post=10046"}],"curies":[{"name":"wp","href":"https:\/\/api.w.org\/{rel}","templated":true}]}}