{"id":10055,"date":"2026-01-27T13:18:26","date_gmt":"2026-01-27T12:18:26","guid":{"rendered":"https:\/\/projectes.xtec.cat\/educacio-literaria\/?p=10055"},"modified":"2026-02-11T08:45:09","modified_gmt":"2026-02-11T07:45:09","slug":"commemoracions-2026","status":"publish","type":"post","link":"https:\/\/projectes.xtec.cat\/educacio-literaria\/general\/commemoracions-2026\/","title":{"rendered":"Commemoracions 2026"},"content":{"rendered":"\n<p>\u00a0<\/p>\n<p><img decoding=\"async\" class=\"alignright\" src=\"https:\/\/ducros.cat\/corpus\/media\/images\/0.836000001159208081.gif\" alt=\"Poemas \/ Clementina Arderiu | Biblioteca Virtual Miguel de Cervantes\" \/>Al llarg del 2026 se celebren un seguit de commemoracions per recordar la figura de personalitats destacades del m\u00f3n cultural, pol\u00edtic i social catal\u00e0. El Govern de la Generalitat de Catalunya ha fet p\u00fablica aquesta llista de <a href=\"https:\/\/web.gencat.cat\/ca\/generalitat\/accio-govern\/commemoracions\">Commemoracions<\/a>, que podeu consultar.\u00a0<\/p>\n<p>Entre aquestes efem\u00e8rides, volem subratllar les que estan m\u00e9s estretament relacionades amb l\u2019\u00e0mbit docent i literari. El 2026 commemorem:<\/p>\n<p>a) els cinquanta anys de la mort de la poeta <strong>Clementina Arderiu<\/strong> i Voltas.<\/p>\n<p>b) els cent anys de la mort de <strong>Narcisa Freixas<\/strong> i Cruells, pedagoga musical i compositora, fonamentalment de can\u00e7ons infantils.<\/p>\n<p>c) els cent anys del naixement de <strong>Marta Mata<\/strong> i Garriga, pedagoga i pol\u00edtica.<\/p>\n<p>d) els cent anys del naixement de <strong>Josep Maria Castellet<\/strong> i D\u00edaz de Coss\u00edo, escriptor, cr\u00edtic literari i editor.<\/p>\n<p>e) els cent anys del naixement de <strong>Blai Bonet<\/strong> i Rigo, poeta i novel\u00b7lista.<\/p>\n<p>f) els cent cinquanta anys del naixement d\u2019<strong>\u00c0ngela Graupera<\/strong> i Gil, escriptora i infermera.<\/p>\n<p>Us afegim l&#8217;enlla\u00e7 al <a href=\"https:\/\/govern.cat\/govern\/docs\/2026\/02\/09\/10\/56\/Commemoracions-Liter%C3%A0ries-2026-Digital.pdf\">dossier<\/a> de premsa que ha facilitat la ILC i el Departament de Cultura en la presentaci\u00f3 de les commemoracions liter\u00e0ries, on trobareu informaci\u00f3 sobre la biografia dels autors i les activitats que s&#8217;han organitzat al llarg de 2026.\u00a0<\/p>\n<p>A m\u00e9s a m\u00e9s de les efem\u00e8rides anteriors, tamb\u00e9 cal recordar que el 2026 tamb\u00e9 \u00e9s un any significatiu per rememorar els set-cents cinquanta anys de la mort de <strong>Jaume I<\/strong> (1208-1276), monarca autor de la cr\u00f2nica <em>El llibre dels feits, <\/em>el cent anys de la mort del poeta <strong>Joan Alcover<\/strong> (1854-1926) i\u00a0el naixement de l&#8217;escriptor i traductor <strong>Ramon Folch i Camarasa<\/strong> (1926-2019), entre d&#8217;altres.\u00a0<\/p>\n<p><a href=\"https:\/\/projectes.xtec.cat\/educacio-literaria\/wp-content\/uploads\/usu2578\/2026\/01\/Bonet.jpg\"><img loading=\"lazy\" decoding=\"async\" class=\" wp-image-10063 alignleft\" src=\"https:\/\/projectes.xtec.cat\/educacio-literaria\/wp-content\/uploads\/usu2578\/2026\/01\/Bonet.jpg\" alt=\"\" width=\"193\" height=\"301\" srcset=\"https:\/\/projectes.xtec.cat\/educacio-literaria\/wp-content\/uploads\/usu2578\/2026\/01\/Bonet.jpg 330w, https:\/\/projectes.xtec.cat\/educacio-literaria\/wp-content\/uploads\/usu2578\/2026\/01\/Bonet-192x300.jpg 192w\" sizes=\"auto, (max-width: 193px) 100vw, 193px\" \/><\/a>Des d\u2019Educaci\u00f3 Liter\u00e0ria oferirem dues jornades d&#8217;autors patrimonials matinals, dedicades a <strong>Clementina Arderiu<\/strong> (dissabte 11 d\u2019abril de 2026) i a <strong>Blai Bonet<\/strong> (dissabte 26 de setembre de 2026).<\/p>\n<p>Us convidem a inscriure-us a aquestes activitats i a treballar-los a l&#8217;aula:\u00a0\u00a0<\/p>\n<p>Blai Bonet: <a href=\"https:\/\/aplicacions.gestioeducativa.gencat.cat\/ords\/pls\/soloas\/pk_for_mod_ins.p_for_pre_cons_activitats?p_totes=N&amp;p_paginar=N&amp;p_codi=9001640555,9001920555\">Detall d&#8217;activitat<\/a>\u00a0<\/p>\n<p>Clementina Arderiu: <a href=\"https:\/\/aplicacions.gestioeducativa.gencat.cat\/ords\/pls\/soloas\/pk_for_mod_ins.p_for_detall_activitat?p_header=Llista%20d%27activitats%5epk_for_mod_ins.p_for_cons_activitats?p_tipus_act=LITU,CLIT,CLIP,LITC,GLI1,GLI2,GLM1,GLM2,GLS1,GLS2,GLE1,GLE2,GLE3,GLE4,GLBT,LCCC,FAP1,CLP1,CLAS,CLAP,FAP2,FAP3,CLTT,PLIC,CLP3,LEI,ELI,ALP,ALP1,ELP,CLP2,CLP5,CLP4,CLP6,CLEJ,LIMC,FLIT,GLSR,GLSC,FAP4%26p_totes=N%26p_inici=1%26p_excloure_crp_rec=T&amp;p_codi=9001680555&amp;p_curs=2025-2026&amp;p_excloure_crp_rec=T\">Detall d&#8217;activitat<\/a>\u00a0<\/p>\n<p>Si voleu donar-nos a con\u00e8ixer les vostres pr\u00e0ctiques docents d&#8217;aquests dos autors, escriviu-nos a competencialiteraria@xtec.cat<\/p>\n<p>\u00a0<\/p>\n","protected":false},"excerpt":{"rendered":"<p>\u00a0<br \/>\nAl llarg del 2026 se celebren un seguit de commemoracions per recordar la figura de personalitats destacades del m\u00f3n cultural, pol\u00edtic i social catal\u00e0. El Govern de la Generalitat de Catalunya ha fet p\u00fablica aquesta llista de <a href=\"https:\/\/web.gencat.cat\/ca\/generalitat\/accio-govern\/commemoracions\">Commemoracions<\/a>, que podeu consultar.\u00a0<br \/>\nEntre aquestes efem\u00e8rides, volem&hellip;  <a href=\"https:\/\/projectes.xtec.cat\/educacio-literaria\/general\/commemoracions-2026\/\" title=\"Read Commemoracions 2026\">Llegeix m\u00e9s\u00bb<\/a><\/p>\n","protected":false},"author":1,"featured_media":10068,"comment_status":"open","ping_status":"open","sticky":false,"template":"","format":"standard","meta":{"_bbp_topic_count":0,"_bbp_reply_count":0,"_bbp_total_topic_count":0,"_bbp_total_reply_count":0,"_bbp_voice_count":0,"_bbp_anonymous_reply_count":0,"_bbp_topic_count_hidden":0,"_bbp_reply_count_hidden":0,"_bbp_forum_subforum_count":0,"footnotes":""},"categories":[294,293,154,1,29],"tags":[682,681],"class_list":["post-10055","post","type-post","status-publish","format-standard","has-post-thumbnail","hentry","category-batxillerat","category-eso","category-formacio","category-general","category-portada","tag-arderiu","tag-bonet"],"post_mailing_queue_ids":[],"_links":{"self":[{"href":"https:\/\/projectes.xtec.cat\/educacio-literaria\/wp-json\/wp\/v2\/posts\/10055","targetHints":{"allow":["GET"]}}],"collection":[{"href":"https:\/\/projectes.xtec.cat\/educacio-literaria\/wp-json\/wp\/v2\/posts"}],"about":[{"href":"https:\/\/projectes.xtec.cat\/educacio-literaria\/wp-json\/wp\/v2\/types\/post"}],"author":[{"embeddable":true,"href":"https:\/\/projectes.xtec.cat\/educacio-literaria\/wp-json\/wp\/v2\/users\/1"}],"replies":[{"embeddable":true,"href":"https:\/\/projectes.xtec.cat\/educacio-literaria\/wp-json\/wp\/v2\/comments?post=10055"}],"version-history":[{"count":6,"href":"https:\/\/projectes.xtec.cat\/educacio-literaria\/wp-json\/wp\/v2\/posts\/10055\/revisions"}],"predecessor-version":[{"id":10159,"href":"https:\/\/projectes.xtec.cat\/educacio-literaria\/wp-json\/wp\/v2\/posts\/10055\/revisions\/10159"}],"wp:featuredmedia":[{"embeddable":true,"href":"https:\/\/projectes.xtec.cat\/educacio-literaria\/wp-json\/wp\/v2\/media\/10068"}],"wp:attachment":[{"href":"https:\/\/projectes.xtec.cat\/educacio-literaria\/wp-json\/wp\/v2\/media?parent=10055"}],"wp:term":[{"taxonomy":"category","embeddable":true,"href":"https:\/\/projectes.xtec.cat\/educacio-literaria\/wp-json\/wp\/v2\/categories?post=10055"},{"taxonomy":"post_tag","embeddable":true,"href":"https:\/\/projectes.xtec.cat\/educacio-literaria\/wp-json\/wp\/v2\/tags?post=10055"}],"curies":[{"name":"wp","href":"https:\/\/api.w.org\/{rel}","templated":true}]}}