{"id":10085,"date":"2026-01-30T08:39:43","date_gmt":"2026-01-30T07:39:43","guid":{"rendered":"https:\/\/projectes.xtec.cat\/educacio-literaria\/?p=10085"},"modified":"2026-01-30T08:40:18","modified_gmt":"2026-01-30T07:40:18","slug":"club-lectura-taller-del-cpq-aterrem-la-literatura-a-les-aules","status":"publish","type":"post","link":"https:\/\/projectes.xtec.cat\/educacio-literaria\/portada\/club-lectura-taller-del-cpq-aterrem-la-literatura-a-les-aules\/","title":{"rendered":"Club Lectura-Taller del CPQ: Aterrem la literatura a les aules"},"content":{"rendered":"\n<p style=\"text-align: justify;\"><a href=\"https:\/\/projectes.xtec.cat\/educacio-literaria\/wp-content\/uploads\/usu2578\/2026\/01\/CL_CPQ_Aterrem-la-literatura-a-les-aules-1.jpg\"><img loading=\"lazy\" decoding=\"async\" class=\"wp-image-10086 alignleft\" src=\"https:\/\/projectes.xtec.cat\/educacio-literaria\/wp-content\/uploads\/usu2578\/2026\/01\/CL_CPQ_Aterrem-la-literatura-a-les-aules-1-1024x1024.jpg\" alt=\"\" width=\"414\" height=\"414\" srcset=\"https:\/\/projectes.xtec.cat\/educacio-literaria\/wp-content\/uploads\/usu2578\/2026\/01\/CL_CPQ_Aterrem-la-literatura-a-les-aules-1-1024x1024.jpg 1024w, https:\/\/projectes.xtec.cat\/educacio-literaria\/wp-content\/uploads\/usu2578\/2026\/01\/CL_CPQ_Aterrem-la-literatura-a-les-aules-1-300x300.jpg 300w, https:\/\/projectes.xtec.cat\/educacio-literaria\/wp-content\/uploads\/usu2578\/2026\/01\/CL_CPQ_Aterrem-la-literatura-a-les-aules-1-150x150.jpg 150w, https:\/\/projectes.xtec.cat\/educacio-literaria\/wp-content\/uploads\/usu2578\/2026\/01\/CL_CPQ_Aterrem-la-literatura-a-les-aules-1-768x768.jpg 768w, https:\/\/projectes.xtec.cat\/educacio-literaria\/wp-content\/uploads\/usu2578\/2026\/01\/CL_CPQ_Aterrem-la-literatura-a-les-aules-1.jpg 1080w\" sizes=\"auto, (max-width: 414px) 100vw, 414px\" \/><\/a><\/p>\n<p style=\"text-align: justify;\">El <a href=\"https:\/\/collectiuperequart.wordpress.com\/\">Col\u00b7lectiu Pere Quart<\/a> ha organitzat un Club de Lectura-Taller, <strong><em>Aterrem la literatura a les aules<\/em><\/strong>, adre\u00e7at a\u00a0<strong>docents<\/strong>\u00a0<strong>de llengua i literatura catalanes<\/strong>,\u00a0per incentivar la lectura d\u2019obres liter\u00e0ries contempor\u00e0nies a les aules de secund\u00e0ria, especialment a <strong>3r i 4t d\u2019ESO<\/strong>.<\/p>\n<p style=\"text-align: justify;\">\u00a0<u>Descripci\u00f3<\/u>:<\/p>\n<p style=\"text-align: justify;\"><em>Aterrem la literatura a les aules<\/em>\u00a0\u00e9s un\u00a0Club de Lectura-Taller\u00a0en l\u00ednia de <strong>dues hores mensuals<\/strong> en qu\u00e8 s\u2019analitzaran <strong>tres obres<\/strong>\u00a0actuals de la literatura catalana de tres\u00a0<strong>g\u00e8neres<\/strong>\u00a0diferents. Les sessions seran condu\u00efdes per un mediador que introduir\u00e0 a l\u2019obra escollida i presentar\u00e0 activitats per dur a terme a l\u2019aula. Els docents inscrits han d\u2019haver-se llegit les obres abans de la trobada i, al final de cada sessi\u00f3, hi haur\u00e0 un espai per debatre aspectes rellevants de l\u2019obra, dubtes que hagin sorgit i aportar suggeriments i bones pr\u00e0ctiques per compartir amb els altres docents.<\/p>\n<p>\u00a0<\/p>\n<p><u>Organitzaci\u00f3 de les sessions<\/u>:<\/p>\n<table style=\"width: 100%;\">\n<tbody>\n<tr>\n<td style=\"width: 15.8333%;\" width=\"85\">\n<p><strong>Data<\/strong><\/p>\n<\/td>\n<td style=\"width: 20.9524%;\" width=\"113\">\n<p><strong>Lectura<\/strong><\/p>\n<\/td>\n<td style=\"width: 27.7381%;\" width=\"151\">\n<p><strong>Autoria<\/strong><\/p>\n<\/td>\n<td style=\"width: 13.6905%;\" width=\"59\">\n<p><strong>G\u00e8nere<\/strong><\/p>\n<\/td>\n<td style=\"width: 20.5952%;\" width=\"111\">\n<p><strong>Mediador<\/strong><\/p>\n<\/td>\n<\/tr>\n<tr>\n<td style=\"width: 15.8333%;\" width=\"85\">\n<p>23-3-26<\/p>\n<\/td>\n<td style=\"width: 20.9524%;\" width=\"113\">\n<p><em>El futur<\/em><\/p>\n<\/td>\n<td style=\"width: 27.7381%;\" width=\"151\">\n<p>Helena Tornero<\/p>\n<\/td>\n<td style=\"width: 13.6905%;\" width=\"59\">\n<p>Teatre<\/p>\n<\/td>\n<td style=\"width: 20.5952%;\" width=\"111\">\n<p>Jordi P\u00e9rez<\/p>\n<\/td>\n<\/tr>\n<tr>\n<td style=\"width: 15.8333%;\" width=\"85\">\n<p>27-4-26<\/p>\n<\/td>\n<td style=\"width: 20.9524%;\" width=\"113\">\n<p><em>La drecera<\/em><\/p>\n<\/td>\n<td style=\"width: 27.7381%;\" width=\"151\">\n<p>Miquel Mart\u00edn i Serra<\/p>\n<\/td>\n<td style=\"width: 13.6905%;\" width=\"59\">\n<p>Narrativa<\/p>\n<\/td>\n<td style=\"width: 20.5952%;\" width=\"111\">\n<p>Jordi P\u00e9rez<\/p>\n<\/td>\n<\/tr>\n<tr>\n<td style=\"width: 15.8333%;\" width=\"85\">\n<p>25-5-26<\/p>\n<\/td>\n<td style=\"width: 20.9524%;\" width=\"113\">\n<p><em>Nit ov\u00edpara<\/em><\/p>\n<\/td>\n<td style=\"width: 27.7381%;\" width=\"151\">\n<p>Maria Sevilla<\/p>\n<\/td>\n<td style=\"width: 13.6905%;\" width=\"59\">\n<p>Poesia<\/p>\n<\/td>\n<td style=\"width: 20.5952%;\" width=\"111\">\n<p>Maria Sevilla<\/p>\n<\/td>\n<\/tr>\n<\/tbody>\n<\/table>\n<p>\u00a0<\/p>\n<p>Horari: de 17 h a 19 h.\u00a0<\/p>\n<p><u>Enlla\u00e7 inscripci\u00f3<\/u>\u00a0<a href=\"https:\/\/forms.gle\/r8xDu8kWue2iC7hj6\">CL-Taller: Aterrem la literatura a les aules<\/a><\/p>\n<p>Data l\u00edmit per a les inscripcions: 8 de mar\u00e7 de 2026<\/p>\n<p><u>Preu<\/u>: gratu\u00eft<\/p>\n<p><u>Certificaci\u00f3<\/u>: 15h de formaci\u00f3 Departament d&#8217;Educaci\u00f3 (pendent d&#8217;aprovaci\u00f3).<\/p>\n<p>Per certificar la formaci\u00f3 cal assistir al 80% de les sessions i emplenar un formulari de valoraci\u00f3 final.<\/p>\n<p>Per a m\u00e9s informaci\u00f3 podeu adre\u00e7ar-vos a: collectiuperequart@gmail.com<\/p>\n<p>\u00a0<\/p>\n<p>\u00a0<\/p>\n","protected":false},"excerpt":{"rendered":"<p><a href=\"https:\/\/projectes.xtec.cat\/educacio-literaria\/wp-content\/uploads\/usu2578\/2026\/01\/CL_CPQ_Aterrem-la-literatura-a-les-aules-1.jpg\"><\/a><br \/>\nEl <a href=\"https:\/\/collectiuperequart.wordpress.com\/\">Col\u00b7lectiu Pere Quart<\/a> ha organitzat un Club de Lectura-Taller, Aterrem la literatura a les aules, adre\u00e7at a\u00a0docents\u00a0de llengua i literatura catalanes,\u00a0per incentivar la lectura d\u2019obres liter\u00e0ries contempor\u00e0nies a les aules de secund\u00e0ria, especialment a 3r i 4t d\u2019ESO.<br \/>\n\u00a0Descripci\u00f3:<br \/>\nAterrem la literatura a les&hellip;  <a href=\"https:\/\/projectes.xtec.cat\/educacio-literaria\/portada\/club-lectura-taller-del-cpq-aterrem-la-literatura-a-les-aules\/\" title=\"Read Club Lectura-Taller del CPQ: Aterrem la literatura a les aules\">Llegeix m\u00e9s\u00bb<\/a><\/p>\n","protected":false},"author":1,"featured_media":10088,"comment_status":"open","ping_status":"open","sticky":false,"template":"","format":"standard","meta":{"_bbp_topic_count":0,"_bbp_reply_count":0,"_bbp_total_topic_count":0,"_bbp_total_reply_count":0,"_bbp_voice_count":0,"_bbp_anonymous_reply_count":0,"_bbp_topic_count_hidden":0,"_bbp_reply_count_hidden":0,"_bbp_forum_subforum_count":0,"footnotes":""},"categories":[293,154,29],"tags":[683],"class_list":["post-10085","post","type-post","status-publish","format-standard","has-post-thumbnail","hentry","category-eso","category-formacio","category-portada","tag-cpq"],"post_mailing_queue_ids":[],"_links":{"self":[{"href":"https:\/\/projectes.xtec.cat\/educacio-literaria\/wp-json\/wp\/v2\/posts\/10085","targetHints":{"allow":["GET"]}}],"collection":[{"href":"https:\/\/projectes.xtec.cat\/educacio-literaria\/wp-json\/wp\/v2\/posts"}],"about":[{"href":"https:\/\/projectes.xtec.cat\/educacio-literaria\/wp-json\/wp\/v2\/types\/post"}],"author":[{"embeddable":true,"href":"https:\/\/projectes.xtec.cat\/educacio-literaria\/wp-json\/wp\/v2\/users\/1"}],"replies":[{"embeddable":true,"href":"https:\/\/projectes.xtec.cat\/educacio-literaria\/wp-json\/wp\/v2\/comments?post=10085"}],"version-history":[{"count":6,"href":"https:\/\/projectes.xtec.cat\/educacio-literaria\/wp-json\/wp\/v2\/posts\/10085\/revisions"}],"predecessor-version":[{"id":10096,"href":"https:\/\/projectes.xtec.cat\/educacio-literaria\/wp-json\/wp\/v2\/posts\/10085\/revisions\/10096"}],"wp:featuredmedia":[{"embeddable":true,"href":"https:\/\/projectes.xtec.cat\/educacio-literaria\/wp-json\/wp\/v2\/media\/10088"}],"wp:attachment":[{"href":"https:\/\/projectes.xtec.cat\/educacio-literaria\/wp-json\/wp\/v2\/media?parent=10085"}],"wp:term":[{"taxonomy":"category","embeddable":true,"href":"https:\/\/projectes.xtec.cat\/educacio-literaria\/wp-json\/wp\/v2\/categories?post=10085"},{"taxonomy":"post_tag","embeddable":true,"href":"https:\/\/projectes.xtec.cat\/educacio-literaria\/wp-json\/wp\/v2\/tags?post=10085"}],"curies":[{"name":"wp","href":"https:\/\/api.w.org\/{rel}","templated":true}]}}