{"id":10359,"date":"2026-04-22T11:39:04","date_gmt":"2026-04-22T09:39:04","guid":{"rendered":"https:\/\/projectes.xtec.cat\/educacio-literaria\/?p=10359"},"modified":"2026-04-23T13:30:55","modified_gmt":"2026-04-23T11:30:55","slug":"cicles-literaris-als-centres","status":"publish","type":"post","link":"https:\/\/projectes.xtec.cat\/educacio-literaria\/portada\/cicles-literaris-als-centres\/","title":{"rendered":"Cicles literaris als centres educatius"},"content":{"rendered":"\n<p style=\"text-align: justify;\"><img loading=\"lazy\" decoding=\"async\" class=\"alignright\" src=\"https:\/\/blogger.googleusercontent.com\/img\/a\/AVvXsEjqk4XLeouYHS2En_7AZcdKwm-_X4qA9Xom-g6yVeZTj9EMDmBiI9dUxHey1IHZRVqXE-A4tKwN5nR8n_k2kzm3bxbs94BbjJyU87Ya-Z6Iq1kbSiNI2fxCFOn3KXI3uXTJqqQcgUShMQptajTbJUbnO49UgP8c3-smdqn-R_N7fBCozNzBerXGEAQqDA\" width=\"257\" height=\"367\" \/>Pels volts de la Diada de Sant Jordi, \u00a0a les escoles i instituts acostumem a organitzar activitats liter\u00e0ries molt engrescadores. Compartim amb vosaltres un exemple d\u2019aquestes bones pr\u00e0ctiques que es du a terme des de l\u2019any 2010 a l\u2019institut Font del Ferro a Palafolls: es tracta dels darrers actes programats en el cicle \u201c<strong>Poesia als barracons<\/strong>\u201d, que enguany celebra la seva quinzena edici\u00f3.<\/p>\n<p style=\"text-align: justify;\">Lectures, accions po\u00e8tiques, recomanacions de llibres, clubs de lectura, recitals, m\u00fasica en directe, cert\u00e0mens literaris, premis als bons h\u00e0bits lectors, tallers, rutes liter\u00e0ries&#8230;, des d\u2019Educaci\u00f3 Liter\u00e0ria us convidem a organitzar, participar i fer xarxa sobre qu\u00e8 feu als vostres centres d&#8217;arreu del territori per dinamitzar la literatura, no nom\u00e9s per Sant Jordi.<\/p>\n<p style=\"text-align: justify;\">Per a m\u00e9s informaci\u00f3 del Cicle Poesia als barracons, podeu accedir al seu blog: <a href=\"https:\/\/poesialsbarracons.blogspot.com\/\">https:\/\/poesialsbarracons.blogspot.com\/<\/a><\/p>\n<p style=\"text-align: justify;\">Us desitgem una bona diada de Sant Jordi!<\/p>\n\n\n","protected":false},"excerpt":{"rendered":"<p>Pels volts de la Diada de Sant Jordi, \u00a0a les escoles i instituts acostumem a organitzar activitats liter\u00e0ries molt engrescadores. Compartim amb vosaltres un exemple d\u2019aquestes bones pr\u00e0ctiques que es du a terme des de l\u2019any 2010 a l\u2019institut Font del Ferro a Palafolls: es&hellip;  <a href=\"https:\/\/projectes.xtec.cat\/educacio-literaria\/portada\/cicles-literaris-als-centres\/\" title=\"Read Cicles literaris als centres educatius\">Llegeix m\u00e9s\u00bb<\/a><\/p>\n","protected":false},"author":1,"featured_media":10363,"comment_status":"closed","ping_status":"open","sticky":false,"template":"","format":"standard","meta":{"_bbp_topic_count":0,"_bbp_reply_count":0,"_bbp_total_topic_count":0,"_bbp_total_reply_count":0,"_bbp_voice_count":0,"_bbp_anonymous_reply_count":0,"_bbp_topic_count_hidden":0,"_bbp_reply_count_hidden":0,"_bbp_forum_subforum_count":0,"footnotes":""},"categories":[290,294,66,293,29,76],"tags":[318,712,576],"class_list":["post-10359","post","type-post","status-publish","format-standard","has-post-thumbnail","hentry","category-activitats","category-batxillerat","category-dinamitzacio","category-eso","category-portada","category-recursos","tag-poesia","tag-poesia-als-barracons","tag-sant-jordi"],"post_mailing_queue_ids":[],"_links":{"self":[{"href":"https:\/\/projectes.xtec.cat\/educacio-literaria\/wp-json\/wp\/v2\/posts\/10359","targetHints":{"allow":["GET"]}}],"collection":[{"href":"https:\/\/projectes.xtec.cat\/educacio-literaria\/wp-json\/wp\/v2\/posts"}],"about":[{"href":"https:\/\/projectes.xtec.cat\/educacio-literaria\/wp-json\/wp\/v2\/types\/post"}],"author":[{"embeddable":true,"href":"https:\/\/projectes.xtec.cat\/educacio-literaria\/wp-json\/wp\/v2\/users\/1"}],"replies":[{"embeddable":true,"href":"https:\/\/projectes.xtec.cat\/educacio-literaria\/wp-json\/wp\/v2\/comments?post=10359"}],"version-history":[{"count":6,"href":"https:\/\/projectes.xtec.cat\/educacio-literaria\/wp-json\/wp\/v2\/posts\/10359\/revisions"}],"predecessor-version":[{"id":10385,"href":"https:\/\/projectes.xtec.cat\/educacio-literaria\/wp-json\/wp\/v2\/posts\/10359\/revisions\/10385"}],"wp:featuredmedia":[{"embeddable":true,"href":"https:\/\/projectes.xtec.cat\/educacio-literaria\/wp-json\/wp\/v2\/media\/10363"}],"wp:attachment":[{"href":"https:\/\/projectes.xtec.cat\/educacio-literaria\/wp-json\/wp\/v2\/media?parent=10359"}],"wp:term":[{"taxonomy":"category","embeddable":true,"href":"https:\/\/projectes.xtec.cat\/educacio-literaria\/wp-json\/wp\/v2\/categories?post=10359"},{"taxonomy":"post_tag","embeddable":true,"href":"https:\/\/projectes.xtec.cat\/educacio-literaria\/wp-json\/wp\/v2\/tags?post=10359"}],"curies":[{"name":"wp","href":"https:\/\/api.w.org\/{rel}","templated":true}]}}