{"id":10368,"date":"2026-04-27T08:12:11","date_gmt":"2026-04-27T06:12:11","guid":{"rendered":"https:\/\/projectes.xtec.cat\/educacio-literaria\/?p=10368"},"modified":"2026-04-27T08:13:16","modified_gmt":"2026-04-27T06:13:16","slug":"formacio-docent-destiu-llengua-i-literatura","status":"publish","type":"post","link":"https:\/\/projectes.xtec.cat\/educacio-literaria\/portada\/formacio-docent-destiu-llengua-i-literatura\/","title":{"rendered":"Formaci\u00f3 docent d&#8217;estiu: llengua i literatura"},"content":{"rendered":"\n\n\n<p style=\"text-align: justify;\"><strong>Jornada Escriure, llegir i pensar: claus per transformar l\u2019aula de llengua avui<\/strong><\/p>\n<p style=\"text-align: justify;\">Malgrat que el curs escolar no hagi acabat, l\u2019<strong>oferta formativa <\/strong>d\u2019estiu per als docents ja est\u00e0 en marxa. Us fem arribar una activitat <strong>gratu\u00efta<\/strong> adre\u00e7ada a professorat d\u2019educaci\u00f3 prim\u00e0ria i secund\u00e0ria que es realitzar\u00e0 dissabte <strong>27 de juny<\/strong> a la Universitat Aut\u00f2noma de Barcelona (UAB) i que est\u00e0 organitzada pel Grup de Recerca en Educaci\u00f3, Interacci\u00f3 i Pluriling\u00fcisme (GREIP).<\/p>\n<p style=\"text-align: justify;\">La jornada vol proposar un espai de reflexi\u00f3 i intercanvi que interpel\u00b7lin directament la pr\u00e0ctica docent en l\u2019\u00e0mbit de la llengua. \u00a0Adscrita en el marc del\u00a0<a href=\"https:\/\/sites.google.com\/view\/arle-barcelona2026-catala\/inici\">congr\u00e9s ARLE\/IFTE Barcelona 2026,<\/a> neix amb la voluntat de ser una oportunitat per <strong>repensar l&#8217;ensenyament de la llengua i la literatura<\/strong> des d&#8217;una perspectiva actual, cr\u00edtica i connectada amb la recerca internacional.<\/p>\n<p style=\"text-align: justify;\">El programa combina <strong>confer\u00e8ncies<\/strong> sobre el potencial de l&#8217;escriptura per construir coneixement i sobre l&#8217;impacte de la intel\u00b7lig\u00e8ncia artificial generativa en les pr\u00e0ctiques lletrades, amb una <strong>taula rodona<\/strong> que reivindica el valor social i educatiu de pensar les lleng\u00fces. La jornada es tanca amb un taller vivencial en forma de ruta liter\u00e0ria per Barcelona, que convida a explorar noves maneres d&#8217;apropar la literatura a l&#8217;alumnat.<\/p>\n<p style=\"text-align: justify;\">Podeu consultar la descripci\u00f3 de la jornada i el programa en aquest enlla\u00e7: <a href=\"https:\/\/www.uab.cat\/ca\/ice\/jornada-escriure-llegir-pensar\">Jornada Escriure, llegir i pensar: claus per transformar l\u2019aula de llengua avui &#8211; Institut de Ci\u00e8ncies de l&#8217;Educaci\u00f3 (ICE) &#8211; UAB Barcelona<\/a><\/p>\n<p>Esperem que l&#8217;activitat sigui del vostre inter\u00e8s.\u00a0<\/p>\n<p><a href=\"https:\/\/projectes.xtec.cat\/educacio-literaria\/wp-content\/uploads\/usu2578\/2026\/04\/UAB_1.png\"><img loading=\"lazy\" decoding=\"async\" class=\"alignnone size-large wp-image-10371\" src=\"https:\/\/projectes.xtec.cat\/educacio-literaria\/wp-content\/uploads\/usu2578\/2026\/04\/UAB_1-1024x532.png\" alt=\"\" width=\"1024\" height=\"532\" srcset=\"https:\/\/projectes.xtec.cat\/educacio-literaria\/wp-content\/uploads\/usu2578\/2026\/04\/UAB_1-1024x532.png 1024w, https:\/\/projectes.xtec.cat\/educacio-literaria\/wp-content\/uploads\/usu2578\/2026\/04\/UAB_1-300x156.png 300w, https:\/\/projectes.xtec.cat\/educacio-literaria\/wp-content\/uploads\/usu2578\/2026\/04\/UAB_1-768x399.png 768w, https:\/\/projectes.xtec.cat\/educacio-literaria\/wp-content\/uploads\/usu2578\/2026\/04\/UAB_1-1536x798.png 1536w, https:\/\/projectes.xtec.cat\/educacio-literaria\/wp-content\/uploads\/usu2578\/2026\/04\/UAB_1.png 1866w\" sizes=\"auto, (max-width: 1024px) 100vw, 1024px\" \/><\/a><\/p>\n\n\n\n\n","protected":false},"excerpt":{"rendered":"<p>Jornada Escriure, llegir i pensar: claus per transformar l\u2019aula de llengua avui<br \/>\nMalgrat que el curs escolar no hagi acabat, l\u2019oferta formativa d\u2019estiu per als docents ja est\u00e0 en marxa. Us fem arribar una activitat gratu\u00efta adre\u00e7ada a professorat d\u2019educaci\u00f3 prim\u00e0ria i secund\u00e0ria que es realitzar\u00e0&hellip;  <a href=\"https:\/\/projectes.xtec.cat\/educacio-literaria\/portada\/formacio-docent-destiu-llengua-i-literatura\/\" title=\"Read Formaci\u00f3 docent d&#8217;estiu: llengua i literatura\">Llegeix m\u00e9s\u00bb<\/a><\/p>\n","protected":false},"author":1,"featured_media":10370,"comment_status":"closed","ping_status":"open","sticky":false,"template":"","format":"standard","meta":{"_bbp_topic_count":0,"_bbp_reply_count":0,"_bbp_total_topic_count":0,"_bbp_total_reply_count":0,"_bbp_voice_count":0,"_bbp_anonymous_reply_count":0,"_bbp_topic_count_hidden":0,"_bbp_reply_count_hidden":0,"_bbp_forum_subforum_count":0,"footnotes":""},"categories":[290,294,293,154,29,292,76],"tags":[583,300,655,362],"class_list":["post-10368","post","type-post","status-publish","format-standard","has-post-thumbnail","hentry","category-activitats","category-batxillerat","category-eso","category-formacio","category-portada","category-primaria","category-recursos","tag-formacio-estiu","tag-literatura","tag-llengua","tag-uab"],"post_mailing_queue_ids":[],"_links":{"self":[{"href":"https:\/\/projectes.xtec.cat\/educacio-literaria\/wp-json\/wp\/v2\/posts\/10368","targetHints":{"allow":["GET"]}}],"collection":[{"href":"https:\/\/projectes.xtec.cat\/educacio-literaria\/wp-json\/wp\/v2\/posts"}],"about":[{"href":"https:\/\/projectes.xtec.cat\/educacio-literaria\/wp-json\/wp\/v2\/types\/post"}],"author":[{"embeddable":true,"href":"https:\/\/projectes.xtec.cat\/educacio-literaria\/wp-json\/wp\/v2\/users\/1"}],"replies":[{"embeddable":true,"href":"https:\/\/projectes.xtec.cat\/educacio-literaria\/wp-json\/wp\/v2\/comments?post=10368"}],"version-history":[{"count":3,"href":"https:\/\/projectes.xtec.cat\/educacio-literaria\/wp-json\/wp\/v2\/posts\/10368\/revisions"}],"predecessor-version":[{"id":10386,"href":"https:\/\/projectes.xtec.cat\/educacio-literaria\/wp-json\/wp\/v2\/posts\/10368\/revisions\/10386"}],"wp:featuredmedia":[{"embeddable":true,"href":"https:\/\/projectes.xtec.cat\/educacio-literaria\/wp-json\/wp\/v2\/media\/10370"}],"wp:attachment":[{"href":"https:\/\/projectes.xtec.cat\/educacio-literaria\/wp-json\/wp\/v2\/media?parent=10368"}],"wp:term":[{"taxonomy":"category","embeddable":true,"href":"https:\/\/projectes.xtec.cat\/educacio-literaria\/wp-json\/wp\/v2\/categories?post=10368"},{"taxonomy":"post_tag","embeddable":true,"href":"https:\/\/projectes.xtec.cat\/educacio-literaria\/wp-json\/wp\/v2\/tags?post=10368"}],"curies":[{"name":"wp","href":"https:\/\/api.w.org\/{rel}","templated":true}]}}