{"id":10387,"date":"2026-04-28T07:47:37","date_gmt":"2026-04-28T05:47:37","guid":{"rendered":"https:\/\/projectes.xtec.cat\/educacio-literaria\/?p=10387"},"modified":"2026-04-28T07:47:38","modified_gmt":"2026-04-28T05:47:38","slug":"lletres-compartides-2026-2027","status":"publish","type":"post","link":"https:\/\/projectes.xtec.cat\/educacio-literaria\/portada\/lletres-compartides-2026-2027\/","title":{"rendered":"Lletres compartides 2026-2027"},"content":{"rendered":"\n<p style=\"text-align: justify;\">La Instituci\u00f3 de les Lletres Catalanes (ILC) presenta la <strong>5a edici\u00f3<\/strong> de <strong><em>Lletres compartides<\/em><\/strong><em>, <\/em>un programa adre\u00e7at als centres educatius que busca apropar els <strong>autors<\/strong> de tot l\u2019<strong>\u00e0mbit ling\u00fc\u00edstic <\/strong>als lectors que encara no els han llegit i posar-los en relaci\u00f3 amb el sector de la mediaci\u00f3 liter\u00e0ria dels altres indrets.<\/p>\n<p><a href=\"https:\/\/projectes.xtec.cat\/educacio-literaria\/wp-content\/uploads\/usu2578\/2026\/04\/Lletres-compartides.png\"><img loading=\"lazy\" decoding=\"async\" class=\"alignnone size-large wp-image-10388\" src=\"https:\/\/projectes.xtec.cat\/educacio-literaria\/wp-content\/uploads\/usu2578\/2026\/04\/Lletres-compartides-1024x422.png\" alt=\"\" width=\"1024\" height=\"422\" srcset=\"https:\/\/projectes.xtec.cat\/educacio-literaria\/wp-content\/uploads\/usu2578\/2026\/04\/Lletres-compartides-1024x422.png 1024w, https:\/\/projectes.xtec.cat\/educacio-literaria\/wp-content\/uploads\/usu2578\/2026\/04\/Lletres-compartides-300x124.png 300w, https:\/\/projectes.xtec.cat\/educacio-literaria\/wp-content\/uploads\/usu2578\/2026\/04\/Lletres-compartides-768x317.png 768w, https:\/\/projectes.xtec.cat\/educacio-literaria\/wp-content\/uploads\/usu2578\/2026\/04\/Lletres-compartides.png 1241w\" sizes=\"auto, (max-width: 1024px) 100vw, 1024px\" \/><\/a><\/p>\n<p style=\"text-align: justify;\">Per als instituts i escoles d&#8217;adults, \u00e9s una excel\u00b7lent oportunitat per rebre escriptors bale\u00e0rics, valencians, nord-catalans, andorrans i algueresos que participen del programa i organitzar activitats liter\u00e0ries al voltant de les seves obres.<\/p>\n<p style=\"text-align: justify;\">Per tal de presentar les noves propostes de la cinquena edici\u00f3 de <em>Lletres compartides<\/em>, us convidem a inscriure-us el proper dijous <strong>7 de maig a les 17.00 h<\/strong> a la sessi\u00f3 de presentaci\u00f3 dels quatre autors que faran estada a Catalunya durant la tardor de 2026: <strong>Iolanda Bonet, Joan Nave, Pon\u00e7 Pons i Joan Pons Bover. <\/strong><\/p>\n<p style=\"text-align: justify;\">Aquells centres que vulguin organitzar una activitat liter\u00e0ria i comptar amb la pres\u00e8ncia d\u2019algun d&#8217;aquests autors, s\u2019hauran d\u2019inscriure i participar en la <strong>sessi\u00f3 informativa virtual<\/strong>.<\/p>\n<p style=\"text-align: justify;\">En aquest <a href=\"https:\/\/preview.mailerlite.io\/emails\/webview\/2290687\/185884376845780192\">enlla\u00e7<\/a> podeu fer la inscripci\u00f3 a la jornada i informar-vos amb detall del programa <em>Lletres compartides<\/em>.\u00a0<\/p>\n<p><a href=\"https:\/\/projectes.xtec.cat\/educacio-literaria\/wp-content\/uploads\/usu2578\/2026\/04\/Lletres-compartides_3.png\"><img loading=\"lazy\" decoding=\"async\" class=\"alignnone size-full wp-image-10390\" src=\"https:\/\/projectes.xtec.cat\/educacio-literaria\/wp-content\/uploads\/usu2578\/2026\/04\/Lletres-compartides_3.png\" alt=\"\" width=\"857\" height=\"398\" srcset=\"https:\/\/projectes.xtec.cat\/educacio-literaria\/wp-content\/uploads\/usu2578\/2026\/04\/Lletres-compartides_3.png 857w, https:\/\/projectes.xtec.cat\/educacio-literaria\/wp-content\/uploads\/usu2578\/2026\/04\/Lletres-compartides_3-300x139.png 300w, https:\/\/projectes.xtec.cat\/educacio-literaria\/wp-content\/uploads\/usu2578\/2026\/04\/Lletres-compartides_3-768x357.png 768w\" sizes=\"auto, (max-width: 857px) 100vw, 857px\" \/><\/a><\/p>\n<p style=\"text-align: justify;\"><em>Lletres Compartides<\/em> \u00e9s un programa impulsat conjuntament per la ILC, l\u2019Acad\u00e8mia Valenciana de la Llengua, la Fundaci\u00f3 Mallorca Liter\u00e0ria, l\u2019Institut Menorqu\u00ed d\u2019Estudis, l\u2019Associaci\u00f3 d\u2019Escriptors en Llengua Catalana, la Casa de la Generalitat de Catalunya a Perpiny\u00e0, l\u2019Oficina P\u00fablica de la Llengua Catalana, el Govern d\u2019Andorra, l\u2019Oficina de l\u2019Alguer de la Delegaci\u00f3 del Govern a It\u00e0lia i l\u2019Ateneu Alguer\u00e8s.<\/p>\n<p style=\"text-align: justify;\">Esperem que l\u2019activitat sigui del vostre inter\u00e8s i us convidem a continuar dinamitzant la literatura a les aules.<\/p>\n","protected":false},"excerpt":{"rendered":"<p>La Instituci\u00f3 de les Lletres Catalanes (ILC) presenta la 5a edici\u00f3 de Lletres compartides, un programa adre\u00e7at als centres educatius que busca apropar els autors de tot l\u2019\u00e0mbit ling\u00fc\u00edstic als lectors que encara no els han llegit i posar-los en relaci\u00f3 amb el sector de&hellip;  <a href=\"https:\/\/projectes.xtec.cat\/educacio-literaria\/portada\/lletres-compartides-2026-2027\/\" title=\"Read Lletres compartides 2026-2027\">Llegeix m\u00e9s\u00bb<\/a><\/p>\n","protected":false},"author":1,"featured_media":10388,"comment_status":"open","ping_status":"open","sticky":false,"template":"","format":"standard","meta":{"_bbp_topic_count":0,"_bbp_reply_count":0,"_bbp_total_topic_count":0,"_bbp_total_reply_count":0,"_bbp_voice_count":0,"_bbp_anonymous_reply_count":0,"_bbp_topic_count_hidden":0,"_bbp_reply_count_hidden":0,"_bbp_forum_subforum_count":0,"footnotes":""},"categories":[296,290,294,293,154,29,76],"tags":[380,300,378],"class_list":["post-10387","post","type-post","status-publish","format-standard","has-post-thumbnail","hentry","category-activitat","category-activitats","category-batxillerat","category-eso","category-formacio","category-portada","category-recursos","tag-ilc","tag-literatura","tag-lletres-compartides"],"post_mailing_queue_ids":[],"_links":{"self":[{"href":"https:\/\/projectes.xtec.cat\/educacio-literaria\/wp-json\/wp\/v2\/posts\/10387","targetHints":{"allow":["GET"]}}],"collection":[{"href":"https:\/\/projectes.xtec.cat\/educacio-literaria\/wp-json\/wp\/v2\/posts"}],"about":[{"href":"https:\/\/projectes.xtec.cat\/educacio-literaria\/wp-json\/wp\/v2\/types\/post"}],"author":[{"embeddable":true,"href":"https:\/\/projectes.xtec.cat\/educacio-literaria\/wp-json\/wp\/v2\/users\/1"}],"replies":[{"embeddable":true,"href":"https:\/\/projectes.xtec.cat\/educacio-literaria\/wp-json\/wp\/v2\/comments?post=10387"}],"version-history":[{"count":6,"href":"https:\/\/projectes.xtec.cat\/educacio-literaria\/wp-json\/wp\/v2\/posts\/10387\/revisions"}],"predecessor-version":[{"id":10397,"href":"https:\/\/projectes.xtec.cat\/educacio-literaria\/wp-json\/wp\/v2\/posts\/10387\/revisions\/10397"}],"wp:featuredmedia":[{"embeddable":true,"href":"https:\/\/projectes.xtec.cat\/educacio-literaria\/wp-json\/wp\/v2\/media\/10388"}],"wp:attachment":[{"href":"https:\/\/projectes.xtec.cat\/educacio-literaria\/wp-json\/wp\/v2\/media?parent=10387"}],"wp:term":[{"taxonomy":"category","embeddable":true,"href":"https:\/\/projectes.xtec.cat\/educacio-literaria\/wp-json\/wp\/v2\/categories?post=10387"},{"taxonomy":"post_tag","embeddable":true,"href":"https:\/\/projectes.xtec.cat\/educacio-literaria\/wp-json\/wp\/v2\/tags?post=10387"}],"curies":[{"name":"wp","href":"https:\/\/api.w.org\/{rel}","templated":true}]}}