{"id":8321,"date":"2022-07-29T18:42:59","date_gmt":"2022-07-29T16:42:59","guid":{"rendered":"https:\/\/projectes.xtec.cat\/educacio-literaria\/?p=8321"},"modified":"2022-09-19T14:34:22","modified_gmt":"2022-09-19T12:34:22","slug":"la-literatura-a-laula","status":"publish","type":"post","link":"https:\/\/projectes.xtec.cat\/educacio-literaria\/recursos\/marc-de-referencia\/la-literatura-a-laula\/","title":{"rendered":"La literatura a l&#8217;aula"},"content":{"rendered":"\n<p>Document d&#8217;orientacions pr\u00e0ctiques que pret\u00e9n col\u00b7laborar en l&#8217;ensenyament i l&#8217;aprenentatge de la llengua i de la literatura des d&#8217;un enfocament competencial a partir de la lectura d&#8217;una selecci\u00f3 de textos literaris. Per aquest motiu, planteja diverses activitats que tenen com a objectiu principal fomentar la lectura liter\u00e0ria com a font de gaudi est\u00e8tic i conscienciaci\u00f3 d&#8217;un mateix i del m\u00f3n que ens envolta.<\/p>\n<p>La selecci\u00f3 proposada respon tamb\u00e9 a un objectiu metodol\u00f2gic: la literatura tractada a partir d&#8217;eixos tem\u00e0tics. L&#8217;amistat, el viatge i l&#8217;amor vertebren exemples d&#8217;itineraris de lectura elaborats amb textos de les literatures catalana, castellana i universal.<\/p>\n<p><a href=\"https:\/\/educacio.gencat.cat\/ca\/Detall\/eso-literatura-aula\">https:\/\/educacio.gencat.cat\/ca\/Detall\/eso-literatura-aula<\/a><\/p>\n<p><a href=\"https:\/\/projectes.xtec.cat\/educacio-literaria\/wp-content\/uploads\/usu2578\/2022\/09\/literatura-aula-portada.jpg\"><img loading=\"lazy\" decoding=\"async\" class=\"alignnone size-full wp-image-8396\" src=\"https:\/\/projectes.xtec.cat\/educacio-literaria\/wp-content\/uploads\/usu2578\/2022\/09\/literatura-aula-portada.jpg\" alt=\"\" width=\"268\" height=\"369\" srcset=\"https:\/\/projectes.xtec.cat\/educacio-literaria\/wp-content\/uploads\/usu2578\/2022\/09\/literatura-aula-portada.jpg 268w, https:\/\/projectes.xtec.cat\/educacio-literaria\/wp-content\/uploads\/usu2578\/2022\/09\/literatura-aula-portada-218x300.jpg 218w\" sizes=\"auto, (max-width: 268px) 100vw, 268px\" \/><\/a><\/p>\n","protected":false},"excerpt":{"rendered":"<p>Document d&#8217;orientacions pr\u00e0ctiques que pret\u00e9n col\u00b7laborar en l&#8217;ensenyament i l&#8217;aprenentatge de la llengua i de la literatura des d&#8217;un enfocament competencial a partir de la lectura d&#8217;una selecci\u00f3 de textos literaris. Per aquest motiu, planteja diverses activitats que tenen com a objectiu principal fomentar la&hellip;  <a href=\"https:\/\/projectes.xtec.cat\/educacio-literaria\/recursos\/marc-de-referencia\/la-literatura-a-laula\/\" title=\"Read La literatura a l&#8217;aula\">Llegeix m\u00e9s\u00bb<\/a><\/p>\n","protected":false},"author":1,"featured_media":8395,"comment_status":"open","ping_status":"open","sticky":false,"template":"","format":"standard","meta":{"_bbp_topic_count":0,"_bbp_reply_count":0,"_bbp_total_topic_count":0,"_bbp_total_reply_count":0,"_bbp_voice_count":0,"_bbp_anonymous_reply_count":0,"_bbp_topic_count_hidden":0,"_bbp_reply_count_hidden":0,"_bbp_forum_subforum_count":0,"footnotes":""},"categories":[293,289],"tags":[],"class_list":["post-8321","post","type-post","status-publish","format-standard","has-post-thumbnail","hentry","category-eso","category-marc-de-referencia"],"post_mailing_queue_ids":[],"_links":{"self":[{"href":"https:\/\/projectes.xtec.cat\/educacio-literaria\/wp-json\/wp\/v2\/posts\/8321","targetHints":{"allow":["GET"]}}],"collection":[{"href":"https:\/\/projectes.xtec.cat\/educacio-literaria\/wp-json\/wp\/v2\/posts"}],"about":[{"href":"https:\/\/projectes.xtec.cat\/educacio-literaria\/wp-json\/wp\/v2\/types\/post"}],"author":[{"embeddable":true,"href":"https:\/\/projectes.xtec.cat\/educacio-literaria\/wp-json\/wp\/v2\/users\/1"}],"replies":[{"embeddable":true,"href":"https:\/\/projectes.xtec.cat\/educacio-literaria\/wp-json\/wp\/v2\/comments?post=8321"}],"version-history":[{"count":3,"href":"https:\/\/projectes.xtec.cat\/educacio-literaria\/wp-json\/wp\/v2\/posts\/8321\/revisions"}],"predecessor-version":[{"id":8402,"href":"https:\/\/projectes.xtec.cat\/educacio-literaria\/wp-json\/wp\/v2\/posts\/8321\/revisions\/8402"}],"wp:featuredmedia":[{"embeddable":true,"href":"https:\/\/projectes.xtec.cat\/educacio-literaria\/wp-json\/wp\/v2\/media\/8395"}],"wp:attachment":[{"href":"https:\/\/projectes.xtec.cat\/educacio-literaria\/wp-json\/wp\/v2\/media?parent=8321"}],"wp:term":[{"taxonomy":"category","embeddable":true,"href":"https:\/\/projectes.xtec.cat\/educacio-literaria\/wp-json\/wp\/v2\/categories?post=8321"},{"taxonomy":"post_tag","embeddable":true,"href":"https:\/\/projectes.xtec.cat\/educacio-literaria\/wp-json\/wp\/v2\/tags?post=8321"}],"curies":[{"name":"wp","href":"https:\/\/api.w.org\/{rel}","templated":true}]}}