{"id":8325,"date":"2022-07-29T18:45:23","date_gmt":"2022-07-29T16:45:23","guid":{"rendered":"https:\/\/projectes.xtec.cat\/educacio-literaria\/?p=8325"},"modified":"2026-02-02T12:41:50","modified_gmt":"2026-02-02T11:41:50","slug":"la-lectura-en-un-centre-educatiu","status":"publish","type":"post","link":"https:\/\/projectes.xtec.cat\/educacio-literaria\/recursos\/marc-de-referencia\/la-lectura-en-un-centre-educatiu\/","title":{"rendered":"La lectura en un centre educatiu"},"content":{"rendered":"\n<p style=\"text-align: justify;\"><a href=\"https:\/\/projectes.xtec.cat\/educacio-literaria\/wp-content\/uploads\/usu2578\/2022\/07\/lectura_centre_educatiu.jpg\"><img loading=\"lazy\" decoding=\"async\" class=\" wp-image-10099 alignleft\" src=\"https:\/\/projectes.xtec.cat\/educacio-literaria\/wp-content\/uploads\/usu2578\/2022\/07\/lectura_centre_educatiu.jpg\" alt=\"\" width=\"185\" height=\"262\" srcset=\"https:\/\/projectes.xtec.cat\/educacio-literaria\/wp-content\/uploads\/usu2578\/2022\/07\/lectura_centre_educatiu.jpg 634w, https:\/\/projectes.xtec.cat\/educacio-literaria\/wp-content\/uploads\/usu2578\/2022\/07\/lectura_centre_educatiu-212x300.jpg 212w\" sizes=\"auto, (max-width: 185px) 100vw, 185px\" \/><\/a><strong><a title=\"La lectura en un centre educatiu. Saber llegir, llegir per aprendre i gust per llegir. El pla de lectura de centre\" href=\"https:\/\/repositori.educacio.gencat.cat\/bitstream\/handle\/20.500.12694\/222\/la_lectura_en_un_centre_educatiu_2013.pdf?sequence=1&amp;isAllowed=y\" target=\"_blank\" rel=\"noopener\">La lectura en un centre educatiu. Saber llegir, llegir per aprendre i gust per llegir. El pla de lectura de centre<\/a><\/strong><\/p>\n<p style=\"text-align: justify;\">Document\u00a0 que presenta el marc de refer\u00e8ncia de les actuacions del Departament d\u2019Ensenyament al voltant de la lectura en els centres educatius, tant les vinculades a l\u2019Impuls de la Lectura com\u00a0 les relacionades amb la potenciaci\u00f3 de les biblioteques escolars i amb les propostes fetes des del curr\u00edculum per desenvolupar les compet\u00e8ncies b\u00e0siques de l\u2019\u00e0mbit ling\u00fc\u00edstic. Els objectius generals responen als tres eixos en qu\u00e8 s&#8217;articula el document: Saber llegir, llegir per aprendre i gust per llegir.<\/p>\n<p>\u00a0<\/p>\n<p>\u00a0<\/p>\n<p style=\"text-align: justify;\"><strong><a href=\"https:\/\/projectes.xtec.cat\/educacio-literaria\/wp-content\/uploads\/usu2578\/2022\/09\/lectura_centre_educatiu-portada.jpg\"><img loading=\"lazy\" decoding=\"async\" class=\"wp-image-8398 alignright\" src=\"https:\/\/projectes.xtec.cat\/educacio-literaria\/wp-content\/uploads\/usu2578\/2022\/09\/lectura_centre_educatiu-portada.jpg\" alt=\"\" width=\"328\" height=\"261\" srcset=\"https:\/\/projectes.xtec.cat\/educacio-literaria\/wp-content\/uploads\/usu2578\/2022\/09\/lectura_centre_educatiu-portada.jpg 363w, https:\/\/projectes.xtec.cat\/educacio-literaria\/wp-content\/uploads\/usu2578\/2022\/09\/lectura_centre_educatiu-portada-300x239.jpg 300w\" sizes=\"auto, (max-width: 328px) 100vw, 328px\" \/><\/a><a href=\"https:\/\/repositori.educacio.gencat.cat\/bitstream\/handle\/20.500.12694\/222\/lectura_centre_educatiu_versio_enriquida_2013.pdf?sequence=4&amp;isAllowed=y\">La lectura en un centre educatiu. Saber llegir, llegir per aprendre i gust per llegir. El pla de lectura de centre<\/a><\/strong><\/p>\n<p style=\"text-align: justify;\">Format enriquit del document amb il\u00b7lustracions, esquemes i \u00edndex actiu per facilitar la consulta en l\u00ednia. Document\u00a0 que presenta el marc de refer\u00e8ncia de les actuacions del Departament d\u2019Ensenyament al voltant de la lectura en els centres educatius, tant les vinculades a l\u2019Impuls de la Lectura com\u00a0 les relacionades amb la potenciaci\u00f3 de les biblioteques escolars i amb les propostes fetes des del curr\u00edculum per desenvolupar les compet\u00e8ncies b\u00e0siques de l\u2019\u00e0mbit ling\u00fc\u00edstic.\u00a0<\/p>\n<p>\u00a0<\/p>\n\n\n","protected":false},"excerpt":{"rendered":"<p><a href=\"https:\/\/projectes.xtec.cat\/educacio-literaria\/wp-content\/uploads\/usu2578\/2022\/07\/lectura_centre_educatiu.jpg\"><\/a><a title=\"La lectura en un centre educatiu. Saber llegir, llegir per aprendre i gust per llegir. El pla de lectura de centre\" href=\"https:\/\/repositori.educacio.gencat.cat\/bitstream\/handle\/20.500.12694\/222\/la_lectura_en_un_centre_educatiu_2013.pdf?sequence=1&amp;isAllowed=y\" target=\"_blank\" rel=\"noopener\">La lectura en un centre educatiu. Saber llegir, llegir per aprendre i gust per llegir. El pla de lectura de&hellip;  <a href=\"https:\/\/projectes.xtec.cat\/educacio-literaria\/recursos\/marc-de-referencia\/la-lectura-en-un-centre-educatiu\/\" title=\"Read La lectura en un centre educatiu\">Llegeix m\u00e9s\u00bb<\/a><\/p>\n","protected":false},"author":1,"featured_media":8397,"comment_status":"open","ping_status":"open","sticky":false,"template":"","format":"standard","meta":{"_bbp_topic_count":0,"_bbp_reply_count":0,"_bbp_total_topic_count":0,"_bbp_total_reply_count":0,"_bbp_voice_count":0,"_bbp_anonymous_reply_count":0,"_bbp_topic_count_hidden":0,"_bbp_reply_count_hidden":0,"_bbp_forum_subforum_count":0,"footnotes":""},"categories":[293,289,291,292],"tags":[],"class_list":["post-8325","post","type-post","status-publish","format-standard","has-post-thumbnail","hentry","category-eso","category-marc-de-referencia","category-parvulari-i-ci","category-primaria"],"post_mailing_queue_ids":[],"_links":{"self":[{"href":"https:\/\/projectes.xtec.cat\/educacio-literaria\/wp-json\/wp\/v2\/posts\/8325","targetHints":{"allow":["GET"]}}],"collection":[{"href":"https:\/\/projectes.xtec.cat\/educacio-literaria\/wp-json\/wp\/v2\/posts"}],"about":[{"href":"https:\/\/projectes.xtec.cat\/educacio-literaria\/wp-json\/wp\/v2\/types\/post"}],"author":[{"embeddable":true,"href":"https:\/\/projectes.xtec.cat\/educacio-literaria\/wp-json\/wp\/v2\/users\/1"}],"replies":[{"embeddable":true,"href":"https:\/\/projectes.xtec.cat\/educacio-literaria\/wp-json\/wp\/v2\/comments?post=8325"}],"version-history":[{"count":6,"href":"https:\/\/projectes.xtec.cat\/educacio-literaria\/wp-json\/wp\/v2\/posts\/8325\/revisions"}],"predecessor-version":[{"id":10105,"href":"https:\/\/projectes.xtec.cat\/educacio-literaria\/wp-json\/wp\/v2\/posts\/8325\/revisions\/10105"}],"wp:featuredmedia":[{"embeddable":true,"href":"https:\/\/projectes.xtec.cat\/educacio-literaria\/wp-json\/wp\/v2\/media\/8397"}],"wp:attachment":[{"href":"https:\/\/projectes.xtec.cat\/educacio-literaria\/wp-json\/wp\/v2\/media?parent=8325"}],"wp:term":[{"taxonomy":"category","embeddable":true,"href":"https:\/\/projectes.xtec.cat\/educacio-literaria\/wp-json\/wp\/v2\/categories?post=8325"},{"taxonomy":"post_tag","embeddable":true,"href":"https:\/\/projectes.xtec.cat\/educacio-literaria\/wp-json\/wp\/v2\/tags?post=8325"}],"curies":[{"name":"wp","href":"https:\/\/api.w.org\/{rel}","templated":true}]}}