{"id":8502,"date":"2023-02-07T10:33:48","date_gmt":"2023-02-07T09:33:48","guid":{"rendered":"https:\/\/projectes.xtec.cat\/educacio-literaria\/?p=8502"},"modified":"2023-02-07T10:38:23","modified_gmt":"2023-02-07T09:38:23","slug":"la-literatura-referent-cultural-i-model-de-produccio","status":"publish","type":"post","link":"https:\/\/projectes.xtec.cat\/educacio-literaria\/recursos\/marc-de-referencia\/la-literatura-referent-cultural-i-model-de-produccio\/","title":{"rendered":"La literatura: referent cultural i model de producci\u00f3"},"content":{"rendered":"\n<p><b><a href=\"https:\/\/projectes.xtec.cat\/educacio-literaria\/wp-content\/uploads\/usu2578\/2023\/02\/prats.jpg\"><img loading=\"lazy\" decoding=\"async\" class=\"wp-image-8503 alignleft\" src=\"https:\/\/projectes.xtec.cat\/educacio-literaria\/wp-content\/uploads\/usu2578\/2023\/02\/prats.jpg\" alt=\"\" width=\"526\" height=\"464\" srcset=\"https:\/\/projectes.xtec.cat\/educacio-literaria\/wp-content\/uploads\/usu2578\/2023\/02\/prats.jpg 863w, https:\/\/projectes.xtec.cat\/educacio-literaria\/wp-content\/uploads\/usu2578\/2023\/02\/prats-300x265.jpg 300w, https:\/\/projectes.xtec.cat\/educacio-literaria\/wp-content\/uploads\/usu2578\/2023\/02\/prats-768x678.jpg 768w\" sizes=\"auto, (max-width: 526px) 100vw, 526px\" \/><\/a>Refer\u00e8ncia completa:<\/b><\/p>\n<p><span style=\"font-weight: 400;\">Margarida Prats Ripoll: <\/span><i><span style=\"font-weight: 400;\">La literatura: referent cultural i model de producci\u00f3.<\/span><\/i><span style=\"font-weight: 400;\"> Barcelona: Generalitat de Catalunya. Departament d&#8217;Educaci\u00f3, 2020.<\/span><\/p>\n<p><b>Descripci\u00f3:<\/b><\/p>\n<p><span style=\"font-weight: 400;\">Aquest article de Margarida Prats, publicat en el marc te\u00f2ric del programa \u00abTenim la paraula\u00bb, del Departament d\u2019Educaci\u00f3, contribueix a concretar l\u2019eix te\u00f2ric <\/span><span style=\"font-weight: 400;\">parlar per expressar-nos millor i crear bellesa.<\/span><\/p>\n<p><span style=\"font-weight: 400;\">En el document s\u2019apunten algunes idees, cenyides al camp de l\u2019oralitat, per fer viure l\u2019experi\u00e8ncia liter\u00e0ria en l\u2019etapa d\u2019educaci\u00f3 prim\u00e0ria. Es parteix d\u2019una aproximaci\u00f3 a la literatura oral i al seu valor educatiu, i es presenten algunes orientacions per interrelacionar dimensions dels \u00e0mbits ling\u00fc\u00edstic, art\u00edstic i d\u2019educaci\u00f3 en valors.\u00a0<\/span><\/p>\n<p><span style=\"font-weight: 400;\">Podeu llegir-lo <\/span><a href=\"https:\/\/repositori.educacio.gencat.cat\/handle\/20.500.12694\/2884\"><span style=\"font-weight: 400;\">en aquest enlla\u00e7<\/span><span style=\"font-weight: 400;\">.<\/span><\/a><\/p>\n","protected":false},"excerpt":{"rendered":"<p><a href=\"https:\/\/projectes.xtec.cat\/educacio-literaria\/wp-content\/uploads\/usu2578\/2023\/02\/prats.jpg\"><\/a>Refer\u00e8ncia completa:<br \/>\nMargarida Prats Ripoll: La literatura: referent cultural i model de producci\u00f3. Barcelona: Generalitat de Catalunya. Departament d&#8217;Educaci\u00f3, 2020.<br \/>\nDescripci\u00f3:<br \/>\nAquest article de Margarida Prats, publicat en el marc te\u00f2ric del programa \u00abTenim la paraula\u00bb, del Departament d\u2019Educaci\u00f3, contribueix a concretar l\u2019eix te\u00f2ric parlar per expressar-nos&hellip;  <a href=\"https:\/\/projectes.xtec.cat\/educacio-literaria\/recursos\/marc-de-referencia\/la-literatura-referent-cultural-i-model-de-produccio\/\" title=\"Read La literatura: referent cultural i model de producci\u00f3\">Llegeix m\u00e9s\u00bb<\/a><\/p>\n","protected":false},"author":1,"featured_media":8503,"comment_status":"open","ping_status":"open","sticky":false,"template":"","format":"standard","meta":{"_bbp_topic_count":0,"_bbp_reply_count":0,"_bbp_total_topic_count":0,"_bbp_total_reply_count":0,"_bbp_voice_count":0,"_bbp_anonymous_reply_count":0,"_bbp_topic_count_hidden":0,"_bbp_reply_count_hidden":0,"_bbp_forum_subforum_count":0,"footnotes":""},"categories":[289],"tags":[324,325],"class_list":["post-8502","post","type-post","status-publish","format-standard","has-post-thumbnail","hentry","category-marc-de-referencia","tag-literatura-oral","tag-primaria"],"post_mailing_queue_ids":[],"_links":{"self":[{"href":"https:\/\/projectes.xtec.cat\/educacio-literaria\/wp-json\/wp\/v2\/posts\/8502","targetHints":{"allow":["GET"]}}],"collection":[{"href":"https:\/\/projectes.xtec.cat\/educacio-literaria\/wp-json\/wp\/v2\/posts"}],"about":[{"href":"https:\/\/projectes.xtec.cat\/educacio-literaria\/wp-json\/wp\/v2\/types\/post"}],"author":[{"embeddable":true,"href":"https:\/\/projectes.xtec.cat\/educacio-literaria\/wp-json\/wp\/v2\/users\/1"}],"replies":[{"embeddable":true,"href":"https:\/\/projectes.xtec.cat\/educacio-literaria\/wp-json\/wp\/v2\/comments?post=8502"}],"version-history":[{"count":2,"href":"https:\/\/projectes.xtec.cat\/educacio-literaria\/wp-json\/wp\/v2\/posts\/8502\/revisions"}],"predecessor-version":[{"id":8505,"href":"https:\/\/projectes.xtec.cat\/educacio-literaria\/wp-json\/wp\/v2\/posts\/8502\/revisions\/8505"}],"wp:featuredmedia":[{"embeddable":true,"href":"https:\/\/projectes.xtec.cat\/educacio-literaria\/wp-json\/wp\/v2\/media\/8503"}],"wp:attachment":[{"href":"https:\/\/projectes.xtec.cat\/educacio-literaria\/wp-json\/wp\/v2\/media?parent=8502"}],"wp:term":[{"taxonomy":"category","embeddable":true,"href":"https:\/\/projectes.xtec.cat\/educacio-literaria\/wp-json\/wp\/v2\/categories?post=8502"},{"taxonomy":"post_tag","embeddable":true,"href":"https:\/\/projectes.xtec.cat\/educacio-literaria\/wp-json\/wp\/v2\/tags?post=8502"}],"curies":[{"name":"wp","href":"https:\/\/api.w.org\/{rel}","templated":true}]}}