{"id":8664,"date":"2023-06-06T16:43:16","date_gmt":"2023-06-06T14:43:16","guid":{"rendered":"https:\/\/projectes.xtec.cat\/educacio-literaria\/?p=8664"},"modified":"2023-06-06T16:47:43","modified_gmt":"2023-06-06T14:47:43","slug":"submergiu-vos-en-la-literatura-catalana-de-la-ma-dels-seus-protagonistes-amb-lletres-compartides","status":"publish","type":"post","link":"https:\/\/projectes.xtec.cat\/educacio-literaria\/general\/submergiu-vos-en-la-literatura-catalana-de-la-ma-dels-seus-protagonistes-amb-lletres-compartides\/","title":{"rendered":"Submergiu-vos en la literatura catalana de la m\u00e0 dels seus protagonistes amb Lletres Compartides"},"content":{"rendered":"\n<p><a href=\"https:\/\/projectes.xtec.cat\/educacio-literaria\/wp-content\/uploads\/usu2578\/2023\/06\/LLC_750x409-3.png_1443174594.png\"><img loading=\"lazy\" decoding=\"async\" class=\"wp-image-8666 alignleft\" src=\"https:\/\/projectes.xtec.cat\/educacio-literaria\/wp-content\/uploads\/usu2578\/2023\/06\/LLC_750x409-3.png_1443174594.png\" alt=\"\" width=\"465\" height=\"253\" srcset=\"https:\/\/projectes.xtec.cat\/educacio-literaria\/wp-content\/uploads\/usu2578\/2023\/06\/LLC_750x409-3.png_1443174594.png 750w, https:\/\/projectes.xtec.cat\/educacio-literaria\/wp-content\/uploads\/usu2578\/2023\/06\/LLC_750x409-3.png_1443174594-300x164.png 300w\" sizes=\"auto, (max-width: 465px) 100vw, 465px\" \/><\/a>Quants escriptors valencians, mallorquins, menorquins, piti\u00fcsos i de la Catalunya Nord teniu a la biblioteca del vostre centre educatiu? Qu\u00e8 us semblaria tenir-ne algun d&#8217;ells en persona a l&#8217;aula?<\/p>\n<p style=\"font-weight: 400;\">La Instituci\u00f3 de les Lletres Catalanes acaba d&#8217;engegar la segona edici\u00f3 de <a href=\"https:\/\/cultura.gencat.cat\/ca\/ilc\/que-fem\/programes\/lletres-compartides\/\" data-saferedirecturl=\"https:\/\/www.google.com\/url?q=https:\/\/cultura.gencat.cat\/ca\/ilc\/que-fem\/programes\/lletres-compartides\/&amp;source=gmail&amp;ust=1686146736218000&amp;usg=AOvVaw1igIqTNnXQZEE8svqVLTGT\"><strong>Lletres Compartides<\/strong><\/a>,\u00a0un programa que neix de la necessitat d\u2019apropar els escriptors de tot l&#8217;\u00e0mbit ling\u00fc\u00edstic catal\u00e0 als lectors que encara no els han llegit i posar-los en relaci\u00f3 amb el sector de la creaci\u00f3 i la promoci\u00f3 liter\u00e0ries dels altres territoris.<\/p>\n<p style=\"font-weight: 400;\">Aquesta segona edici\u00f3 arriba amb novetats i \u00e9s per aix\u00f2 que s&#8217;ha convocat una sessi\u00f3 informativa el <strong>proper 13 de juny a les 17 h<\/strong>\u00a0amb la pres\u00e8ncia dels tres autors que ens visitaran enguany i la periodista Carlota Rubio.<\/p>\n<p style=\"font-weight: 400;\"><strong>Consulteu\u00a0<\/strong><a href=\"https:\/\/app.mlsend.com\/s9y6c6o9z2\/\" data-saferedirecturl=\"https:\/\/www.google.com\/url?q=https:\/\/app.mlsend.com\/s9y6c6o9z2\/&amp;source=gmail&amp;ust=1686146736219000&amp;usg=AOvVaw3JyS88To3pBz6IobtTlDBc\"><strong>aquest enlla\u00e7<\/strong><\/a><strong>\u00a0per con\u00e8ixer totes els detalls de la sessi\u00f3 informativa i inscriure-us-hi.<\/strong><\/p>\n<p>Us animem a submergir-vos amb nosaltres en l&#8217;univers literari compartit!<\/p>\n<p><a href=\"https:\/\/projectes.xtec.cat\/educacio-literaria\/wp-content\/uploads\/usu2578\/2023\/06\/LOGO-ILC.gif\"><img loading=\"lazy\" decoding=\"async\" class=\"wp-image-8667 aligncenter\" src=\"https:\/\/projectes.xtec.cat\/educacio-literaria\/wp-content\/uploads\/usu2578\/2023\/06\/LOGO-ILC.gif\" alt=\"\" width=\"352\" height=\"104\" \/><\/a><\/p>\n<p>\u00a0<\/p>\n","protected":false},"excerpt":{"rendered":"<p><a href=\"https:\/\/projectes.xtec.cat\/educacio-literaria\/wp-content\/uploads\/usu2578\/2023\/06\/LLC_750x409-3.png_1443174594.png\"><\/a>Quants escriptors valencians, mallorquins, menorquins, piti\u00fcsos i de la Catalunya Nord teniu a la biblioteca del vostre centre educatiu? Qu\u00e8 us semblaria tenir-ne algun d&#8217;ells en persona a l&#8217;aula?<br \/>\nLa Instituci\u00f3 de les Lletres Catalanes acaba d&#8217;engegar la segona edici\u00f3 de <a href=\"https:\/\/cultura.gencat.cat\/ca\/ilc\/que-fem\/programes\/lletres-compartides\/\" data-saferedirecturl=\"https:\/\/www.google.com\/url?q=https:\/\/cultura.gencat.cat\/ca\/ilc\/que-fem\/programes\/lletres-compartides\/&amp;source=gmail&amp;ust=1686146736218000&amp;usg=AOvVaw1igIqTNnXQZEE8svqVLTGT\">Lletres Compartides<\/a>,\u00a0un&hellip;  <a href=\"https:\/\/projectes.xtec.cat\/educacio-literaria\/general\/submergiu-vos-en-la-literatura-catalana-de-la-ma-dels-seus-protagonistes-amb-lletres-compartides\/\" title=\"Read Submergiu-vos en la literatura catalana de la m\u00e0 dels seus protagonistes amb Lletres Compartides\">Llegeix m\u00e9s\u00bb<\/a><\/p>\n","protected":false},"author":1,"featured_media":8666,"comment_status":"open","ping_status":"open","sticky":false,"template":"","format":"standard","meta":{"_bbp_topic_count":0,"_bbp_reply_count":0,"_bbp_total_topic_count":0,"_bbp_total_reply_count":0,"_bbp_voice_count":0,"_bbp_anonymous_reply_count":0,"_bbp_topic_count_hidden":0,"_bbp_reply_count_hidden":0,"_bbp_forum_subforum_count":0,"footnotes":""},"categories":[64,1,29,76],"tags":[380,379,378],"class_list":["post-8664","post","type-post","status-publish","format-standard","has-post-thumbnail","hentry","category-comunitat","category-general","category-portada","category-recursos","tag-ilc","tag-institucio-de-les-lletres-catalanes","tag-lletres-compartides"],"post_mailing_queue_ids":[],"_links":{"self":[{"href":"https:\/\/projectes.xtec.cat\/educacio-literaria\/wp-json\/wp\/v2\/posts\/8664","targetHints":{"allow":["GET"]}}],"collection":[{"href":"https:\/\/projectes.xtec.cat\/educacio-literaria\/wp-json\/wp\/v2\/posts"}],"about":[{"href":"https:\/\/projectes.xtec.cat\/educacio-literaria\/wp-json\/wp\/v2\/types\/post"}],"author":[{"embeddable":true,"href":"https:\/\/projectes.xtec.cat\/educacio-literaria\/wp-json\/wp\/v2\/users\/1"}],"replies":[{"embeddable":true,"href":"https:\/\/projectes.xtec.cat\/educacio-literaria\/wp-json\/wp\/v2\/comments?post=8664"}],"version-history":[{"count":3,"href":"https:\/\/projectes.xtec.cat\/educacio-literaria\/wp-json\/wp\/v2\/posts\/8664\/revisions"}],"predecessor-version":[{"id":8669,"href":"https:\/\/projectes.xtec.cat\/educacio-literaria\/wp-json\/wp\/v2\/posts\/8664\/revisions\/8669"}],"wp:featuredmedia":[{"embeddable":true,"href":"https:\/\/projectes.xtec.cat\/educacio-literaria\/wp-json\/wp\/v2\/media\/8666"}],"wp:attachment":[{"href":"https:\/\/projectes.xtec.cat\/educacio-literaria\/wp-json\/wp\/v2\/media?parent=8664"}],"wp:term":[{"taxonomy":"category","embeddable":true,"href":"https:\/\/projectes.xtec.cat\/educacio-literaria\/wp-json\/wp\/v2\/categories?post=8664"},{"taxonomy":"post_tag","embeddable":true,"href":"https:\/\/projectes.xtec.cat\/educacio-literaria\/wp-json\/wp\/v2\/tags?post=8664"}],"curies":[{"name":"wp","href":"https:\/\/api.w.org\/{rel}","templated":true}]}}