{"id":8721,"date":"2023-06-22T09:31:43","date_gmt":"2023-06-22T07:31:43","guid":{"rendered":"https:\/\/projectes.xtec.cat\/educacio-literaria\/?p=8721"},"modified":"2023-06-22T09:36:56","modified_gmt":"2023-06-22T07:36:56","slug":"iv-jornada-de-joves-lectors","status":"publish","type":"post","link":"https:\/\/projectes.xtec.cat\/educacio-literaria\/general\/iv-jornada-de-joves-lectors\/","title":{"rendered":"IV Jornada de Joves Lectors"},"content":{"rendered":"\n<p style=\"text-align: justify;\"><span style=\"font-weight: 400;\"><a href=\"https:\/\/projectes.xtec.cat\/educacio-literaria\/wp-content\/uploads\/usu2578\/2023\/06\/IVJJL.jpg\"><img loading=\"lazy\" decoding=\"async\" class=\"wp-image-8723 alignleft\" src=\"https:\/\/projectes.xtec.cat\/educacio-literaria\/wp-content\/uploads\/usu2578\/2023\/06\/IVJJL.jpg\" alt=\"\" width=\"321\" height=\"160\" \/><\/a>Ja podeu inscriure-us a la<strong> IV Jornada de Joves Lectors<\/strong> que tindr\u00e0 lloc el proper <strong>1 de juliol a la Biblioteca Ignasi Igl\u00e9sias-Can Fabra de Sant Andreu<\/strong>. <\/span><span style=\"font-weight: 400;\">L\u2019<\/span><a href=\"https:\/\/joveslectors.cat\/\"><span style=\"font-weight: 400;\">Associaci\u00f3 de Joves Lectors Catalans<\/span><\/a> <span style=\"font-weight: 400;\">ha preparat <\/span><span style=\"font-weight: 400;\">unes taules rodones molt interessants dedicades al manga i a les noves modes de la literatura rom\u00e0ntica, per\u00f2 tamb\u00e9 hi haur\u00e0 jocs, sortejos i un taller molt especial.<\/span><span style=\"font-weight: 400;\"> <a href=\"https:\/\/projectes.xtec.cat\/educacio-literaria\/wp-content\/uploads\/usu2578\/2023\/02\/AJL.jpg\"><img loading=\"lazy\" decoding=\"async\" class=\" wp-image-8576 alignright\" src=\"https:\/\/projectes.xtec.cat\/educacio-literaria\/wp-content\/uploads\/usu2578\/2023\/02\/AJL.jpg\" alt=\"\" width=\"199\" height=\"166\" \/><\/a><\/span><\/p>\n<p style=\"text-align: justify;\"><span style=\"font-weight: 400;\">Aquesta activitat, destinada especialment als joves de 13 a 25 anys, \u00e9s<\/span><b> gratu\u00efta<\/b><span style=\"font-weight: 400;\">. <\/span><span style=\"font-weight: 400;\">Les places s\u00f3n limitades, aix\u00ed que tots\u00a0aquells interessats a participar-hi <\/span><b>cal que <\/b><a href=\"https:\/\/jornades.joveslectors.cat\/2023-2\/acreditat\/\"><b>reserveu la vostra entrada<\/b><\/a><b>.<\/b><span style=\"font-weight: 400;\"> Podeu anar-hi al mat\u00ed, a la tarda o engrescar-vos a passar-hi el dia sencer. <\/span><\/p>\n<p><a href=\"https:\/\/jornades.joveslectors.cat\/2023-2\/programa\/\"><span style=\"font-weight: 400;\">En aquest enlla\u00e7<\/span><\/a><span style=\"font-weight: 400;\"> podeu consultar el programa de la jornada.<\/span><\/p>\n","protected":false},"excerpt":{"rendered":"<p>Ja podeu inscriure-us a la IV Jornada de Joves Lectors que tindr\u00e0 lloc el proper 1 de juliol a la Biblioteca Ignasi Igl\u00e9sias-Can Fabra de Sant Andreu. <\/p>\n<p>Aquesta activitat, organitzada per l&#8217;Associaci\u00f3 de Joves Lectors Catalans i destinada especialment als joves de 13 a 25 anys, \u00e9s gratu\u00efta, per\u00f2 cal que  reserveu la vostra entrada. &hellip;  <a href=\"https:\/\/projectes.xtec.cat\/educacio-literaria\/general\/iv-jornada-de-joves-lectors\/\" title=\"Read IV Jornada de Joves Lectors\">Llegeix m\u00e9s\u00bb<\/a><\/p>\n","protected":false},"author":1,"featured_media":8723,"comment_status":"open","ping_status":"open","sticky":false,"template":"","format":"standard","meta":{"_bbp_topic_count":0,"_bbp_reply_count":0,"_bbp_total_topic_count":0,"_bbp_total_reply_count":0,"_bbp_voice_count":0,"_bbp_anonymous_reply_count":0,"_bbp_topic_count_hidden":0,"_bbp_reply_count_hidden":0,"_bbp_forum_subforum_count":0,"footnotes":""},"categories":[290,294,293,1,29],"tags":[],"class_list":["post-8721","post","type-post","status-publish","format-standard","has-post-thumbnail","hentry","category-activitats","category-batxillerat","category-eso","category-general","category-portada"],"post_mailing_queue_ids":[],"_links":{"self":[{"href":"https:\/\/projectes.xtec.cat\/educacio-literaria\/wp-json\/wp\/v2\/posts\/8721","targetHints":{"allow":["GET"]}}],"collection":[{"href":"https:\/\/projectes.xtec.cat\/educacio-literaria\/wp-json\/wp\/v2\/posts"}],"about":[{"href":"https:\/\/projectes.xtec.cat\/educacio-literaria\/wp-json\/wp\/v2\/types\/post"}],"author":[{"embeddable":true,"href":"https:\/\/projectes.xtec.cat\/educacio-literaria\/wp-json\/wp\/v2\/users\/1"}],"replies":[{"embeddable":true,"href":"https:\/\/projectes.xtec.cat\/educacio-literaria\/wp-json\/wp\/v2\/comments?post=8721"}],"version-history":[{"count":3,"href":"https:\/\/projectes.xtec.cat\/educacio-literaria\/wp-json\/wp\/v2\/posts\/8721\/revisions"}],"predecessor-version":[{"id":8727,"href":"https:\/\/projectes.xtec.cat\/educacio-literaria\/wp-json\/wp\/v2\/posts\/8721\/revisions\/8727"}],"wp:featuredmedia":[{"embeddable":true,"href":"https:\/\/projectes.xtec.cat\/educacio-literaria\/wp-json\/wp\/v2\/media\/8723"}],"wp:attachment":[{"href":"https:\/\/projectes.xtec.cat\/educacio-literaria\/wp-json\/wp\/v2\/media?parent=8721"}],"wp:term":[{"taxonomy":"category","embeddable":true,"href":"https:\/\/projectes.xtec.cat\/educacio-literaria\/wp-json\/wp\/v2\/categories?post=8721"},{"taxonomy":"post_tag","embeddable":true,"href":"https:\/\/projectes.xtec.cat\/educacio-literaria\/wp-json\/wp\/v2\/tags?post=8721"}],"curies":[{"name":"wp","href":"https:\/\/api.w.org\/{rel}","templated":true}]}}