{"id":8808,"date":"2023-09-08T14:59:35","date_gmt":"2023-09-08T12:59:35","guid":{"rendered":"https:\/\/projectes.xtec.cat\/educacio-literaria\/?p=8808"},"modified":"2023-09-12T10:13:34","modified_gmt":"2023-09-12T08:13:34","slug":"premis-el-gust-per-la-lectura-a-la-setmana-del-llibre-en-catala","status":"publish","type":"post","link":"https:\/\/projectes.xtec.cat\/educacio-literaria\/general\/premis-el-gust-per-la-lectura-a-la-setmana-del-llibre-en-catala\/","title":{"rendered":"Premis &#8220;El gust per la lectura&#8221; a La Setmana del Llibre en Catal\u00e0"},"content":{"rendered":"\n<p style=\"text-align: justify;\"><a href=\"https:\/\/projectes.xtec.cat\/educacio-literaria\/wp-content\/uploads\/usu2578\/2023\/09\/lectures-lectors-1130x650-1-e1694177527942.jpg\"><img loading=\"lazy\" decoding=\"async\" class=\"wp-image-8811  alignleft\" src=\"https:\/\/projectes.xtec.cat\/educacio-literaria\/wp-content\/uploads\/usu2578\/2023\/09\/lectures-lectors-1130x650-1-e1694177527942.jpg\" alt=\"\" width=\"365\" height=\"437\" srcset=\"https:\/\/projectes.xtec.cat\/educacio-literaria\/wp-content\/uploads\/usu2578\/2023\/09\/lectures-lectors-1130x650-1-e1694177527942.jpg 536w, https:\/\/projectes.xtec.cat\/educacio-literaria\/wp-content\/uploads\/usu2578\/2023\/09\/lectures-lectors-1130x650-1-e1694177527942-251x300.jpg 251w\" sizes=\"auto, (max-width: 365px) 100vw, 365px\" \/><\/a>Tot just aquest mat\u00ed de divendres ha comen\u00e7at, al Moll de la Fusta, a Barcelona, la <a href=\"https:\/\/lasetmana.cat\/\">Setmana del llibre en catal\u00e0<\/a>, amb venda de llibres i una extensa programaci\u00f3 d\u2019activitats, que podreu visitar fins el proper dia 17 de setembre. <a href=\"https:\/\/aplicacions.gestioeducativa.gencat.cat\/pls\/soloas\/pk_for_mod_ins.p_for_detall_activitat?p_codi=9000500555&amp;p_curs=2023-2024&amp;p_es_inscr=S\">En aquest enlla\u00e7<\/a> us hi podeu inscriure.<\/p>\n<p style=\"text-align: justify;\">Entre els actes i presentacions, la tarda del 13 de setembre tindr\u00e0 lloc, a l&#8217;Escenari central de la Setmana, el\u00a0<strong>lliurament de premis del XXVIII Concurs El gust per la lectura<\/strong>, al qual estan convidats tots els docents. En <a href=\"https:\/\/lasetmana.cat\/activitats-dimecres-13-de-setembre\/\">aquest enlla\u00e7<\/a> a l&#8217;agenda de la Setmana podeu consultar-ne el detall.<\/p>\n<p style=\"text-align: justify;\"><a href=\"https:\/\/projectes.xtec.cat\/educacio-literaria\/wp-content\/uploads\/usu2578\/2023\/09\/gust_lectura-1.jpg\"><img loading=\"lazy\" decoding=\"async\" class=\" wp-image-8813 alignright\" src=\"https:\/\/projectes.xtec.cat\/educacio-literaria\/wp-content\/uploads\/usu2578\/2023\/09\/gust_lectura-1.jpg\" alt=\"\" width=\"194\" height=\"194\" \/><\/a><\/p>\n<p style=\"text-align: justify;\">L\u2019acte comen\u00e7ar\u00e0 amb la <strong>presentaci\u00f3 del llibre\u00a0<em><a href=\"https:\/\/lafinestralectora.cat\/lectures-que-fan-lectors\/\">Lectures que fan lectors<\/a><\/em><\/strong><a href=\"https:\/\/lafinestralectora.cat\/lectures-que-fan-lectors\/\">\u00a0<\/a>per part dels autors, Joan Portell i Cristina Correro. Seguidament, s&#8217;exposaran quins s\u00f3n els <strong>eixos i les noves propostes de lectura del XXIX Concurs El gust per la lectura<\/strong> i, finalment, <strong>es lliuraran els premis<\/strong> perqu\u00e8 guanyadors i finalistes puguin bescanviar-los per llibres a les paradetes de la fira.<a href=\"https:\/\/projectes.xtec.cat\/educacio-literaria\/wp-content\/uploads\/usu2578\/2023\/06\/SETMANA-1.jpg\"><img loading=\"lazy\" decoding=\"async\" class=\"size-full wp-image-8697 aligncenter\" src=\"https:\/\/projectes.xtec.cat\/educacio-literaria\/wp-content\/uploads\/usu2578\/2023\/06\/SETMANA-1.jpg\" alt=\"\" width=\"1440\" height=\"732\" srcset=\"https:\/\/projectes.xtec.cat\/educacio-literaria\/wp-content\/uploads\/usu2578\/2023\/06\/SETMANA-1.jpg 1440w, https:\/\/projectes.xtec.cat\/educacio-literaria\/wp-content\/uploads\/usu2578\/2023\/06\/SETMANA-1-300x153.jpg 300w, https:\/\/projectes.xtec.cat\/educacio-literaria\/wp-content\/uploads\/usu2578\/2023\/06\/SETMANA-1-1024x521.jpg 1024w, https:\/\/projectes.xtec.cat\/educacio-literaria\/wp-content\/uploads\/usu2578\/2023\/06\/SETMANA-1-768x390.jpg 768w\" sizes=\"auto, (max-width: 1440px) 100vw, 1440px\" \/><\/a><\/p>\n","protected":false},"excerpt":{"rendered":"<p>El  proper 13 de setembre tindr\u00e0 lloc el\u00a0lliurament de premis del XXVIII Concurs El gust per la lectura, L\u2019acte comen\u00e7ar\u00e0 amb la presentaci\u00f3 del llibre\u00a0Lectures que fan lectors.\u00a0&hellip;  <a href=\"https:\/\/projectes.xtec.cat\/educacio-literaria\/general\/premis-el-gust-per-la-lectura-a-la-setmana-del-llibre-en-catala\/\" title=\"Read Premis &#8220;El gust per la lectura&#8221; a La Setmana del Llibre en Catal\u00e0\">Llegeix m\u00e9s\u00bb<\/a><\/p>\n","protected":false},"author":1,"featured_media":8811,"comment_status":"open","ping_status":"open","sticky":false,"template":"","format":"standard","meta":{"_bbp_topic_count":0,"_bbp_reply_count":0,"_bbp_total_topic_count":0,"_bbp_total_reply_count":0,"_bbp_voice_count":0,"_bbp_anonymous_reply_count":0,"_bbp_topic_count_hidden":0,"_bbp_reply_count_hidden":0,"_bbp_forum_subforum_count":0,"footnotes":""},"categories":[64,1,29],"tags":[335,418,328,384,330,385,419,383],"class_list":["post-8808","post","type-post","status-publish","format-standard","has-post-thumbnail","hentry","category-comunitat","category-general","category-portada","tag-concurs","tag-concurs-el-gust-per-la-lectura","tag-gust-per-la-lectura","tag-la-setmana","tag-lectura","tag-llibres","tag-premis","tag-setmana-llibre-en-catala"],"post_mailing_queue_ids":[],"_links":{"self":[{"href":"https:\/\/projectes.xtec.cat\/educacio-literaria\/wp-json\/wp\/v2\/posts\/8808","targetHints":{"allow":["GET"]}}],"collection":[{"href":"https:\/\/projectes.xtec.cat\/educacio-literaria\/wp-json\/wp\/v2\/posts"}],"about":[{"href":"https:\/\/projectes.xtec.cat\/educacio-literaria\/wp-json\/wp\/v2\/types\/post"}],"author":[{"embeddable":true,"href":"https:\/\/projectes.xtec.cat\/educacio-literaria\/wp-json\/wp\/v2\/users\/1"}],"replies":[{"embeddable":true,"href":"https:\/\/projectes.xtec.cat\/educacio-literaria\/wp-json\/wp\/v2\/comments?post=8808"}],"version-history":[{"count":3,"href":"https:\/\/projectes.xtec.cat\/educacio-literaria\/wp-json\/wp\/v2\/posts\/8808\/revisions"}],"predecessor-version":[{"id":8819,"href":"https:\/\/projectes.xtec.cat\/educacio-literaria\/wp-json\/wp\/v2\/posts\/8808\/revisions\/8819"}],"wp:featuredmedia":[{"embeddable":true,"href":"https:\/\/projectes.xtec.cat\/educacio-literaria\/wp-json\/wp\/v2\/media\/8811"}],"wp:attachment":[{"href":"https:\/\/projectes.xtec.cat\/educacio-literaria\/wp-json\/wp\/v2\/media?parent=8808"}],"wp:term":[{"taxonomy":"category","embeddable":true,"href":"https:\/\/projectes.xtec.cat\/educacio-literaria\/wp-json\/wp\/v2\/categories?post=8808"},{"taxonomy":"post_tag","embeddable":true,"href":"https:\/\/projectes.xtec.cat\/educacio-literaria\/wp-json\/wp\/v2\/tags?post=8808"}],"curies":[{"name":"wp","href":"https:\/\/api.w.org\/{rel}","templated":true}]}}