{"id":8892,"date":"2023-10-19T11:00:35","date_gmt":"2023-10-19T09:00:35","guid":{"rendered":"https:\/\/projectes.xtec.cat\/educacio-literaria\/?p=8892"},"modified":"2023-10-19T11:01:37","modified_gmt":"2023-10-19T09:01:37","slug":"noves-situacions-daprenentatge-de-llengua-i-literatura-per-al-batxillerat-competencial","status":"publish","type":"post","link":"https:\/\/projectes.xtec.cat\/educacio-literaria\/general\/noves-situacions-daprenentatge-de-llengua-i-literatura-per-al-batxillerat-competencial\/","title":{"rendered":"Noves situacions d&#8217;aprenentatge de llengua i literatura per al batxillerat competencial"},"content":{"rendered":"\n<p style=\"text-align: justify;\"><a href=\"https:\/\/projectes.xtec.cat\/educacio-literaria\/wp-content\/uploads\/usu2578\/2023\/10\/documents.png\"><img loading=\"lazy\" decoding=\"async\" class=\" wp-image-8894 alignleft\" src=\"https:\/\/projectes.xtec.cat\/educacio-literaria\/wp-content\/uploads\/usu2578\/2023\/10\/documents.png\" alt=\"\" width=\"246\" height=\"246\" srcset=\"https:\/\/projectes.xtec.cat\/educacio-literaria\/wp-content\/uploads\/usu2578\/2023\/10\/documents.png 512w, https:\/\/projectes.xtec.cat\/educacio-literaria\/wp-content\/uploads\/usu2578\/2023\/10\/documents-300x300.png 300w, https:\/\/projectes.xtec.cat\/educacio-literaria\/wp-content\/uploads\/usu2578\/2023\/10\/documents-150x150.png 150w\" sizes=\"auto, (max-width: 246px) 100vw, 246px\" \/><\/a>A l&#8217;espai web de <a href=\"https:\/\/projectes.xtec.cat\/nou-curriculum\/batxillerat\/situacions-aprenentatge\/\">Situacions d&#8217;aprenentatge de batxillerat<\/a> de l&#8217;equip de curr\u00edculum del Departament d&#8217;Educaci\u00f3, hi trobareu penjades diverses situacions d&#8217;aprenentatge per a les mat\u00e8ries de llengua i literatura del nou batxillerat competencial. S\u00f3n les seg\u00fcents:<\/p>\n<p>\u00a0<\/p>\n<ul id=\"block-fa550a36-c8d8-44a8-82a4-b21b08f952bc\">\n<li><strong>Llengua Catalana i Literatura:<\/strong>\u00a0<a href=\"https:\/\/drive.google.com\/file\/d\/1u3mYEQ0CPKr8vx_oPtv47em6WYpzhR5S\/view?usp=sharing\" target=\"_blank\" rel=\"noreferrer noopener\">Manual d\u2019instruccions d\u2019un verb<\/a><\/li>\n<li><strong>Literatura Dram\u00e0tica:<\/strong>\u00a0<a href=\"https:\/\/drive.google.com\/file\/d\/1IlFx52Xedp1MDWGx4Eo5BtsD-D0bsb3Z\/view?usp=sharing\" target=\"_blank\" rel=\"noreferrer noopener\">El m\u00f3n a escena<\/a><\/li>\n<li><strong>Literatura Castellana<\/strong>:\u00a0<a href=\"https:\/\/drive.google.com\/file\/d\/1ZeQ-UpBsX_bGAPwhHbEVAZyDI_ga5xOi\/view?usp=sharing\" target=\"_blank\" rel=\"noreferrer noopener\">El amargo sabor de la traici\u00f3n<\/a><\/li>\n<li><strong>Literatura Universal:<\/strong>\u00a0<a href=\"https:\/\/drive.google.com\/file\/d\/1a_RHjOKet5NMwDBbPHbuKEVU4vPbL3jJ\/view?usp=sharing\" target=\"_blank\" rel=\"noreferrer noopener\">Qu\u00e8 em fa por? La barrera entre el possible i l\u2019impossible<\/a><\/li>\n<\/ul>\n","protected":false},"excerpt":{"rendered":"<p><a href=\"https:\/\/projectes.xtec.cat\/educacio-literaria\/wp-content\/uploads\/usu2578\/2023\/10\/documents.png\"><\/a>A l&#8217;espai web de <a href=\"https:\/\/projectes.xtec.cat\/nou-curriculum\/batxillerat\/situacions-aprenentatge\/\">Situacions d&#8217;aprenentatge de batxillerat<\/a> de l&#8217;equip de curr\u00edculum del Departament d&#8217;Educaci\u00f3, hi trobareu penjades diverses situacions d&#8217;aprenentatge per a les mat\u00e8ries de llengua i literatura del nou batxillerat competencial. S\u00f3n les seg\u00fcents:<br \/>\n\u00a0<\/p>\n<ul id=\"block-fa550a36-c8d8-44a8-82a4-b21b08f952bc\">\n<li>Llengua Catalana i Literatura:\u00a0<a href=\"https:\/\/drive.google.com\/file\/d\/1u3mYEQ0CPKr8vx_oPtv47em6WYpzhR5S\/view?usp=sharing\" target=\"_blank\" rel=\"noreferrer&hellip;  <a href=\"https:\/\/projectes.xtec.cat\/educacio-literaria\/general\/noves-situacions-daprenentatge-de-llengua-i-literatura-per-al-batxillerat-competencial\/\" title=\"Read Noves situacions d&#8217;aprenentatge de llengua i literatura per al batxillerat competencial\">Llegeix m\u00e9s\u00bb<\/a><br \/>\n","protected":false},"author":1,"featured_media":0,"comment_status":"open","ping_status":"open","sticky":false,"template":"","format":"standard","meta":{"_bbp_topic_count":0,"_bbp_reply_count":0,"_bbp_total_topic_count":0,"_bbp_total_reply_count":0,"_bbp_voice_count":0,"_bbp_anonymous_reply_count":0,"_bbp_topic_count_hidden":0,"_bbp_reply_count_hidden":0,"_bbp_forum_subforum_count":0,"footnotes":""},"categories":[294,1,29,76],"tags":[301,311,314,414,315,349],"class_list":["post-8892","post","type-post","status-publish","format-standard","hentry","category-batxillerat","category-general","category-portada","category-recursos","tag-batxillerat","tag-batxillerat-competencial","tag-literatura-castellana","tag-literatura-catalana-batxillerat","tag-literatura-universal","tag-llengua-catalana"],"post_mailing_queue_ids":[],"_links":{"self":[{"href":"https:\/\/projectes.xtec.cat\/educacio-literaria\/wp-json\/wp\/v2\/posts\/8892","targetHints":{"allow":["GET"]}}],"collection":[{"href":"https:\/\/projectes.xtec.cat\/educacio-literaria\/wp-json\/wp\/v2\/posts"}],"about":[{"href":"https:\/\/projectes.xtec.cat\/educacio-literaria\/wp-json\/wp\/v2\/types\/post"}],"author":[{"embeddable":true,"href":"https:\/\/projectes.xtec.cat\/educacio-literaria\/wp-json\/wp\/v2\/users\/1"}],"replies":[{"embeddable":true,"href":"https:\/\/projectes.xtec.cat\/educacio-literaria\/wp-json\/wp\/v2\/comments?post=8892"}],"version-history":[{"count":3,"href":"https:\/\/projectes.xtec.cat\/educacio-literaria\/wp-json\/wp\/v2\/posts\/8892\/revisions"}],"predecessor-version":[{"id":8896,"href":"https:\/\/projectes.xtec.cat\/educacio-literaria\/wp-json\/wp\/v2\/posts\/8892\/revisions\/8896"}],"wp:attachment":[{"href":"https:\/\/projectes.xtec.cat\/educacio-literaria\/wp-json\/wp\/v2\/media?parent=8892"}],"wp:term":[{"taxonomy":"category","embeddable":true,"href":"https:\/\/projectes.xtec.cat\/educacio-literaria\/wp-json\/wp\/v2\/categories?post=8892"},{"taxonomy":"post_tag","embeddable":true,"href":"https:\/\/projectes.xtec.cat\/educacio-literaria\/wp-json\/wp\/v2\/tags?post=8892"}],"curies":[{"name":"wp","href":"https:\/\/api.w.org\/{rel}","templated":true}]}}