{"id":8897,"date":"2023-10-24T12:57:02","date_gmt":"2023-10-24T10:57:02","guid":{"rendered":"https:\/\/projectes.xtec.cat\/educacio-literaria\/?p=8897"},"modified":"2023-10-24T12:57:03","modified_gmt":"2023-10-24T10:57:03","slug":"premi-filcat-ub-de-treballs-de-recerca-de-llengua-i-literatura-catalanes","status":"publish","type":"post","link":"https:\/\/projectes.xtec.cat\/educacio-literaria\/general\/premi-filcat-ub-de-treballs-de-recerca-de-llengua-i-literatura-catalanes\/","title":{"rendered":"Premi FilCat.UB de treballs de recerca de llengua i literatura catalanes"},"content":{"rendered":"\n<p style=\"text-align: justify;\">S&#8217;ha obert la convocat\u00f2ria\u00a0de la <a href=\"https:\/\/filcat.ub.edu\/premi-filcatub\">9a edici\u00f3 del\u00a0Premi\u00a0FilCat.UB (2024), de treballs de recerca de llengua i literatura catalanes de batxillerat<\/a>.\u00a0\u00a0<\/p>\n<p style=\"text-align: justify;\">El premi s&#8217;adre\u00e7a als estudiants de segon curs de batxillerat de tots els centres educatius de les\u00a0terres de llengua catalana, i t\u00e9 dues modalitats:<\/p>\n<ul style=\"text-align: justify;\">\n<li>Treballs de recerca de batxillerat sobre llengua catalana<\/li>\n<li>Treballs de recerca de batxillerat sobre literatura catalana<\/li>\n<\/ul>\n<p style=\"text-align: justify;\">Es premiaran els treballs originals i in\u00e8dits escrits en llengua catalana i sobre aquesta llengua o sobre\u00a0literatura catalana que excel\u00b7leixin pel seu inter\u00e8s, rigor i creativitat.<\/p>\n<p style=\"text-align: justify;\">S&#8217;hi poden presentar treballs fets el curs 2023-24 o treballs del curs anterior que, abans del juliol de 2023, hagin rebut la notificaci\u00f3 que seran inclosos en la 9a convocat\u00f2ria.\u00a0El termini de presentaci\u00f3 dels treballs \u00e9s el\u00a0<strong>31 de\u00a0mar\u00e7 del 2024<\/strong>.<\/p>\n<h3><strong>\u00a0<\/strong><strong>Com participar-hi<\/strong><\/h3>\n<p style=\"text-align: justify;\">Per poder optar al premi cal presentar una\u00a0<strong>sol\u00b7licitud de participaci\u00f3<\/strong>. Quan la sol\u00b7licitud sigui acceptada, els candidats rebran informaci\u00f3 per correu sobre el procediment que han de seguir per al lliurament de la documentaci\u00f3. Cal tenir present que, a part d&#8217;altres documents, s&#8217;haur\u00e0 de presentar una c\u00f2pia en format .pdf del\u00a0treball escrit\u00a0i un\u00a0v\u00eddeo de 3 minuts\u00a0on els candidats expliquin els aspectes essencials del treball (ha de ser un v\u00eddeo senzill, que es pot enregistrar amb el m\u00f2bil). Trobareu informaci\u00f3 m\u00e9s detallada a les\u00a0<a href=\"chrome-extension:\/\/efaidnbmnnnibpcajpcglclefindmkaj\/https:\/filcat.ub.edu\/sites\/default\/files\/inline-files\/bases_9_premi_filcatub_2024.pdf\">bases del premi<\/a>.<\/p>\n<h3><strong>\u00a0<\/strong><strong>Premis<\/strong><\/h3>\n<ul style=\"text-align: justify;\">\n<li>Premi al millor treball en la categoria de llengua catalana (350\u20ac, diploma i productes UB)<\/li>\n<li>Premi al millor treball en la categoria de literatura catalana\u00a0(350\u20ac, diploma i productes UB)<\/li>\n<li>2 mencions en la categoria de llengua catalana\u00a0(val de 100\u20ac per a la compra de llibres, diploma i productes UB)<\/li>\n<li>2 mencions en la categoria de literatura catalana\u00a0(val de 100\u20ac per a la compra de llibres, diploma i productes UB)<\/li>\n<\/ul>\n<p style=\"text-align: justify;\">En cas que el treball sigui col\u00b7lectiu, el premi es repartir\u00e0 entre els autors.<\/p>\n<h3>\u25ba\u00a0<a href=\"chrome-extension:\/\/efaidnbmnnnibpcajpcglclefindmkaj\/https:\/filcat.ub.edu\/sites\/default\/files\/inline-files\/bases_9_premi_filcatub_2024.pdf\"><strong>Bases de la 9a edici\u00f3 del Premi\u00a0Filcat.UB (2024)<\/strong><\/a><\/h3>\n<h3>\u25ba\u00a0<a href=\"chrome-extension:\/\/efaidnbmnnnibpcajpcglclefindmkaj\/https:\/filcat.ub.edu\/sites\/default\/files\/inline-files\/cartell_filcatubpremi_2024.pdf\"><strong>Cartell<\/strong><\/a><\/h3>\n<p>Trobareu tota la informaci\u00f3\u00a0 <a href=\"https:\/\/filcat.ub.edu\/bases-del-premi-filcatub-2024\">en aquest enlla\u00e7<\/a>.<\/p>\n","protected":false},"excerpt":{"rendered":"<p>S&#8217;ha obert la convocat\u00f2ria de la 9a edici\u00f3 del Premi FilCat.UB (2024), de treballs de recerca de llengua i literatura catalanes de batxillerat.  <\/p>\n<p>El premi s&#8217;adre\u00e7a als estudiants de segon curs de batxillerat de tots els centres educatius de les terres de llengua catalana, i t\u00e9 dues modalitats: treballs de recerca de batxillerat sobre llengua catalana i \ttreballs de recerca de batxillerat sobre literatura catalana<br \/>\n&hellip;  <a href=\"https:\/\/projectes.xtec.cat\/educacio-literaria\/general\/premi-filcat-ub-de-treballs-de-recerca-de-llengua-i-literatura-catalanes\/\" title=\"Read Premi FilCat.UB de treballs de recerca de llengua i literatura catalanes\">Llegeix m\u00e9s\u00bb<\/a><\/p>\n","protected":false},"author":1,"featured_media":8900,"comment_status":"open","ping_status":"open","sticky":false,"template":"","format":"standard","meta":{"_bbp_topic_count":0,"_bbp_reply_count":0,"_bbp_total_topic_count":0,"_bbp_total_reply_count":0,"_bbp_voice_count":0,"_bbp_anonymous_reply_count":0,"_bbp_topic_count_hidden":0,"_bbp_reply_count_hidden":0,"_bbp_forum_subforum_count":0,"footnotes":""},"categories":[64,1,29],"tags":[448,447,450,419,449],"class_list":["post-8897","post","type-post","status-publish","format-standard","has-post-thumbnail","hentry","category-comunitat","category-general","category-portada","tag-filcat","tag-filcat-ub","tag-llengua-i-literatura-catalanes","tag-premis","tag-ub"],"post_mailing_queue_ids":[],"_links":{"self":[{"href":"https:\/\/projectes.xtec.cat\/educacio-literaria\/wp-json\/wp\/v2\/posts\/8897","targetHints":{"allow":["GET"]}}],"collection":[{"href":"https:\/\/projectes.xtec.cat\/educacio-literaria\/wp-json\/wp\/v2\/posts"}],"about":[{"href":"https:\/\/projectes.xtec.cat\/educacio-literaria\/wp-json\/wp\/v2\/types\/post"}],"author":[{"embeddable":true,"href":"https:\/\/projectes.xtec.cat\/educacio-literaria\/wp-json\/wp\/v2\/users\/1"}],"replies":[{"embeddable":true,"href":"https:\/\/projectes.xtec.cat\/educacio-literaria\/wp-json\/wp\/v2\/comments?post=8897"}],"version-history":[{"count":4,"href":"https:\/\/projectes.xtec.cat\/educacio-literaria\/wp-json\/wp\/v2\/posts\/8897\/revisions"}],"predecessor-version":[{"id":8902,"href":"https:\/\/projectes.xtec.cat\/educacio-literaria\/wp-json\/wp\/v2\/posts\/8897\/revisions\/8902"}],"wp:featuredmedia":[{"embeddable":true,"href":"https:\/\/projectes.xtec.cat\/educacio-literaria\/wp-json\/wp\/v2\/media\/8900"}],"wp:attachment":[{"href":"https:\/\/projectes.xtec.cat\/educacio-literaria\/wp-json\/wp\/v2\/media?parent=8897"}],"wp:term":[{"taxonomy":"category","embeddable":true,"href":"https:\/\/projectes.xtec.cat\/educacio-literaria\/wp-json\/wp\/v2\/categories?post=8897"},{"taxonomy":"post_tag","embeddable":true,"href":"https:\/\/projectes.xtec.cat\/educacio-literaria\/wp-json\/wp\/v2\/tags?post=8897"}],"curies":[{"name":"wp","href":"https:\/\/api.w.org\/{rel}","templated":true}]}}