{"id":8993,"date":"2023-12-13T08:28:19","date_gmt":"2023-12-13T07:28:19","guid":{"rendered":"https:\/\/projectes.xtec.cat\/educacio-literaria\/?p=8993"},"modified":"2023-12-13T08:29:30","modified_gmt":"2023-12-13T07:29:30","slug":"obert-el-periode-dinscripcio-del-xiii-concurs-escolar-comic-barcelona","status":"publish","type":"post","link":"https:\/\/projectes.xtec.cat\/educacio-literaria\/general\/obert-el-periode-dinscripcio-del-xiii-concurs-escolar-comic-barcelona\/","title":{"rendered":"Obert el per\u00edode d\u2019inscripci\u00f3 del XIII Concurs escolar C\u00f2mic Barcelona"},"content":{"rendered":"\n<p style=\"text-align: justify;\"><a href=\"https:\/\/projectes.xtec.cat\/educacio-literaria\/wp-content\/uploads\/usu2578\/2023\/12\/bases_comic.jpg\"><img loading=\"lazy\" decoding=\"async\" class=\"size-full wp-image-8994 alignleft\" src=\"https:\/\/projectes.xtec.cat\/educacio-literaria\/wp-content\/uploads\/usu2578\/2023\/12\/bases_comic.jpg\" alt=\"\" width=\"249\" height=\"249\" srcset=\"https:\/\/projectes.xtec.cat\/educacio-literaria\/wp-content\/uploads\/usu2578\/2023\/12\/bases_comic.jpg 249w, https:\/\/projectes.xtec.cat\/educacio-literaria\/wp-content\/uploads\/usu2578\/2023\/12\/bases_comic-150x150.jpg 150w\" sizes=\"auto, (max-width: 249px) 100vw, 249px\" \/><\/a>En el marc de la 42 edici\u00f3 de C\u00f2mic Barcelona, FICOMIC, amb la col\u00b7laboraci\u00f3 del Departament d\u2019Educaci\u00f3 de la Generalitat de Catalunya, convoca el XIII Concurs escolar C\u00f2mic Barcelona.<\/p>\n<p style=\"text-align: justify;\">Per participar en el concurs, els docents hauran de formalitzar la inscripci\u00f3 accedint al formulari en l\u00ednia.<\/p>\n<p style=\"text-align: justify;\">S\u2019estableixen <strong>quatre categories<\/strong> en funci\u00f3 del nivell educatiu: des de cicle mitj\u00e0 de prim\u00e0ria a 4t d&#8217;ESO.<span style=\"font-size: inherit;\">\u00a0<\/span><\/p>\n<p><span style=\"font-size: inherit;\">La tem\u00e0tica del concurs d&#8217;enguany est\u00e0 relacionada amb L&#8217;ODS 11:\u00a0 <strong>\u201cCom t\u2019imagines una ciutat sostenible en un altre planeta o b\u00e9 en el futur?\u201d<\/strong><\/span><\/p>\n<p style=\"text-align: justify;\">En trobareu tota la informaci\u00f3 detallada <a href=\"https:\/\/xtec.gencat.cat\/ca\/centres\/premis-i-concursos\/concurs-escolar-comic-barcelona\/\" target=\"_blank\" rel=\"noopener\">AQU\u00cd<\/a>.<\/p>\n","protected":false},"excerpt":{"rendered":"<p><a href=\"https:\/\/projectes.xtec.cat\/educacio-literaria\/wp-content\/uploads\/usu2578\/2023\/12\/bases_comic.jpg\"><\/a>En el marc de la 42 edici\u00f3 de C\u00f2mic Barcelona, FICOMIC, amb la col\u00b7laboraci\u00f3 del Departament d\u2019Educaci\u00f3 de la Generalitat de Catalunya, convoca el XIII Concurs escolar C\u00f2mic Barcelona.<br \/>\nPer participar en el concurs, els docents hauran de formalitzar la inscripci\u00f3 accedint al formulari en&hellip;  <a href=\"https:\/\/projectes.xtec.cat\/educacio-literaria\/general\/obert-el-periode-dinscripcio-del-xiii-concurs-escolar-comic-barcelona\/\" title=\"Read Obert el per\u00edode d\u2019inscripci\u00f3 del XIII Concurs escolar C\u00f2mic Barcelona\">Llegeix m\u00e9s\u00bb<\/a><\/p>\n","protected":false},"author":1,"featured_media":8994,"comment_status":"open","ping_status":"open","sticky":false,"template":"","format":"standard","meta":{"_bbp_topic_count":0,"_bbp_reply_count":0,"_bbp_total_topic_count":0,"_bbp_total_reply_count":0,"_bbp_voice_count":0,"_bbp_anonymous_reply_count":0,"_bbp_topic_count_hidden":0,"_bbp_reply_count_hidden":0,"_bbp_forum_subforum_count":0,"footnotes":""},"categories":[290,294,293,1,29],"tags":[333,485,335,484],"class_list":["post-8993","post","type-post","status-publish","format-standard","has-post-thumbnail","hentry","category-activitats","category-batxillerat","category-eso","category-general","category-portada","tag-comic","tag-comic-barcelona","tag-concurs","tag-ficomic"],"post_mailing_queue_ids":[],"_links":{"self":[{"href":"https:\/\/projectes.xtec.cat\/educacio-literaria\/wp-json\/wp\/v2\/posts\/8993","targetHints":{"allow":["GET"]}}],"collection":[{"href":"https:\/\/projectes.xtec.cat\/educacio-literaria\/wp-json\/wp\/v2\/posts"}],"about":[{"href":"https:\/\/projectes.xtec.cat\/educacio-literaria\/wp-json\/wp\/v2\/types\/post"}],"author":[{"embeddable":true,"href":"https:\/\/projectes.xtec.cat\/educacio-literaria\/wp-json\/wp\/v2\/users\/1"}],"replies":[{"embeddable":true,"href":"https:\/\/projectes.xtec.cat\/educacio-literaria\/wp-json\/wp\/v2\/comments?post=8993"}],"version-history":[{"count":2,"href":"https:\/\/projectes.xtec.cat\/educacio-literaria\/wp-json\/wp\/v2\/posts\/8993\/revisions"}],"predecessor-version":[{"id":8996,"href":"https:\/\/projectes.xtec.cat\/educacio-literaria\/wp-json\/wp\/v2\/posts\/8993\/revisions\/8996"}],"wp:featuredmedia":[{"embeddable":true,"href":"https:\/\/projectes.xtec.cat\/educacio-literaria\/wp-json\/wp\/v2\/media\/8994"}],"wp:attachment":[{"href":"https:\/\/projectes.xtec.cat\/educacio-literaria\/wp-json\/wp\/v2\/media?parent=8993"}],"wp:term":[{"taxonomy":"category","embeddable":true,"href":"https:\/\/projectes.xtec.cat\/educacio-literaria\/wp-json\/wp\/v2\/categories?post=8993"},{"taxonomy":"post_tag","embeddable":true,"href":"https:\/\/projectes.xtec.cat\/educacio-literaria\/wp-json\/wp\/v2\/tags?post=8993"}],"curies":[{"name":"wp","href":"https:\/\/api.w.org\/{rel}","templated":true}]}}