{"id":9087,"date":"2024-01-23T13:14:36","date_gmt":"2024-01-23T12:14:36","guid":{"rendered":"https:\/\/projectes.xtec.cat\/educacio-literaria\/?p=9087"},"modified":"2024-01-23T13:19:11","modified_gmt":"2024-01-23T12:19:11","slug":"ultimes-places-disponibles-al-curs-el-patrimoni-literari-catala-els-reptes-densenyar-literatura-al-segle-xxi","status":"publish","type":"post","link":"https:\/\/projectes.xtec.cat\/educacio-literaria\/general\/ultimes-places-disponibles-al-curs-el-patrimoni-literari-catala-els-reptes-densenyar-literatura-al-segle-xxi\/","title":{"rendered":"\u00daltimes places disponibles al curs &#8220;El Patrimoni literari catal\u00e0: els reptes d&#8217;ensenyar literatura al segle XXI&#8221;"},"content":{"rendered":"\n\n\n<p style=\"text-align: justify;\"><a href=\"https:\/\/projectes.xtec.cat\/educacio-literaria\/wp-content\/uploads\/usu2578\/2024\/01\/open-book-.jpg\"><img loading=\"lazy\" decoding=\"async\" class=\" wp-image-9090 alignleft\" src=\"https:\/\/projectes.xtec.cat\/educacio-literaria\/wp-content\/uploads\/usu2578\/2024\/01\/open-book-.jpg\" alt=\"\" width=\"440\" height=\"292\" srcset=\"https:\/\/projectes.xtec.cat\/educacio-literaria\/wp-content\/uploads\/usu2578\/2024\/01\/open-book-.jpg 970w, https:\/\/projectes.xtec.cat\/educacio-literaria\/wp-content\/uploads\/usu2578\/2024\/01\/open-book--300x199.jpg 300w, https:\/\/projectes.xtec.cat\/educacio-literaria\/wp-content\/uploads\/usu2578\/2024\/01\/open-book--768x510.jpg 768w\" sizes=\"auto, (max-width: 440px) 100vw, 440px\" \/><\/a>Encara queden algunes places disponibles al curs <b>El Patrimoni literari catal\u00e0: els reptes d&#8217;ensenyar literatura al segle XXI, <\/b>organitzat pel Servei de Suports i Recursos Ling\u00fc\u00edstics del Departament d&#8217;Educaci\u00f3, i de 21 hores de durada. Us hi podeu inscriure <a href=\"https:\/\/aplicacions.gestioeducativa.gencat.cat\/pls\/soloas\/pk_for_mod_ins.p_for_pre_cons_activitats?p_totes=N&amp;p_paginar=N&amp;p_any=&amp;p_tipus_act=LITU,CLIT,CLIP,LITC,GLI1,GLI2,GLM1,GLM2,GLS1,GLS2,GLE1,GLE2,GLE3,GLE4,GLBT,LCCC,FAP1,CLP1,CLAS,CLAP,FAP2,FAP3,CLTT,PLIC,CLP3\">en aquest enlla\u00e7<\/a>.<\/p>\n<p>Aquest curs t\u00e9 tres sessions, dues de les quals es faran en l\u00ednia els dijous 15 i 29 de febrer a la tarda. La darrera sessi\u00f3 ser\u00e0 una trobada presencial el dissabte 9 de mar\u00e7 de 10 a 13h, al <a href=\"https:\/\/www.barcelona.cat\/museuhistoria\/ca\/patrimonis\/els-espais-del-muhba\/muhba-villa-joana\">MUHBA Vil\u00b7la Joana<\/a><a href=\"https:\/\/www.barcelona.cat\/museuhistoria\/ca\/patrimonis\/els-espais-del-muhba\/muhba-villa-joana\">, Casa Verdaguer de la literatura,<\/a> a Vallvidrera, on gaudirem d&#8217;una visita guiada a l&#8217;espai i del delici\u00f3s espectacle po\u00e8tic <a href=\"https:\/\/www.espaisescrits.cat\/ca\/que-fem\/noticies\/regala-t-literatura\">Espais enll\u00e0<\/a>, de Gemma Sangerman.<a href=\"https:\/\/projectes.xtec.cat\/educacio-literaria\/wp-content\/uploads\/usu2578\/2024\/01\/espais_enlla.png\"><img loading=\"lazy\" decoding=\"async\" class=\"wp-image-9091 alignright\" src=\"https:\/\/projectes.xtec.cat\/educacio-literaria\/wp-content\/uploads\/usu2578\/2024\/01\/espais_enlla.png\" alt=\"\" width=\"409\" height=\"270\" srcset=\"https:\/\/projectes.xtec.cat\/educacio-literaria\/wp-content\/uploads\/usu2578\/2024\/01\/espais_enlla.png 950w, https:\/\/projectes.xtec.cat\/educacio-literaria\/wp-content\/uploads\/usu2578\/2024\/01\/espais_enlla-300x198.png 300w, https:\/\/projectes.xtec.cat\/educacio-literaria\/wp-content\/uploads\/usu2578\/2024\/01\/espais_enlla-768x508.png 768w\" sizes=\"auto, (max-width: 409px) 100vw, 409px\" \/><\/a><\/p>\n\n\n\n<p>Les dues sessions en l\u00ednia s&#8217;estructuraran de la seg\u00fcent manera:<\/p>\n<p>\u00b7 Sessi\u00f3 1. Constru\u00efm itineraris lectors a partir de: Natura-paisatge i Habitar<br \/>\u00b7 Sessi\u00f3 2. Constru\u00efm itineraris lectors a partir de: Dona i Guerra-exili<\/p>\n<p>Les formadores s\u00f3n Julieta Torrents i Beth Contreras,\u00a0doctores en Did\u00e0ctica de la Llengua i la Literatura i membres del grup de recerca Poci\u00f3 (Poesia, Art i Educaci\u00f3) de la UAB.<\/p>\n<p><a href=\"https:\/\/projectes.xtec.cat\/educacio-literaria\/wp-content\/uploads\/usu2578\/2024\/01\/MUHBA-Vilajoana.jpg\"><img loading=\"lazy\" decoding=\"async\" class=\" wp-image-9092 alignleft\" src=\"https:\/\/projectes.xtec.cat\/educacio-literaria\/wp-content\/uploads\/usu2578\/2024\/01\/MUHBA-Vilajoana.jpg\" alt=\"\" width=\"499\" height=\"374\" srcset=\"https:\/\/projectes.xtec.cat\/educacio-literaria\/wp-content\/uploads\/usu2578\/2024\/01\/MUHBA-Vilajoana.jpg 950w, https:\/\/projectes.xtec.cat\/educacio-literaria\/wp-content\/uploads\/usu2578\/2024\/01\/MUHBA-Vilajoana-300x225.jpg 300w, https:\/\/projectes.xtec.cat\/educacio-literaria\/wp-content\/uploads\/usu2578\/2024\/01\/MUHBA-Vilajoana-768x576.jpg 768w, https:\/\/projectes.xtec.cat\/educacio-literaria\/wp-content\/uploads\/usu2578\/2024\/01\/MUHBA-Vilajoana-200x150.jpg 200w\" sizes=\"auto, (max-width: 499px) 100vw, 499px\" \/><\/a>Els objectius del curs s\u00f3n oferir eines per acostar el patrimoni literari catal\u00e0 a alumnat a partir dels grans temes que preocupen la ciutadania avui dia, descobrir el Mapa Literari Catal\u00e0 i les potencialitats per a l\u2019ensenyament i aprenentatge de la llengua i la literatura catalanes i mostrar les potencialitats educatives dels recursos educatius que ofereixen els centres de patrimoni literari, a m\u00e9s de promoure les visites, els tallers i les rutes liter\u00e0ries com a recurs educatiu.<\/p>\n<p>\u00a0<\/p>\n","protected":false},"excerpt":{"rendered":"<p>Encara queden algunes places disponibles al curs El Patrimoni literari catal\u00e0: els reptes d&#8217;ensenyar literatura al segle XXI, organitzat pel Servei de Suports i Recursos Ling\u00fc\u00edstics del Departament d&#8217;Educaci\u00f3, i de 21 hores de durada. Us hi podeu inscriure en aquest enlla\u00e7 fins al 31 de gener!&hellip;  <a href=\"https:\/\/projectes.xtec.cat\/educacio-literaria\/general\/ultimes-places-disponibles-al-curs-el-patrimoni-literari-catala-els-reptes-densenyar-literatura-al-segle-xxi\/\" title=\"Read \u00daltimes places disponibles al curs &#8220;El Patrimoni literari catal\u00e0: els reptes d&#8217;ensenyar literatura al segle XXI&#8221;\">Llegeix m\u00e9s\u00bb<\/a><\/p>\n","protected":false},"author":1,"featured_media":9092,"comment_status":"open","ping_status":"open","sticky":false,"template":"","format":"standard","meta":{"_bbp_topic_count":0,"_bbp_reply_count":0,"_bbp_total_topic_count":0,"_bbp_total_reply_count":0,"_bbp_voice_count":0,"_bbp_anonymous_reply_count":0,"_bbp_topic_count_hidden":0,"_bbp_reply_count_hidden":0,"_bbp_forum_subforum_count":0,"footnotes":""},"categories":[154,1,29],"tags":[306,425,313,504,520],"class_list":["post-9087","post","type-post","status-publish","format-standard","has-post-thumbnail","hentry","category-formacio","category-general","category-portada","tag-eso","tag-formacio-2023-2024","tag-literatura-catalana","tag-patrimoni-literari","tag-reptes-literatura"],"post_mailing_queue_ids":[],"_links":{"self":[{"href":"https:\/\/projectes.xtec.cat\/educacio-literaria\/wp-json\/wp\/v2\/posts\/9087","targetHints":{"allow":["GET"]}}],"collection":[{"href":"https:\/\/projectes.xtec.cat\/educacio-literaria\/wp-json\/wp\/v2\/posts"}],"about":[{"href":"https:\/\/projectes.xtec.cat\/educacio-literaria\/wp-json\/wp\/v2\/types\/post"}],"author":[{"embeddable":true,"href":"https:\/\/projectes.xtec.cat\/educacio-literaria\/wp-json\/wp\/v2\/users\/1"}],"replies":[{"embeddable":true,"href":"https:\/\/projectes.xtec.cat\/educacio-literaria\/wp-json\/wp\/v2\/comments?post=9087"}],"version-history":[{"count":3,"href":"https:\/\/projectes.xtec.cat\/educacio-literaria\/wp-json\/wp\/v2\/posts\/9087\/revisions"}],"predecessor-version":[{"id":9093,"href":"https:\/\/projectes.xtec.cat\/educacio-literaria\/wp-json\/wp\/v2\/posts\/9087\/revisions\/9093"}],"wp:featuredmedia":[{"embeddable":true,"href":"https:\/\/projectes.xtec.cat\/educacio-literaria\/wp-json\/wp\/v2\/media\/9092"}],"wp:attachment":[{"href":"https:\/\/projectes.xtec.cat\/educacio-literaria\/wp-json\/wp\/v2\/media?parent=9087"}],"wp:term":[{"taxonomy":"category","embeddable":true,"href":"https:\/\/projectes.xtec.cat\/educacio-literaria\/wp-json\/wp\/v2\/categories?post=9087"},{"taxonomy":"post_tag","embeddable":true,"href":"https:\/\/projectes.xtec.cat\/educacio-literaria\/wp-json\/wp\/v2\/tags?post=9087"}],"curies":[{"name":"wp","href":"https:\/\/api.w.org\/{rel}","templated":true}]}}