{"id":9112,"date":"2024-02-05T09:39:07","date_gmt":"2024-02-05T08:39:07","guid":{"rendered":"https:\/\/projectes.xtec.cat\/educacio-literaria\/?p=9112"},"modified":"2024-02-05T09:41:03","modified_gmt":"2024-02-05T08:41:03","slug":"no-us-perdeu-el-bcnegra-2024-el-festival-novella-negra-de-barcelona","status":"publish","type":"post","link":"https:\/\/projectes.xtec.cat\/educacio-literaria\/general\/no-us-perdeu-el-bcnegra-2024-el-festival-novella-negra-de-barcelona\/","title":{"rendered":"No us perdeu el #BCNegra 2024: el Festival Novel\u00b7la Negra de Barcelona"},"content":{"rendered":"\n\n\n<p style=\"text-align: justify;\"><a href=\"https:\/\/projectes.xtec.cat\/educacio-literaria\/wp-content\/uploads\/usu2578\/2024\/02\/BCNNegra.jpg\"><img loading=\"lazy\" decoding=\"async\" class=\" wp-image-9116 alignleft\" src=\"https:\/\/projectes.xtec.cat\/educacio-literaria\/wp-content\/uploads\/usu2578\/2024\/02\/BCNNegra.jpg\" alt=\"\" width=\"298\" height=\"489\" srcset=\"https:\/\/projectes.xtec.cat\/educacio-literaria\/wp-content\/uploads\/usu2578\/2024\/02\/BCNNegra.jpg 414w, https:\/\/projectes.xtec.cat\/educacio-literaria\/wp-content\/uploads\/usu2578\/2024\/02\/BCNNegra-183x300.jpg 183w\" sizes=\"auto, (max-width: 298px) 100vw, 298px\" \/><\/a>Aquesta segona setmana de febrer torna el <strong>Festival Novel\u00b7la Negra de Barcelona<\/strong>. Del <strong>5 a l\u201911 de febrer<\/strong>, la ciutat comtal s\u2019omple d\u2019espies, ja que enguany el lema de la trobada de novel\u00b7la negra convida a grans autors i autores a conversar sobre l\u2019espionatge, la privacitat i les noves tecnologies, etc. En definitiva, com ens hem convertit en espies i espiats.<\/p>\n<p style=\"text-align: justify;\"><a href=\"https:\/\/projectes.xtec.cat\/educacio-literaria\/wp-content\/uploads\/usu2578\/2024\/02\/bcnnegra2.jpg\"><img loading=\"lazy\" decoding=\"async\" class=\" wp-image-9114 alignright\" src=\"https:\/\/projectes.xtec.cat\/educacio-literaria\/wp-content\/uploads\/usu2578\/2024\/02\/bcnnegra2.jpg\" alt=\"\" width=\"352\" height=\"293\" srcset=\"https:\/\/projectes.xtec.cat\/educacio-literaria\/wp-content\/uploads\/usu2578\/2024\/02\/bcnnegra2.jpg 414w, https:\/\/projectes.xtec.cat\/educacio-literaria\/wp-content\/uploads\/usu2578\/2024\/02\/bcnnegra2-300x250.jpg 300w\" sizes=\"auto, (max-width: 352px) 100vw, 352px\" \/><\/a>Com en altres edicions, les converses i les taules rodones s\u00f3n l\u2019eix central del festival, tot i que tamb\u00e9 hi ha previstes rutes liter\u00e0ries, tallers, exposicions, projeccions de cinema a la Filmoteca, cabaret i, fins i tot, un joc de preguntes i respostes creat per a l\u2019ocasi\u00f3.<\/p>\n<p style=\"text-align: justify;\">Totes les activitats tenen entrada lliure, tret de les projeccions de la Filmoteca de Catalunya que s\u00f3n de pagament. Els aforaments s\u00f3n limitats i no cal fer reserva pr\u00e8via.<\/p>\n<p>Podeu consultar el programa \u00a0i tota la informaci\u00f3 detallada al <a href=\"https:\/\/www.barcelona.cat\/bcnegra\/ca\/programa\">web BCNegra 2024<\/a>.<\/p>\n\n\n","protected":false},"excerpt":{"rendered":"<p>Del 5 a l&#8217;11 de febrer torna el #BCNegra 2024: el Festival Novel\u00b7la Negra de Barcelona. &hellip;  <a href=\"https:\/\/projectes.xtec.cat\/educacio-literaria\/general\/no-us-perdeu-el-bcnegra-2024-el-festival-novella-negra-de-barcelona\/\" title=\"Read No us perdeu el #BCNegra 2024: el Festival Novel\u00b7la Negra de Barcelona\">Llegeix m\u00e9s\u00bb<\/a><\/p>\n","protected":false},"author":1,"featured_media":9120,"comment_status":"open","ping_status":"open","sticky":false,"template":"","format":"standard","meta":{"_bbp_topic_count":0,"_bbp_reply_count":0,"_bbp_total_topic_count":0,"_bbp_total_reply_count":0,"_bbp_voice_count":0,"_bbp_anonymous_reply_count":0,"_bbp_topic_count_hidden":0,"_bbp_reply_count_hidden":0,"_bbp_forum_subforum_count":0,"footnotes":""},"categories":[64,66,1,29,287],"tags":[523,524,525],"class_list":["post-9112","post","type-post","status-publish","format-standard","has-post-thumbnail","hentry","category-comunitat","category-dinamitzacio","category-general","category-portada","category-recomanacions-literaries","tag-bcnegra","tag-festival","tag-novella-negra"],"post_mailing_queue_ids":[],"_links":{"self":[{"href":"https:\/\/projectes.xtec.cat\/educacio-literaria\/wp-json\/wp\/v2\/posts\/9112","targetHints":{"allow":["GET"]}}],"collection":[{"href":"https:\/\/projectes.xtec.cat\/educacio-literaria\/wp-json\/wp\/v2\/posts"}],"about":[{"href":"https:\/\/projectes.xtec.cat\/educacio-literaria\/wp-json\/wp\/v2\/types\/post"}],"author":[{"embeddable":true,"href":"https:\/\/projectes.xtec.cat\/educacio-literaria\/wp-json\/wp\/v2\/users\/1"}],"replies":[{"embeddable":true,"href":"https:\/\/projectes.xtec.cat\/educacio-literaria\/wp-json\/wp\/v2\/comments?post=9112"}],"version-history":[{"count":4,"href":"https:\/\/projectes.xtec.cat\/educacio-literaria\/wp-json\/wp\/v2\/posts\/9112\/revisions"}],"predecessor-version":[{"id":9119,"href":"https:\/\/projectes.xtec.cat\/educacio-literaria\/wp-json\/wp\/v2\/posts\/9112\/revisions\/9119"}],"wp:featuredmedia":[{"embeddable":true,"href":"https:\/\/projectes.xtec.cat\/educacio-literaria\/wp-json\/wp\/v2\/media\/9120"}],"wp:attachment":[{"href":"https:\/\/projectes.xtec.cat\/educacio-literaria\/wp-json\/wp\/v2\/media?parent=9112"}],"wp:term":[{"taxonomy":"category","embeddable":true,"href":"https:\/\/projectes.xtec.cat\/educacio-literaria\/wp-json\/wp\/v2\/categories?post=9112"},{"taxonomy":"post_tag","embeddable":true,"href":"https:\/\/projectes.xtec.cat\/educacio-literaria\/wp-json\/wp\/v2\/tags?post=9112"}],"curies":[{"name":"wp","href":"https:\/\/api.w.org\/{rel}","templated":true}]}}