{"id":9150,"date":"2024-02-16T12:27:04","date_gmt":"2024-02-16T11:27:04","guid":{"rendered":"https:\/\/projectes.xtec.cat\/educacio-literaria\/?p=9150"},"modified":"2024-02-16T12:27:04","modified_gmt":"2024-02-16T11:27:04","slug":"una-exposicio-sobre-lectura-i-escriptura","status":"publish","type":"post","link":"https:\/\/projectes.xtec.cat\/educacio-literaria\/general\/una-exposicio-sobre-lectura-i-escriptura\/","title":{"rendered":"Una exposici\u00f3 sobre lectura i escriptura"},"content":{"rendered":"\n\n\n<p style=\"text-align: justify;\"><a href=\"https:\/\/projectes.xtec.cat\/educacio-literaria\/wp-content\/uploads\/usu2578\/2024\/02\/Lectura_veu_alta.jpg\"><img loading=\"lazy\" decoding=\"async\" class=\" wp-image-9151 alignleft\" src=\"https:\/\/projectes.xtec.cat\/educacio-literaria\/wp-content\/uploads\/usu2578\/2024\/02\/Lectura_veu_alta.jpg\" alt=\"\" width=\"265\" height=\"257\" srcset=\"https:\/\/projectes.xtec.cat\/educacio-literaria\/wp-content\/uploads\/usu2578\/2024\/02\/Lectura_veu_alta.jpg 740w, https:\/\/projectes.xtec.cat\/educacio-literaria\/wp-content\/uploads\/usu2578\/2024\/02\/Lectura_veu_alta-300x291.jpg 300w\" sizes=\"auto, (max-width: 265px) 100vw, 265px\" \/><\/a>Amb motiu de l&#8217;efem\u00e8ride del <a href=\"https:\/\/www.litworld.org\/worldreadaloudday\">Dia Mundial de la Lectura en Veu Alta<\/a>, la Biblioteca del Departament d\u2019Educaci\u00f3 ha preparat una mostra de publicacions sobre Lectura i escriptura. Podeu visitar l&#8217;exposici\u00f3 del 12 al 13 de febrer a la Biblioteca dels Serveis Centrals del Departament d&#8217;Educaci\u00f3, a Via Augusta 202, a Barcelona o b\u00e9 consultar-la en l\u00ednia: <a href=\"https:\/\/espai.educacio.gencat.cat\/Recursos\/Biblioteca\/Activitats\/Pagines\/expo-actual.aspx\">Exposici\u00f3 sobre lectura i escriptura &#8211; Departament d&#8217;Educaci\u00f3 (gencat.cat)<\/a><\/p>\n\n\n","protected":false},"excerpt":{"rendered":"<p><a href=\"https:\/\/projectes.xtec.cat\/educacio-literaria\/wp-content\/uploads\/usu2578\/2024\/02\/Lectura_veu_alta.jpg\"><\/a>Amb motiu de l&#8217;efem\u00e8ride del <a href=\"https:\/\/www.litworld.org\/worldreadaloudday\">Dia Mundial de la Lectura en Veu Alta<\/a>, la Biblioteca del Departament d\u2019Educaci\u00f3 ha preparat una mostra de publicacions sobre Lectura i escriptura. Podeu visitar l&#8217;exposici\u00f3 del 12 al 13 de febrer a la Biblioteca dels Serveis Centrals&hellip;  <a href=\"https:\/\/projectes.xtec.cat\/educacio-literaria\/general\/una-exposicio-sobre-lectura-i-escriptura\/\" title=\"Read Una exposici\u00f3 sobre lectura i escriptura\">Llegeix m\u00e9s\u00bb<\/a><\/p>\n","protected":false},"author":1,"featured_media":9152,"comment_status":"open","ping_status":"open","sticky":false,"template":"","format":"standard","meta":{"_bbp_topic_count":0,"_bbp_reply_count":0,"_bbp_total_topic_count":0,"_bbp_total_reply_count":0,"_bbp_voice_count":0,"_bbp_anonymous_reply_count":0,"_bbp_topic_count_hidden":0,"_bbp_reply_count_hidden":0,"_bbp_forum_subforum_count":0,"footnotes":""},"categories":[1,29,287,288],"tags":[376,542,546,330,545,549,547,548],"class_list":["post-9150","post","type-post","status-publish","format-standard","has-post-thumbnail","hentry","category-general","category-portada","category-recomanacions-literaries","category-recursos-per-al-professorat","tag-biblioteca","tag-dia-mundial-de-la-lectura-en-veu-alta","tag-exposicio","tag-lectura","tag-lectura-i-escriptura","tag-llibres-referencia-lectura","tag-recomanacions-lectura","tag-recursos-docents"],"post_mailing_queue_ids":[],"_links":{"self":[{"href":"https:\/\/projectes.xtec.cat\/educacio-literaria\/wp-json\/wp\/v2\/posts\/9150","targetHints":{"allow":["GET"]}}],"collection":[{"href":"https:\/\/projectes.xtec.cat\/educacio-literaria\/wp-json\/wp\/v2\/posts"}],"about":[{"href":"https:\/\/projectes.xtec.cat\/educacio-literaria\/wp-json\/wp\/v2\/types\/post"}],"author":[{"embeddable":true,"href":"https:\/\/projectes.xtec.cat\/educacio-literaria\/wp-json\/wp\/v2\/users\/1"}],"replies":[{"embeddable":true,"href":"https:\/\/projectes.xtec.cat\/educacio-literaria\/wp-json\/wp\/v2\/comments?post=9150"}],"version-history":[{"count":1,"href":"https:\/\/projectes.xtec.cat\/educacio-literaria\/wp-json\/wp\/v2\/posts\/9150\/revisions"}],"predecessor-version":[{"id":9153,"href":"https:\/\/projectes.xtec.cat\/educacio-literaria\/wp-json\/wp\/v2\/posts\/9150\/revisions\/9153"}],"wp:featuredmedia":[{"embeddable":true,"href":"https:\/\/projectes.xtec.cat\/educacio-literaria\/wp-json\/wp\/v2\/media\/9152"}],"wp:attachment":[{"href":"https:\/\/projectes.xtec.cat\/educacio-literaria\/wp-json\/wp\/v2\/media?parent=9150"}],"wp:term":[{"taxonomy":"category","embeddable":true,"href":"https:\/\/projectes.xtec.cat\/educacio-literaria\/wp-json\/wp\/v2\/categories?post=9150"},{"taxonomy":"post_tag","embeddable":true,"href":"https:\/\/projectes.xtec.cat\/educacio-literaria\/wp-json\/wp\/v2\/tags?post=9150"}],"curies":[{"name":"wp","href":"https:\/\/api.w.org\/{rel}","templated":true}]}}