{"id":9184,"date":"2024-03-06T08:00:00","date_gmt":"2024-03-06T07:00:00","guid":{"rendered":"https:\/\/projectes.xtec.cat\/educacio-literaria\/?p=9184"},"modified":"2024-03-05T14:54:50","modified_gmt":"2024-03-05T13:54:50","slug":"arriba-la-14a-edicio-del-flic-el-festival-de-literatura-i-arts-infantil-i-juvenil","status":"publish","type":"post","link":"https:\/\/projectes.xtec.cat\/educacio-literaria\/general\/arriba-la-14a-edicio-del-flic-el-festival-de-literatura-i-arts-infantil-i-juvenil\/","title":{"rendered":"Arriba la 14a edici\u00f3 del FLIC, el festival de literatura i arts infantil i juvenil"},"content":{"rendered":"\n\n\n<p style=\"text-align: justify;\"><a href=\"https:\/\/projectes.xtec.cat\/educacio-literaria\/wp-content\/uploads\/usu2578\/2024\/03\/FLIC-2024-picto.jpg\"><img loading=\"lazy\" decoding=\"async\" class=\"wp-image-9186 alignright\" src=\"https:\/\/projectes.xtec.cat\/educacio-literaria\/wp-content\/uploads\/usu2578\/2024\/03\/FLIC-2024-picto.jpg\" alt=\"\" width=\"526\" height=\"296\" srcset=\"https:\/\/projectes.xtec.cat\/educacio-literaria\/wp-content\/uploads\/usu2578\/2024\/03\/FLIC-2024-picto.jpg 1920w, https:\/\/projectes.xtec.cat\/educacio-literaria\/wp-content\/uploads\/usu2578\/2024\/03\/FLIC-2024-picto-300x169.jpg 300w, https:\/\/projectes.xtec.cat\/educacio-literaria\/wp-content\/uploads\/usu2578\/2024\/03\/FLIC-2024-picto-1024x576.jpg 1024w, https:\/\/projectes.xtec.cat\/educacio-literaria\/wp-content\/uploads\/usu2578\/2024\/03\/FLIC-2024-picto-768x432.jpg 768w, https:\/\/projectes.xtec.cat\/educacio-literaria\/wp-content\/uploads\/usu2578\/2024\/03\/FLIC-2024-picto-1536x864.jpg 1536w\" sizes=\"auto, (max-width: 526px) 100vw, 526px\" \/><\/a>El FLIC \u00e9s un festival impulsat per Tant\u00e0gora amb l\u2019objectiu de fomentar el gust per la lectura i l\u2019h\u00e0bit lector a trav\u00e9s d\u2019una programaci\u00f3 dirigida al p\u00fablic familiar i als adolescents.\u00a0M\u00e9s enll\u00e0 de llegir, el FLIC obre nous camins perqu\u00e8 els llibres i les generacions joves es trobin: la\u00a0fusi\u00f3 de disciplines art\u00edstiques, la\u00a0imaginaci\u00f3\u00a0i la\u00a0creativitat, el\u00a0joc\u00a0i la diversi\u00f3, la transgressi\u00f3 i la capacitat cr\u00edtica s\u00f3n claus per entendre la seva programaci\u00f3.<\/p>\n<p style=\"text-align: justify;\">Cada edici\u00f3 del festival aborda de manera diferent el fet literari: el p\u00fablic objectiu, els col\u00b7laboradors i les estrat\u00e8gies van variant de seu en seu per tal d\u2019oferir una mirada complement\u00e0ria i panor\u00e0mica sobre la literatura i l\u2019h\u00e0bit lector.<\/p>\n<p style=\"text-align: justify;\">Enguany, la primera parada del FLIC \u00e9s al <a href=\"https:\/\/flicfestival.com\/project\/barcelona\/\"><strong>Disseny Hub<\/strong><\/a>, a Barcelona, els dies 16 i 17 de mar\u00e7. Per\u00f2 tamb\u00e9 passar\u00e0 per la <a href=\"https:\/\/flicfestival.com\/project\/vall-de-ribes\/\"><strong>Vall de Ribes<\/strong><\/a> (Pl. Mercat de Ribes de Freser), el 29 de mar\u00e7; pel <a href=\"https:\/\/flicfestival.com\/project\/rossello-conflent\/\"><strong>Rossell\u00f3-Conflent<\/strong><\/a> (Biblioteca de Ribes del 24 de maig al 5 de juny); i per <a href=\"https:\/\/flicfestival.com\/project\/vic\/\"><strong>Vic<\/strong><\/a> (Casino de Vic), del 19 al 26 d&#8217;octubre.\u00a0<\/p>\n<p style=\"text-align: justify;\">Al FLIC Barcelona hi ha tres espais diferents, cadascun pensat per a una franja d\u2019edat concreta: de 5 mesos a 6 anys, de 6 a 11 anys i m\u00e9s de 12 anys. Teniu descompte amb el carnet de Biblioteques!<\/p>\n\n\n","protected":false},"excerpt":{"rendered":"<p>Dissabte 16 i diumenge 17 de mar\u00e7, al Disseny Hub Barcelona (\u200b\u200bpla\u00e7a de les Gl\u00f2ries, 37) se celebra el Festival FLIC, la gran cita familiar al voltant de la creaci\u00f3 liter\u00e0ria infantil i juvenil.&hellip;  <a href=\"https:\/\/projectes.xtec.cat\/educacio-literaria\/general\/arriba-la-14a-edicio-del-flic-el-festival-de-literatura-i-arts-infantil-i-juvenil\/\" title=\"Read Arriba la 14a edici\u00f3 del FLIC, el festival de literatura i arts infantil i juvenil\">Llegeix m\u00e9s\u00bb<\/a><\/p>\n","protected":false},"author":1,"featured_media":9186,"comment_status":"open","ping_status":"open","sticky":false,"template":"","format":"standard","meta":{"_bbp_topic_count":0,"_bbp_reply_count":0,"_bbp_total_topic_count":0,"_bbp_total_reply_count":0,"_bbp_voice_count":0,"_bbp_anonymous_reply_count":0,"_bbp_topic_count_hidden":0,"_bbp_reply_count_hidden":0,"_bbp_forum_subforum_count":0,"footnotes":""},"categories":[64,1,29],"tags":[561,560,562],"class_list":["post-9184","post","type-post","status-publish","format-standard","has-post-thumbnail","hentry","category-comunitat","category-general","category-portada","tag-festival-literatura","tag-flic","tag-tantagora"],"post_mailing_queue_ids":[],"_links":{"self":[{"href":"https:\/\/projectes.xtec.cat\/educacio-literaria\/wp-json\/wp\/v2\/posts\/9184","targetHints":{"allow":["GET"]}}],"collection":[{"href":"https:\/\/projectes.xtec.cat\/educacio-literaria\/wp-json\/wp\/v2\/posts"}],"about":[{"href":"https:\/\/projectes.xtec.cat\/educacio-literaria\/wp-json\/wp\/v2\/types\/post"}],"author":[{"embeddable":true,"href":"https:\/\/projectes.xtec.cat\/educacio-literaria\/wp-json\/wp\/v2\/users\/1"}],"replies":[{"embeddable":true,"href":"https:\/\/projectes.xtec.cat\/educacio-literaria\/wp-json\/wp\/v2\/comments?post=9184"}],"version-history":[{"count":3,"href":"https:\/\/projectes.xtec.cat\/educacio-literaria\/wp-json\/wp\/v2\/posts\/9184\/revisions"}],"predecessor-version":[{"id":9188,"href":"https:\/\/projectes.xtec.cat\/educacio-literaria\/wp-json\/wp\/v2\/posts\/9184\/revisions\/9188"}],"wp:featuredmedia":[{"embeddable":true,"href":"https:\/\/projectes.xtec.cat\/educacio-literaria\/wp-json\/wp\/v2\/media\/9186"}],"wp:attachment":[{"href":"https:\/\/projectes.xtec.cat\/educacio-literaria\/wp-json\/wp\/v2\/media?parent=9184"}],"wp:term":[{"taxonomy":"category","embeddable":true,"href":"https:\/\/projectes.xtec.cat\/educacio-literaria\/wp-json\/wp\/v2\/categories?post=9184"},{"taxonomy":"post_tag","embeddable":true,"href":"https:\/\/projectes.xtec.cat\/educacio-literaria\/wp-json\/wp\/v2\/tags?post=9184"}],"curies":[{"name":"wp","href":"https:\/\/api.w.org\/{rel}","templated":true}]}}