{"id":9217,"date":"2024-03-20T08:54:03","date_gmt":"2024-03-20T07:54:03","guid":{"rendered":"https:\/\/projectes.xtec.cat\/educacio-literaria\/?p=9217"},"modified":"2024-03-20T09:18:54","modified_gmt":"2024-03-20T08:18:54","slug":"activitat-formativa-maria-angels-anglada-a-figueres","status":"publish","type":"post","link":"https:\/\/projectes.xtec.cat\/educacio-literaria\/general\/activitat-formativa-maria-angels-anglada-a-figueres\/","title":{"rendered":"Activitat formativa: Maria \u00c0ngels Anglada a Figueres"},"content":{"rendered":"\n\n\n<p style=\"text-align: justify;\"><a href=\"https:\/\/projectes.xtec.cat\/educacio-literaria\/wp-content\/uploads\/usu2578\/2024\/03\/Manglada.jpg\"><img loading=\"lazy\" decoding=\"async\" class=\"size-full wp-image-9218 alignleft\" src=\"https:\/\/projectes.xtec.cat\/educacio-literaria\/wp-content\/uploads\/usu2578\/2024\/03\/Manglada.jpg\" alt=\"\" width=\"259\" height=\"194\" srcset=\"https:\/\/projectes.xtec.cat\/educacio-literaria\/wp-content\/uploads\/usu2578\/2024\/03\/Manglada.jpg 259w, https:\/\/projectes.xtec.cat\/educacio-literaria\/wp-content\/uploads\/usu2578\/2024\/03\/Manglada-200x150.jpg 200w\" sizes=\"auto, (max-width: 259px) 100vw, 259px\" \/><\/a>Si voleu gaudir d\u2019una matinal de literatura primaverenca, encara queden algunes places disponibles per a la sessi\u00f3 formativa sobre\u00a0<strong>Maria \u00c0ngels Anglada<\/strong>\u00a0que tindr\u00e0 lloc el proper\u00a0<strong>dissabte 6 d\u2019abril de 10 a 13 h<\/strong>\u00a0a la Biblioteca P\u00fablica Carles Fages de Climent de Figueres.\u00a0<\/p>\n<p style=\"text-align: justify;\">Aquest curs, producte de la\u00a0<strong>col\u00b7laboraci\u00f3<\/strong>\u00a0entre el Departament d\u2019Educaci\u00f3 i Espais Escrits. Xarxa del Patrimoni Literari Catal\u00e0, t\u00e9 un reconeixement de 5 hores de formaci\u00f3. L\u2019objectiu \u00e9s con\u00e8ixer la figura i l\u2019obra de l\u2019autora i dotar d\u2019eines i estrat\u00e8gies als docents de llengua i literatura per treballar-la a l\u2019aula.<\/p>\n<p>Podeu inscriure-us-hi\u00a0<a href=\"https:\/\/aplicacions.gestioeducativa.gencat.cat\/pls\/soloas\/pk_for_mod_ins.p_for_pre_cons_activitats?p_totes=N&amp;p_paginar=N&amp;p_any=&amp;p_tipus_act=LITU,CLIT,CLIP,LITC,GLI1,GLI2,GLM1,GLM2,GLS1,GLS2,GLE1,GLE2,GLE3,GLE4,GLBT,LCCC,FAP1,CLP1,CLAS,CLAP,FAP2,FAP3,CLTT,PLIC,CLP3\">en aquest enlla\u00e7<\/a>.<\/p>\n<p>El programa previst \u00e9s el seg\u00fcent:<\/p>\n<p style=\"text-align: justify;\"><strong>10.00 h<\/strong>\u00a0Benvinguda\u00a0<br \/><strong>10.10 h<\/strong>\u00a0Xerrada \u201cMaria \u00c0ngels Anglada, escriptora\u201d, a c\u00e0rrec de Mari\u00e0ngela Vilallonga, Catedr\u00e0tica de Filologia Llatina\u00a0i directora de la C\u00e0tedra de Patrimoni Literari M. \u00c0ngels Anglada- Carles Fages de Climent de la UdG<br \/><strong>10.55 h<\/strong>\u00a0Torn obert de preguntes<br \/><strong>11.30 h<\/strong>\u00a0Ruta liter\u00e0ria \u201cMaria \u00c0ngels Anglada a Figueres\u201d, a c\u00e0rrec d\u2019Anna Perera, t\u00e8cnica de la C\u00e0tedra de Patrimoni Literari M. \u00c0ngels Anglada- Carles Fages de Climent de la UdG.<a href=\"https:\/\/projectes.xtec.cat\/educacio-literaria\/wp-content\/uploads\/usu2578\/2024\/03\/logo-any-vayreda.png\"><img loading=\"lazy\" decoding=\"async\" class=\" wp-image-9220 alignright\" src=\"https:\/\/projectes.xtec.cat\/educacio-literaria\/wp-content\/uploads\/usu2578\/2024\/03\/logo-any-vayreda.png\" alt=\"\" width=\"149\" height=\"253\" srcset=\"https:\/\/projectes.xtec.cat\/educacio-literaria\/wp-content\/uploads\/usu2578\/2024\/03\/logo-any-vayreda.png 500w, https:\/\/projectes.xtec.cat\/educacio-literaria\/wp-content\/uploads\/usu2578\/2024\/03\/logo-any-vayreda-177x300.png 177w\" sizes=\"auto, (max-width: 149px) 100vw, 149px\" \/><\/a><\/p>\n<p>Acabarem amb una visita guiada a la biblioteca Carles Fages de Climent, on hi ha no nom\u00e9s el fons Maria \u00c0ngels Anglada sin\u00f3 tamb\u00e9 el de la poeta de l\u2019Empord\u00e0 Montserrat Vayreda, de la qual enguany celebrem el centenari del naixement.<\/p>\n","protected":false},"excerpt":{"rendered":"<p><a href=\"https:\/\/projectes.xtec.cat\/educacio-literaria\/wp-content\/uploads\/usu2578\/2024\/03\/Manglada.jpg\"><\/a>Si voleu gaudir d\u2019una matinal de literatura primaverenca, encara queden algunes places disponibles per a la sessi\u00f3 formativa sobre\u00a0Maria \u00c0ngels Anglada\u00a0que tindr\u00e0 lloc el proper\u00a0dissabte 6 d\u2019abril de 10 a 13 h\u00a0a la Biblioteca P\u00fablica Carles Fages de Climent de Figueres.\u00a0<br \/>\nAquest curs, producte de&hellip;  <a href=\"https:\/\/projectes.xtec.cat\/educacio-literaria\/general\/activitat-formativa-maria-angels-anglada-a-figueres\/\" title=\"Read Activitat formativa: Maria \u00c0ngels Anglada a Figueres\">Llegeix m\u00e9s\u00bb<\/a><\/p>\n","protected":false},"author":1,"featured_media":9235,"comment_status":"open","ping_status":"open","sticky":false,"template":"","format":"standard","meta":{"_bbp_topic_count":0,"_bbp_reply_count":0,"_bbp_total_topic_count":0,"_bbp_total_reply_count":0,"_bbp_voice_count":0,"_bbp_anonymous_reply_count":0,"_bbp_topic_count_hidden":0,"_bbp_reply_count_hidden":0,"_bbp_forum_subforum_count":0,"footnotes":""},"categories":[154,1,29],"tags":[571,310,572,436,570],"class_list":["post-9217","post","type-post","status-publish","format-standard","has-post-thumbnail","hentry","category-formacio","category-general","category-portada","tag-anglada","tag-espais-escrits","tag-figueres","tag-formacio-professorat","tag-maria-angels-anglada"],"post_mailing_queue_ids":[],"_links":{"self":[{"href":"https:\/\/projectes.xtec.cat\/educacio-literaria\/wp-json\/wp\/v2\/posts\/9217","targetHints":{"allow":["GET"]}}],"collection":[{"href":"https:\/\/projectes.xtec.cat\/educacio-literaria\/wp-json\/wp\/v2\/posts"}],"about":[{"href":"https:\/\/projectes.xtec.cat\/educacio-literaria\/wp-json\/wp\/v2\/types\/post"}],"author":[{"embeddable":true,"href":"https:\/\/projectes.xtec.cat\/educacio-literaria\/wp-json\/wp\/v2\/users\/1"}],"replies":[{"embeddable":true,"href":"https:\/\/projectes.xtec.cat\/educacio-literaria\/wp-json\/wp\/v2\/comments?post=9217"}],"version-history":[{"count":6,"href":"https:\/\/projectes.xtec.cat\/educacio-literaria\/wp-json\/wp\/v2\/posts\/9217\/revisions"}],"predecessor-version":[{"id":9233,"href":"https:\/\/projectes.xtec.cat\/educacio-literaria\/wp-json\/wp\/v2\/posts\/9217\/revisions\/9233"}],"wp:featuredmedia":[{"embeddable":true,"href":"https:\/\/projectes.xtec.cat\/educacio-literaria\/wp-json\/wp\/v2\/media\/9235"}],"wp:attachment":[{"href":"https:\/\/projectes.xtec.cat\/educacio-literaria\/wp-json\/wp\/v2\/media?parent=9217"}],"wp:term":[{"taxonomy":"category","embeddable":true,"href":"https:\/\/projectes.xtec.cat\/educacio-literaria\/wp-json\/wp\/v2\/categories?post=9217"},{"taxonomy":"post_tag","embeddable":true,"href":"https:\/\/projectes.xtec.cat\/educacio-literaria\/wp-json\/wp\/v2\/tags?post=9217"}],"curies":[{"name":"wp","href":"https:\/\/api.w.org\/{rel}","templated":true}]}}