{"id":9242,"date":"2024-04-05T13:15:35","date_gmt":"2024-04-05T11:15:35","guid":{"rendered":"https:\/\/projectes.xtec.cat\/educacio-literaria\/?p=9242"},"modified":"2024-04-05T13:22:40","modified_gmt":"2024-04-05T11:22:40","slug":"nou-itinerari-literari-de-lectura-guiada-per-a-llengua-catalana-i-literatura-de-2n-de-batxillerat","status":"publish","type":"post","link":"https:\/\/projectes.xtec.cat\/educacio-literaria\/general\/nou-itinerari-literari-de-lectura-guiada-per-a-llengua-catalana-i-literatura-de-2n-de-batxillerat\/","title":{"rendered":"Nou itinerari literari de lectura guiada per a Llengua catalana i Literatura de 2n de batxillerat"},"content":{"rendered":"\n\n\n<p style=\"text-align: justify;\"><a href=\"https:\/\/projectes.xtec.cat\/educacio-literaria\/wp-content\/uploads\/usu2578\/2024\/04\/Itinerari2-e1712316059446.jpg\"><img loading=\"lazy\" decoding=\"async\" class=\"size-full wp-image-9248 alignleft\" src=\"https:\/\/projectes.xtec.cat\/educacio-literaria\/wp-content\/uploads\/usu2578\/2024\/04\/Itinerari2-e1712316059446.jpg\" alt=\"\" width=\"400\" height=\"283\" \/><\/a>Amb el t\u00edtol \u00abLes formes d\u2019interioritzar la realitat en la poesia actual: l\u2019exemple de <em>Tantes mudes<\/em>,\u00a0 de Mireia Calafell, en di\u00e0leg amb altres autors\u00bb, aquesta proposta de lectura guiada parteix d\u2019un poemari actual. El fil conductor permet aprofundir en el g\u00e8nere po\u00e8tic mitjan\u00e7ant l\u2019an\u00e0lisi de les caracter\u00edstiques d\u2019aquesta obra i relacionar algunes d\u2019aquestes composicions amb d\u2019altres textos po\u00e8tics. \u00a0<\/p>\n<p>Podeu consultar el document i descarregar-vos-el <a href=\"https:\/\/xtec.gencat.cat\/web\/.content\/curriculum\/batxillerat\/Itinerari-literari_def_acc.pdf\">al web d\u2019xtec<\/a>.<\/p>\n","protected":false},"excerpt":{"rendered":"<p><a href=\"https:\/\/projectes.xtec.cat\/educacio-literaria\/wp-content\/uploads\/usu2578\/2024\/04\/Itinerari2-e1712316059446.jpg\"><\/a>Amb el t\u00edtol \u00abLes formes d\u2019interioritzar la realitat en la poesia actual: l\u2019exemple de Tantes mudes,\u00a0 de Mireia Calafell, en di\u00e0leg amb altres autors\u00bb, aquesta proposta de lectura guiada parteix d\u2019un poemari actual. El fil conductor permet aprofundir en el g\u00e8nere po\u00e8tic mitjan\u00e7ant l\u2019an\u00e0lisi&hellip;  <a href=\"https:\/\/projectes.xtec.cat\/educacio-literaria\/general\/nou-itinerari-literari-de-lectura-guiada-per-a-llengua-catalana-i-literatura-de-2n-de-batxillerat\/\" title=\"Read Nou itinerari literari de lectura guiada per a Llengua catalana i Literatura de 2n de batxillerat\">Llegeix m\u00e9s\u00bb<\/a><\/p>\n","protected":false},"author":1,"featured_media":9248,"comment_status":"open","ping_status":"open","sticky":false,"template":"","format":"standard","meta":{"_bbp_topic_count":0,"_bbp_reply_count":0,"_bbp_total_topic_count":0,"_bbp_total_reply_count":0,"_bbp_voice_count":0,"_bbp_anonymous_reply_count":0,"_bbp_topic_count_hidden":0,"_bbp_reply_count_hidden":0,"_bbp_forum_subforum_count":0,"footnotes":""},"categories":[1,29,288],"tags":[301,311,313,318],"class_list":["post-9242","post","type-post","status-publish","format-standard","has-post-thumbnail","hentry","category-general","category-portada","category-recursos-per-al-professorat","tag-batxillerat","tag-batxillerat-competencial","tag-literatura-catalana","tag-poesia"],"post_mailing_queue_ids":[],"_links":{"self":[{"href":"https:\/\/projectes.xtec.cat\/educacio-literaria\/wp-json\/wp\/v2\/posts\/9242","targetHints":{"allow":["GET"]}}],"collection":[{"href":"https:\/\/projectes.xtec.cat\/educacio-literaria\/wp-json\/wp\/v2\/posts"}],"about":[{"href":"https:\/\/projectes.xtec.cat\/educacio-literaria\/wp-json\/wp\/v2\/types\/post"}],"author":[{"embeddable":true,"href":"https:\/\/projectes.xtec.cat\/educacio-literaria\/wp-json\/wp\/v2\/users\/1"}],"replies":[{"embeddable":true,"href":"https:\/\/projectes.xtec.cat\/educacio-literaria\/wp-json\/wp\/v2\/comments?post=9242"}],"version-history":[{"count":4,"href":"https:\/\/projectes.xtec.cat\/educacio-literaria\/wp-json\/wp\/v2\/posts\/9242\/revisions"}],"predecessor-version":[{"id":9249,"href":"https:\/\/projectes.xtec.cat\/educacio-literaria\/wp-json\/wp\/v2\/posts\/9242\/revisions\/9249"}],"wp:featuredmedia":[{"embeddable":true,"href":"https:\/\/projectes.xtec.cat\/educacio-literaria\/wp-json\/wp\/v2\/media\/9248"}],"wp:attachment":[{"href":"https:\/\/projectes.xtec.cat\/educacio-literaria\/wp-json\/wp\/v2\/media?parent=9242"}],"wp:term":[{"taxonomy":"category","embeddable":true,"href":"https:\/\/projectes.xtec.cat\/educacio-literaria\/wp-json\/wp\/v2\/categories?post=9242"},{"taxonomy":"post_tag","embeddable":true,"href":"https:\/\/projectes.xtec.cat\/educacio-literaria\/wp-json\/wp\/v2\/tags?post=9242"}],"curies":[{"name":"wp","href":"https:\/\/api.w.org\/{rel}","templated":true}]}}