{"id":9250,"date":"2024-04-08T11:22:46","date_gmt":"2024-04-08T09:22:46","guid":{"rendered":"https:\/\/projectes.xtec.cat\/educacio-literaria\/?p=9250"},"modified":"2024-04-08T11:22:47","modified_gmt":"2024-04-08T09:22:47","slug":"jornada-pedagogica-comic-barcelona-2","status":"publish","type":"post","link":"https:\/\/projectes.xtec.cat\/educacio-literaria\/general\/jornada-pedagogica-comic-barcelona-2\/","title":{"rendered":"Jornada Pedag\u00f2gica C\u00f2mic Barcelona"},"content":{"rendered":"\n\n\n\n\n<p style=\"text-align: justify; background: white; margin: 0cm 0cm 15.0pt 0cm;\"><span style=\"font-family: 'Arial',sans-serif; color: #444444;\"><a href=\"https:\/\/projectes.xtec.cat\/educacio-literaria\/wp-content\/uploads\/usu2578\/2024\/04\/Jornada-pedagogica-comic-bcn.png_1637373458.png\"><img loading=\"lazy\" decoding=\"async\" class=\"size-full wp-image-9252 alignleft\" src=\"https:\/\/projectes.xtec.cat\/educacio-literaria\/wp-content\/uploads\/usu2578\/2024\/04\/Jornada-pedagogica-comic-bcn.png_1637373458.png\" alt=\"\" width=\"410\" height=\"275\" srcset=\"https:\/\/projectes.xtec.cat\/educacio-literaria\/wp-content\/uploads\/usu2578\/2024\/04\/Jornada-pedagogica-comic-bcn.png_1637373458.png 410w, https:\/\/projectes.xtec.cat\/educacio-literaria\/wp-content\/uploads\/usu2578\/2024\/04\/Jornada-pedagogica-comic-bcn.png_1637373458-300x201.png 300w\" sizes=\"auto, (max-width: 410px) 100vw, 410px\" \/><\/a>El proper divendres 3 de maig, de 15.00 a 20.00 h, tindr\u00e0 lloc la Jornada Pedag\u00f2gica C\u00f2mic Barcelona. Aquesta trobada, que es far\u00e0 de 15 h a 20 h a la Fira de Montju\u00efc, a Barcelona, t\u00e9 com a objectiu fonamental potenciar la lectura d\u2019aquest g\u00e8nere a les aules, explorar les possibilitats que t\u00e9 com a recurs did\u00e0ctic, descobrir estrat\u00e8gies de treball i con\u00e8ixer les novetats editorials del m\u00f3n del c\u00f2mic.<\/span><\/p>\n<p style=\"text-align: start; background: white; box-sizing: border-box; text-rendering: optimizelegibility; font-variant-ligatures: normal; font-variant-caps: normal; orphans: 2; widows: 2; -webkit-text-stroke-width: 0px; text-decoration-thickness: initial; text-decoration-style: initial; text-decoration-color: initial; word-spacing: 0px; margin: 0cm 0cm 15.0pt 0cm;\"><span style=\"font-family: 'Arial',sans-serif; color: #444444;\">Est\u00e0 adre\u00e7ada al professorat\u00a0d\u2019educaci\u00f3 infantil, prim\u00e0ria i secund\u00e0ria i als responsables de biblioteca de centres educatius. Consulteu el <a title=\"Programa de la Jornada\" href=\"https:\/\/xtec.gencat.cat\/web\/.content\/portadesseccions\/02-centres\/activitatsagenda\/pdf\/programa_XVII_JC_r.pdf\" target=\"_blank\" rel=\"noopener\"><strong style=\"box-sizing: border-box; line-height: inherit;\"><span style=\"font-family: 'Arial',sans-serif; color: #087eb6; text-decoration: none; text-underline: none;\">Programa de la Jornada<\/span><\/strong><\/a>. <\/span><\/p>\n<p style=\"text-align: justify; background: white; margin: 0cm 0cm 15.0pt 0cm;\"><span style=\"font-family: 'Arial',sans-serif; color: #444444;\">Enlla\u00e7\u00a0a la <a title=\"enlla\u00e7\" href=\"https:\/\/aplicacions.gestioeducativa.gencat.cat\/pls\/soloas\/pk_for_mod_ins.p_for_cons_activitats?&amp;p_excloure_crp_rec=T&amp;p_any=2023-2024&amp;p_codi=9000230555\" target=\"_blank\" rel=\"noopener\"><strong style=\"box-sizing: border-box; line-height: inherit;\"><span style=\"font-family: 'Arial',sans-serif; color: #087eb6; text-decoration: none; text-underline: none;\">inscripci\u00f3<\/span><\/strong><\/a> (podeu <strong><span style=\"font-family: 'Arial',sans-serif;\"><a title=\"Consulta sobre admissi\u00f3 a la jornada:\" href=\"https:\/\/xtec.gencat.cat\/ca\/formacio\/la-meva-formacio\/les-meves-activitats\/\" target=\"_blank\" rel=\"noopener\"><span style=\"color: #087eb6; font-weight: normal;\">consultar si hi heu estat admesos<\/span> <span style=\"color: #444444; font-weight: normal; text-decoration: none; text-underline: none;\">a partir del 29 d\u2019abril<\/span><span style=\"color: #087eb6; font-weight: normal;\">)<\/span><\/a><\/span><\/strong> <\/span><\/p>\n","protected":false},"excerpt":{"rendered":"<p><a href=\"https:\/\/projectes.xtec.cat\/educacio-literaria\/wp-content\/uploads\/usu2578\/2024\/04\/Jornada-pedagogica-comic-bcn.png_1637373458.png\"><\/a>El proper divendres 3 de maig, de 15.00 a 20.00 h, tindr\u00e0 lloc la Jornada Pedag\u00f2gica C\u00f2mic Barcelona. Aquesta trobada, que es far\u00e0 de 15 h a 20 h a la Fira de Montju\u00efc, a Barcelona, t\u00e9 com a objectiu fonamental potenciar la lectura&hellip;  <a href=\"https:\/\/projectes.xtec.cat\/educacio-literaria\/general\/jornada-pedagogica-comic-barcelona-2\/\" title=\"Read Jornada Pedag\u00f2gica C\u00f2mic Barcelona\">Llegeix m\u00e9s\u00bb<\/a><\/p>\n","protected":false},"author":1,"featured_media":9252,"comment_status":"open","ping_status":"open","sticky":false,"template":"","format":"standard","meta":{"_bbp_topic_count":0,"_bbp_reply_count":0,"_bbp_total_topic_count":0,"_bbp_total_reply_count":0,"_bbp_voice_count":0,"_bbp_anonymous_reply_count":0,"_bbp_topic_count_hidden":0,"_bbp_reply_count_hidden":0,"_bbp_forum_subforum_count":0,"footnotes":""},"categories":[154,1,29],"tags":[333,485],"class_list":["post-9250","post","type-post","status-publish","format-standard","has-post-thumbnail","hentry","category-formacio","category-general","category-portada","tag-comic","tag-comic-barcelona"],"post_mailing_queue_ids":[],"_links":{"self":[{"href":"https:\/\/projectes.xtec.cat\/educacio-literaria\/wp-json\/wp\/v2\/posts\/9250","targetHints":{"allow":["GET"]}}],"collection":[{"href":"https:\/\/projectes.xtec.cat\/educacio-literaria\/wp-json\/wp\/v2\/posts"}],"about":[{"href":"https:\/\/projectes.xtec.cat\/educacio-literaria\/wp-json\/wp\/v2\/types\/post"}],"author":[{"embeddable":true,"href":"https:\/\/projectes.xtec.cat\/educacio-literaria\/wp-json\/wp\/v2\/users\/1"}],"replies":[{"embeddable":true,"href":"https:\/\/projectes.xtec.cat\/educacio-literaria\/wp-json\/wp\/v2\/comments?post=9250"}],"version-history":[{"count":2,"href":"https:\/\/projectes.xtec.cat\/educacio-literaria\/wp-json\/wp\/v2\/posts\/9250\/revisions"}],"predecessor-version":[{"id":9253,"href":"https:\/\/projectes.xtec.cat\/educacio-literaria\/wp-json\/wp\/v2\/posts\/9250\/revisions\/9253"}],"wp:featuredmedia":[{"embeddable":true,"href":"https:\/\/projectes.xtec.cat\/educacio-literaria\/wp-json\/wp\/v2\/media\/9252"}],"wp:attachment":[{"href":"https:\/\/projectes.xtec.cat\/educacio-literaria\/wp-json\/wp\/v2\/media?parent=9250"}],"wp:term":[{"taxonomy":"category","embeddable":true,"href":"https:\/\/projectes.xtec.cat\/educacio-literaria\/wp-json\/wp\/v2\/categories?post=9250"},{"taxonomy":"post_tag","embeddable":true,"href":"https:\/\/projectes.xtec.cat\/educacio-literaria\/wp-json\/wp\/v2\/tags?post=9250"}],"curies":[{"name":"wp","href":"https:\/\/api.w.org\/{rel}","templated":true}]}}