{"id":9285,"date":"2024-05-06T11:00:00","date_gmt":"2024-05-06T09:00:00","guid":{"rendered":"https:\/\/projectes.xtec.cat\/educacio-literaria\/?p=9285"},"modified":"2024-05-06T08:53:06","modified_gmt":"2024-05-06T06:53:06","slug":"jornades-destiu-del-collectiu-pere-quart-el-canon-literari-a-laula-teatre-i-poesia-a-labast","status":"publish","type":"post","link":"https:\/\/projectes.xtec.cat\/educacio-literaria\/general\/jornades-destiu-del-collectiu-pere-quart-el-canon-literari-a-laula-teatre-i-poesia-a-labast\/","title":{"rendered":"Jornades d&#8217;estiu del Col\u00b7lectiu Pere Quart: \u00abEl c\u00e0non literari a l\u2019aula: teatre i poesia a l\u2019abast\u00bb"},"content":{"rendered":"\n\n\n<p style=\"text-align: justify;\"><a href=\"https:\/\/projectes.xtec.cat\/educacio-literaria\/wp-content\/uploads\/usu2578\/2024\/05\/Cartell.png\"><img loading=\"lazy\" decoding=\"async\" class=\" wp-image-9295 alignleft\" src=\"https:\/\/projectes.xtec.cat\/educacio-literaria\/wp-content\/uploads\/usu2578\/2024\/05\/Cartell.png\" alt=\"\" width=\"257\" height=\"377\" srcset=\"https:\/\/projectes.xtec.cat\/educacio-literaria\/wp-content\/uploads\/usu2578\/2024\/05\/Cartell.png 601w, https:\/\/projectes.xtec.cat\/educacio-literaria\/wp-content\/uploads\/usu2578\/2024\/05\/Cartell-205x300.png 205w\" sizes=\"auto, (max-width: 257px) 100vw, 257px\" \/><\/a>Els propers 8 i 9 de juliol el\u00a0<a href=\"https:\/\/collectiuperequart.wordpress.com\/\">Col\u00b7lectiu Pere Quart<\/a>, amb la col\u00b7laboraci\u00f3 del Departament d\u2019Educaci\u00f3, UAB \u2013 Departament de Filologia Catalana, CRAE (Centre de Recerca en Arts Esc\u00e8niques) i MUET (M\u00e0ster Universitari en Estudis Teatrals),\u00a0organitza les jornades \u00ab<strong>El c\u00e0non literari a l\u2019aula: teatre i poesia a l\u2019abast\u00bb<\/strong>.<\/p>\n<p style=\"text-align: justify;\">Aquesta formaci\u00f3, que est\u00e0 adre\u00e7ada a professorat de secund\u00e0ria i batxillerat, t\u00e9 com a objectiu oferir estrat\u00e8gies i materials per treballar la literatura, tant a secund\u00e0ria com a batxillerat. Es far\u00e0 a la<strong> Universitat Aut\u00f2noma de Barcelona<\/strong> (Sala de Graus de la Facultat de Filosofia i Lletres de la UAB) i t\u00e9 un reconeixement de <strong>10 h de formaci\u00f3<\/strong> pel Departament d\u2019Educaci\u00f3. El preu \u00e9s de 20 \u20ac per als socis del Col\u00b7lectiu Pere Quart i de 40 \u20ac per a la resta de participants.<\/p>\n<p style=\"text-align: justify;\">Al web del Col\u00b7lectiu Pere Quart trobareu l\u2018<a href=\"https:\/\/docs.google.com\/forms\/d\/e\/1FAIpQLSeKjnp2k25hXZdTtw0jhwbtQqHkY616TaHr-a0DuSbwrI_8Qg\/viewform\">enlla\u00e7 a la inscripci\u00f3<\/a>\u00a0i tota la\u00a0<a href=\"https:\/\/collectiuperequart.wordpress.com\/2024\/04\/26\/jornada-de-formacio-del-professorat-8-i-9-de-juliol-de-2024\/\">informaci\u00f3 detallada<\/a>\u00a0sobre la Jornada.<\/p>\n<p><a href=\"https:\/\/projectes.xtec.cat\/educacio-literaria\/wp-content\/uploads\/usu2578\/2024\/05\/canon.jpg\"><img loading=\"lazy\" decoding=\"async\" class=\"wp-image-9296 aligncenter\" src=\"https:\/\/projectes.xtec.cat\/educacio-literaria\/wp-content\/uploads\/usu2578\/2024\/05\/canon.jpg\" alt=\"\" width=\"799\" height=\"578\" srcset=\"https:\/\/projectes.xtec.cat\/educacio-literaria\/wp-content\/uploads\/usu2578\/2024\/05\/canon.jpg 1125w, https:\/\/projectes.xtec.cat\/educacio-literaria\/wp-content\/uploads\/usu2578\/2024\/05\/canon-300x217.jpg 300w, https:\/\/projectes.xtec.cat\/educacio-literaria\/wp-content\/uploads\/usu2578\/2024\/05\/canon-1024x742.jpg 1024w, https:\/\/projectes.xtec.cat\/educacio-literaria\/wp-content\/uploads\/usu2578\/2024\/05\/canon-768x556.jpg 768w\" sizes=\"auto, (max-width: 799px) 100vw, 799px\" \/><\/a><\/p>\n","protected":false},"excerpt":{"rendered":"<p><a href=\"https:\/\/projectes.xtec.cat\/educacio-literaria\/wp-content\/uploads\/usu2578\/2024\/05\/Cartell.png\"><\/a>Els propers 8 i 9 de juliol el\u00a0<a href=\"https:\/\/collectiuperequart.wordpress.com\/\">Col\u00b7lectiu Pere Quart<\/a>, amb la col\u00b7laboraci\u00f3 del Departament d\u2019Educaci\u00f3, UAB \u2013 Departament de Filologia Catalana, CRAE (Centre de Recerca en Arts Esc\u00e8niques) i MUET (M\u00e0ster Universitari en Estudis Teatrals),\u00a0organitza les jornades \u00abEl c\u00e0non literari a l\u2019aula:&hellip;  <a href=\"https:\/\/projectes.xtec.cat\/educacio-literaria\/general\/jornades-destiu-del-collectiu-pere-quart-el-canon-literari-a-laula-teatre-i-poesia-a-labast\/\" title=\"Read Jornades d&#8217;estiu del Col\u00b7lectiu Pere Quart: \u00abEl c\u00e0non literari a l\u2019aula: teatre i poesia a l\u2019abast\u00bb\">Llegeix m\u00e9s\u00bb<\/a><\/p>\n","protected":false},"author":1,"featured_media":9298,"comment_status":"open","ping_status":"open","sticky":false,"template":"","format":"standard","meta":{"_bbp_topic_count":0,"_bbp_reply_count":0,"_bbp_total_topic_count":0,"_bbp_total_reply_count":0,"_bbp_voice_count":0,"_bbp_anonymous_reply_count":0,"_bbp_topic_count_hidden":0,"_bbp_reply_count_hidden":0,"_bbp_forum_subforum_count":0,"footnotes":""},"categories":[154,1,29],"tags":[584,323,585,583,420,318,390],"class_list":["post-9285","post","type-post","status-publish","format-standard","has-post-thumbnail","hentry","category-formacio","category-general","category-portada","tag-canon-literari","tag-collectiu-pere-quart","tag-eso-i-batxillerat","tag-formacio-estiu","tag-literatura-dramatica","tag-poesia","tag-teatre"],"post_mailing_queue_ids":[],"_links":{"self":[{"href":"https:\/\/projectes.xtec.cat\/educacio-literaria\/wp-json\/wp\/v2\/posts\/9285","targetHints":{"allow":["GET"]}}],"collection":[{"href":"https:\/\/projectes.xtec.cat\/educacio-literaria\/wp-json\/wp\/v2\/posts"}],"about":[{"href":"https:\/\/projectes.xtec.cat\/educacio-literaria\/wp-json\/wp\/v2\/types\/post"}],"author":[{"embeddable":true,"href":"https:\/\/projectes.xtec.cat\/educacio-literaria\/wp-json\/wp\/v2\/users\/1"}],"replies":[{"embeddable":true,"href":"https:\/\/projectes.xtec.cat\/educacio-literaria\/wp-json\/wp\/v2\/comments?post=9285"}],"version-history":[{"count":4,"href":"https:\/\/projectes.xtec.cat\/educacio-literaria\/wp-json\/wp\/v2\/posts\/9285\/revisions"}],"predecessor-version":[{"id":9300,"href":"https:\/\/projectes.xtec.cat\/educacio-literaria\/wp-json\/wp\/v2\/posts\/9285\/revisions\/9300"}],"wp:featuredmedia":[{"embeddable":true,"href":"https:\/\/projectes.xtec.cat\/educacio-literaria\/wp-json\/wp\/v2\/media\/9298"}],"wp:attachment":[{"href":"https:\/\/projectes.xtec.cat\/educacio-literaria\/wp-json\/wp\/v2\/media?parent=9285"}],"wp:term":[{"taxonomy":"category","embeddable":true,"href":"https:\/\/projectes.xtec.cat\/educacio-literaria\/wp-json\/wp\/v2\/categories?post=9285"},{"taxonomy":"post_tag","embeddable":true,"href":"https:\/\/projectes.xtec.cat\/educacio-literaria\/wp-json\/wp\/v2\/tags?post=9285"}],"curies":[{"name":"wp","href":"https:\/\/api.w.org\/{rel}","templated":true}]}}