{"id":9307,"date":"2024-05-23T08:08:07","date_gmt":"2024-05-23T06:08:07","guid":{"rendered":"https:\/\/projectes.xtec.cat\/educacio-literaria\/?p=9307"},"modified":"2024-05-23T08:09:55","modified_gmt":"2024-05-23T06:09:55","slug":"submergiu-vos-en-la-literatura-catalana-de-la-ma-dels-seus-protagonistes-amb-lletres-compartides-2","status":"publish","type":"post","link":"https:\/\/projectes.xtec.cat\/educacio-literaria\/general\/submergiu-vos-en-la-literatura-catalana-de-la-ma-dels-seus-protagonistes-amb-lletres-compartides-2\/","title":{"rendered":"Submergiu-vos en la literatura catalana de la m\u00e0 dels seus protagonistes amb Lletres Compartides"},"content":{"rendered":"\n<p style=\"text-align: justify;\"><a href=\"https:\/\/projectes.xtec.cat\/educacio-literaria\/wp-content\/uploads\/usu2578\/2024\/05\/unnamed.png\"><img loading=\"lazy\" decoding=\"async\" class=\"alignnone size-full wp-image-9306\" src=\"https:\/\/projectes.xtec.cat\/educacio-literaria\/wp-content\/uploads\/usu2578\/2024\/05\/unnamed.png\" alt=\"\" width=\"1120\" height=\"353\" srcset=\"https:\/\/projectes.xtec.cat\/educacio-literaria\/wp-content\/uploads\/usu2578\/2024\/05\/unnamed.png 1120w, https:\/\/projectes.xtec.cat\/educacio-literaria\/wp-content\/uploads\/usu2578\/2024\/05\/unnamed-300x95.png 300w, https:\/\/projectes.xtec.cat\/educacio-literaria\/wp-content\/uploads\/usu2578\/2024\/05\/unnamed-1024x323.png 1024w, https:\/\/projectes.xtec.cat\/educacio-literaria\/wp-content\/uploads\/usu2578\/2024\/05\/unnamed-768x242.png 768w\" sizes=\"auto, (max-width: 1120px) 100vw, 1120px\" \/><\/a>Arriba la tercera edici\u00f3 de&nbsp;<strong>Lletres Compartides<\/strong>&nbsp;i l\u2019oportunitat de rebre escriptors bale\u00e0rics, valencians i de la Catalunya Nord a les aules i a la biblioteca del vostre centre educatiu.<u><\/u><u><\/u><\/p>\n<p style=\"text-align: justify;\">Els territoris de parla catalana tenim un gran espai literari com\u00fa. Des de la Instituci\u00f3 de les Lletres Catalanes (ILC) volem apropar els autors de tot el domini ling\u00fc\u00edstic als lectors que encara no els han llegit i posar-los en relaci\u00f3 amb tot el sector de la dinamitzaci\u00f3 liter\u00e0ria dels altres territoris.<u><\/u><u><\/u><\/p>\n<p style=\"text-align: justify;\"><strong>Lletres Compartides&nbsp;<\/strong>\u00e9s un programa que va n\u00e9ixer fa tres anys i est\u00e0 impulsat conjuntament per la ILC, l\u2019Acad\u00e8mia Valenciana de la Llengua, la Fundaci\u00f3 Mallorca Liter\u00e0ria, l\u2019Institut Menorqu\u00ed d\u2019Estudis, l\u2019Associaci\u00f3 d\u2019Escriptors en Llengua Catalana (AELC), la Casa de la Generalitat de Catalunya a Perpiny\u00e0 i l\u2019Oficina P\u00fablica de la Llengua Catalana.<u><\/u><u><\/u><\/p>\n<p style=\"text-align: justify;\">Enguany el programa ha renovat completament la n\u00f2mina d\u2019autors que hi participen. A m\u00e9s d\u2019oferir recursos per submergir-se en la seva obra, cada territori acull alguns escriptors d&#8217;altres indrets perqu\u00e8 centres educatius i biblioteques organitzin activitats al voltant de les seves obres.<u><\/u><u><\/u><\/p>\n<p style=\"text-align: justify;\"><strong><span style=\"color: #eb6e6e;\">4 de juny, sessi\u00f3 informativa<\/span><\/strong><br>Per presentar-vos les noves propostes de la tercera edici\u00f3 de<strong>&nbsp;Lletres Compartides<\/strong>, us convidem el pr\u00f2xim 4 de juny a les 17 h a una sessi\u00f3 informativa en l\u00ednia amb els quatre autors itinerants que visitaran Catalunya d&#8217;octubre a desembre de 2024.<u><\/u><u><\/u><\/p>\n<p style=\"text-align: justify;\"><strong><span style=\"color: #eb6e6e;\">La vostra opini\u00f3 tamb\u00e9 compta!<\/span><\/strong><br>A banda de les presentacions dels autors, durant el&nbsp;<em>webinar<\/em>&nbsp;tamb\u00e9 hi haur\u00e0 un espai per conversar i que ens expliqueu qu\u00e8 espereu del programa, ens traslladeu dubtes, etc.<u><\/u><u><\/u><\/p>\n<p style=\"text-align: justify;\"><em>Si voleu organitzar alguna activitat liter\u00e0ria amb algun dels autors al vostre centre educatiu, cal que us inscrigueu i participeu en la sessi\u00f3 informativa.<\/em><\/p>\n\n\n\n<p><a href=\"https:\/\/forms.office.com\/Pages\/ResponsePage.aspx?id=3CeUOw7TvEOMBv9yU2dv7EMuA6rnzWFBvBE9BsegA0hUMkU1MFgxMTcyWlBOVzZVOUE1QlhaMEw4TC4u\" target=\"_blank\" rel=\"noopener\" data-saferedirecturl=\"https:\/\/www.google.com\/url?q=https:\/\/forms.office.com\/Pages\/ResponsePage.aspx?id%3D3CeUOw7TvEOMBv9yU2dv7EMuA6rnzWFBvBE9BsegA0hUMkU1MFgxMTcyWlBOVzZVOUE1QlhaMEw4TC4u&amp;source=gmail&amp;ust=1716470671743000&amp;usg=AOvVaw0yctgwEzt6na93Exh9caLX\"><b>CONFIRMEU LA VOSTRA ASSIST\u00c8NCIA AQU\u00cd<\/b><\/a><\/p>\n\n\n\n\n\n<h2><span style=\"color: #000000;\"><strong>Els autors que ens visiten en la nova edici\u00f3<\/strong><\/span><\/h2>\n<p><strong><span style=\"color: #eb6e6e;\"><a href=\"https:\/\/projectes.xtec.cat\/educacio-literaria\/wp-content\/uploads\/usu2578\/2024\/05\/unnamed-1.png\"><img loading=\"lazy\" decoding=\"async\" class=\" wp-image-9311 alignleft\" src=\"https:\/\/projectes.xtec.cat\/educacio-literaria\/wp-content\/uploads\/usu2578\/2024\/05\/unnamed-1.png\" alt=\"\" width=\"227\" height=\"227\" srcset=\"https:\/\/projectes.xtec.cat\/educacio-literaria\/wp-content\/uploads\/usu2578\/2024\/05\/unnamed-1.png 1120w, https:\/\/projectes.xtec.cat\/educacio-literaria\/wp-content\/uploads\/usu2578\/2024\/05\/unnamed-1-300x300.png 300w, https:\/\/projectes.xtec.cat\/educacio-literaria\/wp-content\/uploads\/usu2578\/2024\/05\/unnamed-1-1024x1024.png 1024w, https:\/\/projectes.xtec.cat\/educacio-literaria\/wp-content\/uploads\/usu2578\/2024\/05\/unnamed-1-150x150.png 150w, https:\/\/projectes.xtec.cat\/educacio-literaria\/wp-content\/uploads\/usu2578\/2024\/05\/unnamed-1-768x768.png 768w\" sizes=\"auto, (max-width: 227px) 100vw, 227px\" \/><\/a>TEATRE I GUI\u00d3<\/span><\/strong><\/p>\n<p style=\"text-align: justify;\">Escriptor i professor. Llicenciat en Filologia Catalana per la Universitat de Barcelona, ha publicat la seva recerca en diverses publicacions acad\u00e8miques. \u00c9s professor de llengua i literatura catalana a secund\u00e0ria. La seva tasca creativa es desenvolupa en dues disciplines: d\u2019una banda, com a il\u00b7lustrador, guionista i editor de c\u00f2mics (com els fanzines <em>ADN<\/em> i<em> Cosmos factory<\/em>), i, d\u2019altra banda, com a dramaturg, tant d\u2019obres juvenils com de teatre per a adults.<\/p>\n<p><strong><span style=\"color: #eb6e6e;\"><a href=\"https:\/\/projectes.xtec.cat\/educacio-literaria\/wp-content\/uploads\/usu2578\/2024\/05\/unnamed-2.png\"><img loading=\"lazy\" decoding=\"async\" class=\"wp-image-9314 alignleft\" src=\"https:\/\/projectes.xtec.cat\/educacio-literaria\/wp-content\/uploads\/usu2578\/2024\/05\/unnamed-2.png\" alt=\"\" width=\"219\" height=\"219\" srcset=\"https:\/\/projectes.xtec.cat\/educacio-literaria\/wp-content\/uploads\/usu2578\/2024\/05\/unnamed-2.png 1120w, https:\/\/projectes.xtec.cat\/educacio-literaria\/wp-content\/uploads\/usu2578\/2024\/05\/unnamed-2-300x300.png 300w, https:\/\/projectes.xtec.cat\/educacio-literaria\/wp-content\/uploads\/usu2578\/2024\/05\/unnamed-2-1024x1024.png 1024w, https:\/\/projectes.xtec.cat\/educacio-literaria\/wp-content\/uploads\/usu2578\/2024\/05\/unnamed-2-150x150.png 150w, https:\/\/projectes.xtec.cat\/educacio-literaria\/wp-content\/uploads\/usu2578\/2024\/05\/unnamed-2-768x768.png 768w\" sizes=\"auto, (max-width: 219px) 100vw, 219px\" \/><\/a>NOVEL\u00b7LA I TEATRE<\/span><\/strong><\/p>\n<p style=\"text-align: justify;\">Escriptora i professora. Llicenciada en Llengua i Literatura Catalanes per la Universitat de les Illes Balears, actualment \u00e9s professora de catal\u00e0 per a adults, assessora ling\u00fc\u00edstica i correctora de textos per a diverses editorials. A m\u00e9s de la novel\u00b7la Els dies bons i la seva adaptaci\u00f3 teatral, coescrita amb Joan Fullana, tamb\u00e9 ha publicat alguns dels seus relats breus en revistes com <em>N\u00favol<\/em> i <em>Morlanda<\/em>.<\/p>\n<p><strong><span style=\"color: #eb6e6e;\"><a href=\"https:\/\/projectes.xtec.cat\/educacio-literaria\/wp-content\/uploads\/usu2578\/2024\/05\/unnamed-3.png\"><img loading=\"lazy\" decoding=\"async\" class=\" wp-image-9316 alignleft\" src=\"https:\/\/projectes.xtec.cat\/educacio-literaria\/wp-content\/uploads\/usu2578\/2024\/05\/unnamed-3.png\" alt=\"\" width=\"217\" height=\"217\" srcset=\"https:\/\/projectes.xtec.cat\/educacio-literaria\/wp-content\/uploads\/usu2578\/2024\/05\/unnamed-3.png 1120w, https:\/\/projectes.xtec.cat\/educacio-literaria\/wp-content\/uploads\/usu2578\/2024\/05\/unnamed-3-300x300.png 300w, https:\/\/projectes.xtec.cat\/educacio-literaria\/wp-content\/uploads\/usu2578\/2024\/05\/unnamed-3-1024x1024.png 1024w, https:\/\/projectes.xtec.cat\/educacio-literaria\/wp-content\/uploads\/usu2578\/2024\/05\/unnamed-3-150x150.png 150w, https:\/\/projectes.xtec.cat\/educacio-literaria\/wp-content\/uploads\/usu2578\/2024\/05\/unnamed-3-768x768.png 768w\" sizes=\"auto, (max-width: 217px) 100vw, 217px\" \/><\/a>NARRATIVA<\/span><\/strong><\/p>\n<p style=\"text-align: justify;\">Periodista, escriptor i comunicador. Format en Comunicaci\u00f3 Audiovisual per la Universitat de Val\u00e8ncia, \u00e9s conductor del programa <em>Els Matins<\/em> de La Veu d&#8217;Ondara. La seva primera producci\u00f3 liter\u00e0ria \u00e9s en l\u2019\u00e0mbit de la narrativa breu, mereixedora de nombrosos premis. Tamb\u00e9 ha publicat novel\u00b7les en qu\u00e8 combina el seu inter\u00e8s per l\u2019actualitat i el seu estil d\u2019investigaci\u00f3 period\u00edstica amb la ficci\u00f3.<\/p>\n<p><strong><span style=\"color: #eb6e6e;\"><a href=\"https:\/\/projectes.xtec.cat\/educacio-literaria\/wp-content\/uploads\/usu2578\/2024\/05\/unnamed-4.png\"><img loading=\"lazy\" decoding=\"async\" class=\"wp-image-9315 alignleft\" src=\"https:\/\/projectes.xtec.cat\/educacio-literaria\/wp-content\/uploads\/usu2578\/2024\/05\/unnamed-4.png\" alt=\"\" width=\"209\" height=\"209\" srcset=\"https:\/\/projectes.xtec.cat\/educacio-literaria\/wp-content\/uploads\/usu2578\/2024\/05\/unnamed-4.png 1120w, https:\/\/projectes.xtec.cat\/educacio-literaria\/wp-content\/uploads\/usu2578\/2024\/05\/unnamed-4-300x300.png 300w, https:\/\/projectes.xtec.cat\/educacio-literaria\/wp-content\/uploads\/usu2578\/2024\/05\/unnamed-4-1024x1024.png 1024w, https:\/\/projectes.xtec.cat\/educacio-literaria\/wp-content\/uploads\/usu2578\/2024\/05\/unnamed-4-150x150.png 150w, https:\/\/projectes.xtec.cat\/educacio-literaria\/wp-content\/uploads\/usu2578\/2024\/05\/unnamed-4-768x768.png 768w\" sizes=\"auto, (max-width: 209px) 100vw, 209px\" \/><\/a>POESIA<\/span><\/strong><\/p>\n<p style=\"text-align: justify;\">Poeta i dramaturga. Est\u00e0 cursant Estudis Literaris a la Universitat de Barcelona i s\u2019ha format en dramat\u00fargia a trav\u00e9s dels cursos del Teatre Sans de Palma. L\u2019any 2021 va participar en el tercer volum de la revista <em>Poetry Spam<\/em>. Va ser guardonada al Certamen de Poesia i Prosa Po\u00e8tica de l\u2019Artjove i l\u2019any 2022 va rebre la II Beca de poesia Marta Pessarrodona. Tamb\u00e9 \u00e9s autora de l\u2019obra de teatre <em>Lo cutrisme<\/em>.<\/p>\n","protected":false},"excerpt":{"rendered":"<p>Arriba la tercera edici\u00f3 de Lletres Compartides i l\u2019oportunitat de rebre escriptors bale\u00e0rics, valencians i de la Catalunya Nord a les aules i a la biblioteca del vostre centre educatiu.&hellip;  <a href=\"https:\/\/projectes.xtec.cat\/educacio-literaria\/general\/submergiu-vos-en-la-literatura-catalana-de-la-ma-dels-seus-protagonistes-amb-lletres-compartides-2\/\" title=\"Read Submergiu-vos en la literatura catalana de la m\u00e0 dels seus protagonistes amb Lletres Compartides\">Llegeix m\u00e9s\u00bb<\/a><\/p>\n","protected":false},"author":1,"featured_media":9306,"comment_status":"open","ping_status":"open","sticky":false,"template":"","format":"standard","meta":{"_bbp_topic_count":0,"_bbp_reply_count":0,"_bbp_total_topic_count":0,"_bbp_total_reply_count":0,"_bbp_voice_count":0,"_bbp_anonymous_reply_count":0,"_bbp_topic_count_hidden":0,"_bbp_reply_count_hidden":0,"_bbp_forum_subforum_count":0,"footnotes":""},"categories":[64,66,1,29,288],"tags":[588,380,378],"class_list":["post-9307","post","type-post","status-publish","format-standard","has-post-thumbnail","hentry","category-comunitat","category-dinamitzacio","category-general","category-portada","category-recursos-per-al-professorat","tag-escriptors-aula","tag-ilc","tag-lletres-compartides"],"post_mailing_queue_ids":[],"_links":{"self":[{"href":"https:\/\/projectes.xtec.cat\/educacio-literaria\/wp-json\/wp\/v2\/posts\/9307","targetHints":{"allow":["GET"]}}],"collection":[{"href":"https:\/\/projectes.xtec.cat\/educacio-literaria\/wp-json\/wp\/v2\/posts"}],"about":[{"href":"https:\/\/projectes.xtec.cat\/educacio-literaria\/wp-json\/wp\/v2\/types\/post"}],"author":[{"embeddable":true,"href":"https:\/\/projectes.xtec.cat\/educacio-literaria\/wp-json\/wp\/v2\/users\/1"}],"replies":[{"embeddable":true,"href":"https:\/\/projectes.xtec.cat\/educacio-literaria\/wp-json\/wp\/v2\/comments?post=9307"}],"version-history":[{"count":6,"href":"https:\/\/projectes.xtec.cat\/educacio-literaria\/wp-json\/wp\/v2\/posts\/9307\/revisions"}],"predecessor-version":[{"id":9320,"href":"https:\/\/projectes.xtec.cat\/educacio-literaria\/wp-json\/wp\/v2\/posts\/9307\/revisions\/9320"}],"wp:featuredmedia":[{"embeddable":true,"href":"https:\/\/projectes.xtec.cat\/educacio-literaria\/wp-json\/wp\/v2\/media\/9306"}],"wp:attachment":[{"href":"https:\/\/projectes.xtec.cat\/educacio-literaria\/wp-json\/wp\/v2\/media?parent=9307"}],"wp:term":[{"taxonomy":"category","embeddable":true,"href":"https:\/\/projectes.xtec.cat\/educacio-literaria\/wp-json\/wp\/v2\/categories?post=9307"},{"taxonomy":"post_tag","embeddable":true,"href":"https:\/\/projectes.xtec.cat\/educacio-literaria\/wp-json\/wp\/v2\/tags?post=9307"}],"curies":[{"name":"wp","href":"https:\/\/api.w.org\/{rel}","templated":true}]}}