{"id":9329,"date":"2024-06-20T16:44:21","date_gmt":"2024-06-20T14:44:21","guid":{"rendered":"https:\/\/projectes.xtec.cat\/educacio-literaria\/?p=9329"},"modified":"2024-07-05T13:36:03","modified_gmt":"2024-07-05T11:36:03","slug":"jornada-pedagogica-angel-guimera","status":"publish","type":"post","link":"https:\/\/projectes.xtec.cat\/educacio-literaria\/portada\/jornada-pedagogica-angel-guimera\/","title":{"rendered":"Jornada Pedag\u00f2gica \u00c0ngel Guimer\u00e0"},"content":{"rendered":"\n\n\n<p style=\"font-weight: 400; text-align: justify;\"><a href=\"https:\/\/projectes.xtec.cat\/educacio-literaria\/wp-content\/uploads\/usu2578\/2024\/06\/JPGuimera.jpg\"><img loading=\"lazy\" decoding=\"async\" class=\" wp-image-9330 alignleft\" src=\"https:\/\/projectes.xtec.cat\/educacio-literaria\/wp-content\/uploads\/usu2578\/2024\/06\/JPGuimera.jpg\" alt=\"\" width=\"287\" height=\"380\" srcset=\"https:\/\/projectes.xtec.cat\/educacio-literaria\/wp-content\/uploads\/usu2578\/2024\/06\/JPGuimera.jpg 619w, https:\/\/projectes.xtec.cat\/educacio-literaria\/wp-content\/uploads\/usu2578\/2024\/06\/JPGuimera-226x300.jpg 226w\" sizes=\"auto, (max-width: 287px) 100vw, 287px\" \/><\/a>Amb motiu de la commemoraci\u00f3 oficial del\u00a0<a href=\"https:\/\/xtec.gencat.cat\/ca\/centres\/celebracions\/2024\/any-angel-guimera\/\" data-saferedirecturl=\"https:\/\/www.google.com\/url?q=https:\/\/xtec.gencat.cat\/ca\/centres\/celebracions\/2024\/any-angel-guimera\/&amp;source=gmail&amp;ust=1718980586840000&amp;usg=AOvVaw2nymnjhZn4OoDY_Z8Ggr60\">centenari de la mort de l\u2019escriptor \u00c0ngel Guimer\u00e0<\/a>, el Departament d\u2019Educaci\u00f3 t\u00e9 previst celebrar una\u00a0<strong><em>Jornada Pedag\u00f2gica\u00a0<\/em><\/strong>dedicada a l\u2019autor el proper\u00a0<strong>dissabte 28 de setembre<\/strong>\u00a0a la\u00a0<a href=\"https:\/\/museus.elvendrell.net\/casa-museu-angel-guimera\/el-museu\/\" data-saferedirecturl=\"https:\/\/www.google.com\/url?q=https:\/\/museus.elvendrell.net\/casa-museu-angel-guimera\/el-museu\/&amp;source=gmail&amp;ust=1718980586840000&amp;usg=AOvVaw2FvjCfpIHywdCvLeUdRaGw\">Casa Museu \u00c0ngel Guimer\u00e0<\/a>\u00a0(C\/ Santa Anna, 10 43700 El Vendrell).<\/p>\n<p style=\"font-weight: 400; text-align: justify;\">Es tracta d\u2019una jornada oberta principalment al professorat de<strong>\u00a0prim\u00e0ria i secund\u00e0ria\u00a0<\/strong>que vulgui participar-hi com a\u00a0<strong>assistent o presentant alguna activitat, projecte o experi\u00e8ncia de creaci\u00f3 pr\u00f2pia<\/strong>\u00a0ja feta o que es prepari per a l\u2019ocasi\u00f3 (representaci\u00f3, lectura, concert, recital, blog, web, audiovisual, unitat did\u00e0ctica, etc.), tant des de l\u2019\u00e0mbit de la llengua i la literatura com des d\u2019una perspectiva interdisciplin\u00e0ria.<\/p>\n<p style=\"font-weight: 400; text-align: justify;\">La\u00a0<strong>Jornada Pedag\u00f2gica \u00c0ngel Guimer\u00e0<\/strong>\u00a0constar\u00e0 d\u2019una confer\u00e8ncia a c\u00e0rrec de Ramon Bacardit, comissari de l\u2019<a href=\"https:\/\/cultura.gencat.cat\/ca\/temes\/commemoracions\/2024\/anyguimera\/inici\/\" data-saferedirecturl=\"https:\/\/www.google.com\/url?q=https:\/\/cultura.gencat.cat\/ca\/temes\/commemoracions\/2024\/anyguimera\/inici\/&amp;source=gmail&amp;ust=1718980586840000&amp;usg=AOvVaw1rK760zMIKEwrHpCuoXdC_\">Any Guimer\u00e0<\/a>,\u00a0i de la presentaci\u00f3 de les novetats editorials m\u00e9s rellevants, aix\u00ed com d\u2019algunes experi\u00e8ncies de centres i de materials did\u00e0ctics elaborats per a la commemoraci\u00f3. Com a cloenda, hi haur\u00e0 una visita guiada a la Casa Museu.<\/p>\n<p style=\"font-weight: 400; text-align: justify;\">Per presentar una experi\u00e8ncia d\u2019aula, projecte o activitat de centre a la jornada, \u00e9s imprescindible que\u00a0<strong>la direcci\u00f3 del centre<\/strong>\u00a0hi doni el\u00a0<strong>vistiplau<\/strong>\u00a0i responeu\u00a0<a href=\"https:\/\/forms.gle\/CoQF3zkKk5ijNyuP7\" data-saferedirecturl=\"https:\/\/www.google.com\/url?q=https:\/\/forms.gle\/CoQF3zkKk5ijNyuP7&amp;source=gmail&amp;ust=1718980586840000&amp;usg=AOvVaw3u4fE2sVJpt_7I4zHpotPM\">aquest q\u00fcestionari<\/a>\u00a0<strong>abans del proper 12 de juliol<\/strong>.<strong>\u00a0<\/strong>\u00a0La Comissi\u00f3 organitzadora valorar\u00e0 les propostes rebudes, les validar\u00e0 i ho comunicar\u00e0 als centres seleccionats.<\/p>\n<p style=\"font-weight: 400; text-align: justify;\">El Departament d\u2019Educaci\u00f3 emetr\u00e0, segons el cas, un\u00a0<strong>certificat de pon\u00e8ncia i\/o de participaci\u00f3<\/strong>\u00a0a les persones que presentin una comunicaci\u00f3 o una experi\u00e8ncia, i un\u00a0<strong>certificat de 5 hores als assistents<\/strong>.<\/p>\n<p style=\"font-weight: 400;\">Les\u00a0<a href=\"https:\/\/aplicacions.gestioeducativa.gencat.cat\/pls\/soloas\/pk_for_mod_ins.p_for_pre_cons_activitats?p_totes=N&amp;p_paginar=N&amp;p_any=2024-2025&amp;p_codi=9001230555\"><strong>inscripcions<\/strong> <\/a>es podran fer a trav\u00e9s de la p\u00e0gina web de formaci\u00f3 d\u2019xtec <strong>a partir del mes de juliol<\/strong>.<\/p>\n<p style=\"font-weight: 400; text-align: justify;\">Per a qualsevol informaci\u00f3 m\u00e9s detallada, us podeu adre\u00e7ar a la coordinaci\u00f3 de la Jornada (<a href=\"mailto:competencialiteraria@xtec.cat\">competencialiteraria@xtec.cat<\/a>).<\/p>\n","protected":false},"excerpt":{"rendered":"<p><a href=\"https:\/\/projectes.xtec.cat\/educacio-literaria\/wp-content\/uploads\/usu2578\/2024\/06\/JPGuimera.jpg\"><\/a>Amb motiu de la commemoraci\u00f3 oficial del\u00a0<a href=\"https:\/\/xtec.gencat.cat\/ca\/centres\/celebracions\/2024\/any-angel-guimera\/\" data-saferedirecturl=\"https:\/\/www.google.com\/url?q=https:\/\/xtec.gencat.cat\/ca\/centres\/celebracions\/2024\/any-angel-guimera\/&amp;source=gmail&amp;ust=1718980586840000&amp;usg=AOvVaw2nymnjhZn4OoDY_Z8Ggr60\">centenari de la mort de l\u2019escriptor \u00c0ngel Guimer\u00e0<\/a>, el Departament d\u2019Educaci\u00f3 t\u00e9 previst celebrar una\u00a0Jornada Pedag\u00f2gica\u00a0dedicada a l\u2019autor el proper\u00a0dissabte 28 de setembre\u00a0a la\u00a0<a href=\"https:\/\/museus.elvendrell.net\/casa-museu-angel-guimera\/el-museu\/\" data-saferedirecturl=\"https:\/\/www.google.com\/url?q=https:\/\/museus.elvendrell.net\/casa-museu-angel-guimera\/el-museu\/&amp;source=gmail&amp;ust=1718980586840000&amp;usg=AOvVaw2FvjCfpIHywdCvLeUdRaGw\">Casa Museu \u00c0ngel Guimer\u00e0<\/a>\u00a0(C\/ Santa Anna, 10 43700 El Vendrell).<br \/>\nEs tracta&hellip;  <a href=\"https:\/\/projectes.xtec.cat\/educacio-literaria\/portada\/jornada-pedagogica-angel-guimera\/\" title=\"Read Jornada Pedag\u00f2gica \u00c0ngel Guimer\u00e0\">Llegeix m\u00e9s\u00bb<\/a><\/p>\n","protected":false},"author":1,"featured_media":9331,"comment_status":"open","ping_status":"open","sticky":false,"template":"","format":"standard","meta":{"_bbp_topic_count":0,"_bbp_reply_count":0,"_bbp_total_topic_count":0,"_bbp_total_reply_count":0,"_bbp_voice_count":0,"_bbp_anonymous_reply_count":0,"_bbp_topic_count_hidden":0,"_bbp_reply_count_hidden":0,"_bbp_forum_subforum_count":0,"footnotes":""},"categories":[290,29],"tags":[301,306,590,336,313],"class_list":["post-9329","post","type-post","status-publish","format-standard","has-post-thumbnail","hentry","category-activitats","category-portada","tag-batxillerat","tag-eso","tag-guimera","tag-jornada","tag-literatura-catalana"],"post_mailing_queue_ids":[],"_links":{"self":[{"href":"https:\/\/projectes.xtec.cat\/educacio-literaria\/wp-json\/wp\/v2\/posts\/9329","targetHints":{"allow":["GET"]}}],"collection":[{"href":"https:\/\/projectes.xtec.cat\/educacio-literaria\/wp-json\/wp\/v2\/posts"}],"about":[{"href":"https:\/\/projectes.xtec.cat\/educacio-literaria\/wp-json\/wp\/v2\/types\/post"}],"author":[{"embeddable":true,"href":"https:\/\/projectes.xtec.cat\/educacio-literaria\/wp-json\/wp\/v2\/users\/1"}],"replies":[{"embeddable":true,"href":"https:\/\/projectes.xtec.cat\/educacio-literaria\/wp-json\/wp\/v2\/comments?post=9329"}],"version-history":[{"count":2,"href":"https:\/\/projectes.xtec.cat\/educacio-literaria\/wp-json\/wp\/v2\/posts\/9329\/revisions"}],"predecessor-version":[{"id":9340,"href":"https:\/\/projectes.xtec.cat\/educacio-literaria\/wp-json\/wp\/v2\/posts\/9329\/revisions\/9340"}],"wp:featuredmedia":[{"embeddable":true,"href":"https:\/\/projectes.xtec.cat\/educacio-literaria\/wp-json\/wp\/v2\/media\/9331"}],"wp:attachment":[{"href":"https:\/\/projectes.xtec.cat\/educacio-literaria\/wp-json\/wp\/v2\/media?parent=9329"}],"wp:term":[{"taxonomy":"category","embeddable":true,"href":"https:\/\/projectes.xtec.cat\/educacio-literaria\/wp-json\/wp\/v2\/categories?post=9329"},{"taxonomy":"post_tag","embeddable":true,"href":"https:\/\/projectes.xtec.cat\/educacio-literaria\/wp-json\/wp\/v2\/tags?post=9329"}],"curies":[{"name":"wp","href":"https:\/\/api.w.org\/{rel}","templated":true}]}}