{"id":9333,"date":"2024-06-27T07:32:17","date_gmt":"2024-06-27T05:32:17","guid":{"rendered":"https:\/\/projectes.xtec.cat\/educacio-literaria\/?p=9333"},"modified":"2024-12-04T09:20:50","modified_gmt":"2024-12-04T08:20:50","slug":"publicacio-de-les-orientacions-per-a-la-lectura-guiada-a-batxillerat","status":"publish","type":"post","link":"https:\/\/projectes.xtec.cat\/educacio-literaria\/general\/publicacio-de-les-orientacions-per-a-la-lectura-guiada-a-batxillerat\/","title":{"rendered":"Publicaci\u00f3 de les &#8220;Orientacions per a la lectura guiada a batxillerat&#8221;"},"content":{"rendered":"\n<p style=\"text-align: justify;\"><a href=\"https:\/\/projectes.xtec.cat\/educacio-literaria\/wp-content\/uploads\/usu2578\/2024\/06\/orientacions_lg_bat.jpg\"><img loading=\"lazy\" decoding=\"async\" class=\" wp-image-9562 alignleft\" src=\"https:\/\/projectes.xtec.cat\/educacio-literaria\/wp-content\/uploads\/usu2578\/2024\/06\/orientacions_lg_bat.jpg\" alt=\"\" width=\"263\" height=\"343\" srcset=\"https:\/\/projectes.xtec.cat\/educacio-literaria\/wp-content\/uploads\/usu2578\/2024\/06\/orientacions_lg_bat.jpg 684w, https:\/\/projectes.xtec.cat\/educacio-literaria\/wp-content\/uploads\/usu2578\/2024\/06\/orientacions_lg_bat-230x300.jpg 230w\" sizes=\"auto, (max-width: 263px) 100vw, 263px\" \/><\/a>El Departament d&#8217;Educaci\u00f3 ha fet arribar al centres educatius les\u00a0<a href=\"https:\/\/drive.google.com\/file\/d\/1FojuJSlirySMMDZJXF1eDrTgPUAgNSCH\/view\">orientacions per a la lectura guiada obligat\u00f2ria<\/a> adre\u00e7ades al professorat especialista que imparteix les mat\u00e8ries comunes de Llengua Castellana i Literatura i Llengua Catalana i Literatura, perqu\u00e8 les tingui en compte a l&#8217;hora de programar aquestes mat\u00e8ries de batxillerat a partir del curs 2024-2025.<\/p>\n","protected":false},"excerpt":{"rendered":"<p>El Departament d&#8217;Educaci\u00f3 ha fet arribar al centres educatius les\u00a0orientacions per a la lectura guiada obligat\u00f2ria adre\u00e7ades al professorat especialista que imparteix les mat\u00e8ries comunes de Llengua Castellana i Literatura i Llengua Catalana i Literatura&hellip;  <a href=\"https:\/\/projectes.xtec.cat\/educacio-literaria\/general\/publicacio-de-les-orientacions-per-a-la-lectura-guiada-a-batxillerat\/\" title=\"Read Publicaci\u00f3 de les &#8220;Orientacions per a la lectura guiada a batxillerat&#8221;\">Llegeix m\u00e9s\u00bb<\/a><\/p>\n","protected":false},"author":1,"featured_media":9335,"comment_status":"open","ping_status":"open","sticky":false,"template":"","format":"standard","meta":{"_bbp_topic_count":0,"_bbp_reply_count":0,"_bbp_total_topic_count":0,"_bbp_total_reply_count":0,"_bbp_voice_count":0,"_bbp_anonymous_reply_count":0,"_bbp_topic_count_hidden":0,"_bbp_reply_count_hidden":0,"_bbp_forum_subforum_count":0,"footnotes":""},"categories":[1,289,29],"tags":[301,311,539,452,591],"class_list":["post-9333","post","type-post","status-publish","format-standard","has-post-thumbnail","hentry","category-general","category-marc-de-referencia","category-portada","tag-batxillerat","tag-batxillerat-competencial","tag-lectura-guiada","tag-lectures-batxillerat","tag-orientacions"],"post_mailing_queue_ids":[],"_links":{"self":[{"href":"https:\/\/projectes.xtec.cat\/educacio-literaria\/wp-json\/wp\/v2\/posts\/9333","targetHints":{"allow":["GET"]}}],"collection":[{"href":"https:\/\/projectes.xtec.cat\/educacio-literaria\/wp-json\/wp\/v2\/posts"}],"about":[{"href":"https:\/\/projectes.xtec.cat\/educacio-literaria\/wp-json\/wp\/v2\/types\/post"}],"author":[{"embeddable":true,"href":"https:\/\/projectes.xtec.cat\/educacio-literaria\/wp-json\/wp\/v2\/users\/1"}],"replies":[{"embeddable":true,"href":"https:\/\/projectes.xtec.cat\/educacio-literaria\/wp-json\/wp\/v2\/comments?post=9333"}],"version-history":[{"count":5,"href":"https:\/\/projectes.xtec.cat\/educacio-literaria\/wp-json\/wp\/v2\/posts\/9333\/revisions"}],"predecessor-version":[{"id":9563,"href":"https:\/\/projectes.xtec.cat\/educacio-literaria\/wp-json\/wp\/v2\/posts\/9333\/revisions\/9563"}],"wp:featuredmedia":[{"embeddable":true,"href":"https:\/\/projectes.xtec.cat\/educacio-literaria\/wp-json\/wp\/v2\/media\/9335"}],"wp:attachment":[{"href":"https:\/\/projectes.xtec.cat\/educacio-literaria\/wp-json\/wp\/v2\/media?parent=9333"}],"wp:term":[{"taxonomy":"category","embeddable":true,"href":"https:\/\/projectes.xtec.cat\/educacio-literaria\/wp-json\/wp\/v2\/categories?post=9333"},{"taxonomy":"post_tag","embeddable":true,"href":"https:\/\/projectes.xtec.cat\/educacio-literaria\/wp-json\/wp\/v2\/tags?post=9333"}],"curies":[{"name":"wp","href":"https:\/\/api.w.org\/{rel}","templated":true}]}}