{"id":9342,"date":"2024-07-15T09:28:50","date_gmt":"2024-07-15T07:28:50","guid":{"rendered":"https:\/\/projectes.xtec.cat\/educacio-literaria\/?p=9342"},"modified":"2024-07-15T09:28:50","modified_gmt":"2024-07-15T07:28:50","slug":"nou-itinerari-de-lectura-guiada-per-a-batxillerat-sobre-joan-salvat-papasseit-i-el-poema-de-la-rosa-als-llavis","status":"publish","type":"post","link":"https:\/\/projectes.xtec.cat\/educacio-literaria\/general\/nou-itinerari-de-lectura-guiada-per-a-batxillerat-sobre-joan-salvat-papasseit-i-el-poema-de-la-rosa-als-llavis\/","title":{"rendered":"Nou itinerari de lectura guiada per a batxillerat sobre Joan Salvat-Papasseit i El poema de la rosa als llavis"},"content":{"rendered":"\n<p style=\"text-align: justify;\"><a href=\"https:\/\/projectes.xtec.cat\/educacio-literaria\/wp-content\/uploads\/usu2578\/2024\/07\/itinerari_papasseit.jpg\"><img loading=\"lazy\" decoding=\"async\" class=\" wp-image-9360 alignleft\" src=\"https:\/\/projectes.xtec.cat\/educacio-literaria\/wp-content\/uploads\/usu2578\/2024\/07\/itinerari_papasseit.jpg\" alt=\"\" width=\"261\" height=\"376\" srcset=\"https:\/\/projectes.xtec.cat\/educacio-literaria\/wp-content\/uploads\/usu2578\/2024\/07\/itinerari_papasseit.jpg 570w, https:\/\/projectes.xtec.cat\/educacio-literaria\/wp-content\/uploads\/usu2578\/2024\/07\/itinerari_papasseit-208x300.jpg 208w\" sizes=\"auto, (max-width: 261px) 100vw, 261px\" \/><\/a>Recentment, a l\u2019apartat de curr\u00edculum de batxillerat del web d\u2019xtec, s\u2019ha publicat un nou itinerari literari de lectura guiada per a la mat\u00e8ria de Llengua Catalana i Literatura de segon de batxillerat: <em><a href=\"https:\/\/xtec.gencat.cat\/web\/.content\/curriculum\/batxillerat\/Itinerari-literari-de-lectura-guiada-Llengua-Catalana-i-Literatura.-2n-de-batxillerat.-Estimar-en-vers-El-poema-de-la-rosa-als-llavis-1.pdf\">Estimar en vers. \u2018El poema de la rosa als llavis\u2019, Joan Salvat-Papasseit.<\/a><\/em><\/p>\n<p style=\"text-align: justify;\">En aquest itinerari es treballa el tema literari de l\u2019amor mitjan\u00e7ant una de les obres po\u00e8tiques d\u2019amor per excel\u00b7l\u00e8ncia de la nostra literatura: <em>El poema de la rosa als llavis<\/em>, de Joan Salvat-Papasseit.<\/p>\n<p style=\"text-align: justify;\">S\u2019hi proposa que l\u2019alumnat, sempre acompanyat pel suport dels docents de la mat\u00e8ria, analitzi com s\u2019ha constru\u00eft aquesta idea d\u2019\u201camor rom\u00e0ntic\u201d al llarg del temps i com ha arribat a obres tan emblem\u00e0tiques com aquesta. A m\u00e9s a m\u00e9s, s\u2019estableixen vincles entre els poemes d\u2019aquesta obra i d\u2019altres rellevants de la nostra tradici\u00f3 liter\u00e0ria, i permet que descobreixi que hi ha poesia actual que ens ajuda a trencar amb tots aquests t\u00f2pics. L\u2019aprofundiment en l\u2019itinerari tamb\u00e9 permet observar com una obra com aquesta perpetua una concepci\u00f3 d\u2019amor determinada per la tradici\u00f3 liter\u00e0ria per\u00f2, que, a la vegada, produeix un trencament en la forma dins del moviment de les avantguardes.<\/p>\n<p style=\"text-align: justify;\">En conseq\u00fc\u00e8ncia, l\u2019objectiu final ser\u00e0 comparar <em>El poema de la rosa als llavis<\/em> amb altres poemes de la tradici\u00f3 per acabar configurant les caracter\u00edstiques que constitueixen la construcci\u00f3 social de l\u2019amor rom\u00e0ntic.<\/p>\n<p style=\"text-align: justify;\">Al final del document, el professorat trobar\u00e0 aquest itinerari literari de lectura guiada programat en forma de situaci\u00f3 d\u2019aprenentatge.<\/p>\n<p style=\"text-align: justify;\"><a href=\"https:\/\/xtec.gencat.cat\/web\/.content\/curriculum\/batxillerat\/Itinerari-literari-de-lectura-guiada-Llengua-Catalana-i-Literatura.-2n-de-batxillerat.-Estimar-en-vers-El-poema-de-la-rosa-als-llavis-1.pdf\">Itinerari literari de lectura guiada Llengua Catalana i Literatura (gencat.cat)<\/a><\/p>\n","protected":false},"excerpt":{"rendered":"<p><a href=\"https:\/\/projectes.xtec.cat\/educacio-literaria\/wp-content\/uploads\/usu2578\/2024\/07\/itinerari_papasseit.jpg\"><\/a>Recentment, a l\u2019apartat de curr\u00edculum de batxillerat del web d\u2019xtec, s\u2019ha publicat un nou itinerari literari de lectura guiada per a la mat\u00e8ria de Llengua Catalana i Literatura de segon de batxillerat: <a href=\"https:\/\/xtec.gencat.cat\/web\/.content\/curriculum\/batxillerat\/Itinerari-literari-de-lectura-guiada-Llengua-Catalana-i-Literatura.-2n-de-batxillerat.-Estimar-en-vers-El-poema-de-la-rosa-als-llavis-1.pdf\">Estimar en vers. \u2018El poema de la rosa als llavis\u2019, Joan&hellip;  <a href=\"https:\/\/projectes.xtec.cat\/educacio-literaria\/general\/nou-itinerari-de-lectura-guiada-per-a-batxillerat-sobre-joan-salvat-papasseit-i-el-poema-de-la-rosa-als-llavis\/\" title=\"Read Nou itinerari de lectura guiada per a batxillerat sobre Joan Salvat-Papasseit i El poema de la rosa als llavis\">Llegeix m\u00e9s\u00bb<\/a><\/p>\n","protected":false},"author":1,"featured_media":9362,"comment_status":"open","ping_status":"open","sticky":false,"template":"","format":"standard","meta":{"_bbp_topic_count":0,"_bbp_reply_count":0,"_bbp_total_topic_count":0,"_bbp_total_reply_count":0,"_bbp_voice_count":0,"_bbp_anonymous_reply_count":0,"_bbp_topic_count_hidden":0,"_bbp_reply_count_hidden":0,"_bbp_forum_subforum_count":0,"footnotes":""},"categories":[1,29,288],"tags":[301,311,593,592,330,313,522],"class_list":["post-9342","post","type-post","status-publish","format-standard","has-post-thumbnail","hentry","category-general","category-portada","category-recursos-per-al-professorat","tag-batxillerat","tag-batxillerat-competencial","tag-itinerari","tag-joan-salvat-papasseit","tag-lectura","tag-literatura-catalana","tag-salvat-papasseit"],"post_mailing_queue_ids":[],"_links":{"self":[{"href":"https:\/\/projectes.xtec.cat\/educacio-literaria\/wp-json\/wp\/v2\/posts\/9342","targetHints":{"allow":["GET"]}}],"collection":[{"href":"https:\/\/projectes.xtec.cat\/educacio-literaria\/wp-json\/wp\/v2\/posts"}],"about":[{"href":"https:\/\/projectes.xtec.cat\/educacio-literaria\/wp-json\/wp\/v2\/types\/post"}],"author":[{"embeddable":true,"href":"https:\/\/projectes.xtec.cat\/educacio-literaria\/wp-json\/wp\/v2\/users\/1"}],"replies":[{"embeddable":true,"href":"https:\/\/projectes.xtec.cat\/educacio-literaria\/wp-json\/wp\/v2\/comments?post=9342"}],"version-history":[{"count":3,"href":"https:\/\/projectes.xtec.cat\/educacio-literaria\/wp-json\/wp\/v2\/posts\/9342\/revisions"}],"predecessor-version":[{"id":9361,"href":"https:\/\/projectes.xtec.cat\/educacio-literaria\/wp-json\/wp\/v2\/posts\/9342\/revisions\/9361"}],"wp:featuredmedia":[{"embeddable":true,"href":"https:\/\/projectes.xtec.cat\/educacio-literaria\/wp-json\/wp\/v2\/media\/9362"}],"wp:attachment":[{"href":"https:\/\/projectes.xtec.cat\/educacio-literaria\/wp-json\/wp\/v2\/media?parent=9342"}],"wp:term":[{"taxonomy":"category","embeddable":true,"href":"https:\/\/projectes.xtec.cat\/educacio-literaria\/wp-json\/wp\/v2\/categories?post=9342"},{"taxonomy":"post_tag","embeddable":true,"href":"https:\/\/projectes.xtec.cat\/educacio-literaria\/wp-json\/wp\/v2\/tags?post=9342"}],"curies":[{"name":"wp","href":"https:\/\/api.w.org\/{rel}","templated":true}]}}