{"id":9344,"date":"2024-07-12T12:42:29","date_gmt":"2024-07-12T10:42:29","guid":{"rendered":"https:\/\/projectes.xtec.cat\/educacio-literaria\/?p=9344"},"modified":"2024-07-12T12:45:25","modified_gmt":"2024-07-12T10:45:25","slug":"coctel-de-contes-una-proposta-per-al-batxillerat-del-programa-el-gust-per-la-lectura","status":"publish","type":"post","link":"https:\/\/projectes.xtec.cat\/educacio-literaria\/general\/coctel-de-contes-una-proposta-per-al-batxillerat-del-programa-el-gust-per-la-lectura\/","title":{"rendered":"C\u00f2ctel de contes, una proposta per al batxillerat del programa \u201cEl gust per la lectura\u201d"},"content":{"rendered":"\n<p style=\"text-align: justify;\"><a href=\"https:\/\/projectes.xtec.cat\/educacio-literaria\/wp-content\/uploads\/usu2578\/2024\/07\/Coberta_dossier_contes.jpg\"><img loading=\"lazy\" decoding=\"async\" class=\" wp-image-9345 alignleft\" src=\"https:\/\/projectes.xtec.cat\/educacio-literaria\/wp-content\/uploads\/usu2578\/2024\/07\/Coberta_dossier_contes.jpg\" alt=\"\" width=\"224\" height=\"318\" srcset=\"https:\/\/projectes.xtec.cat\/educacio-literaria\/wp-content\/uploads\/usu2578\/2024\/07\/Coberta_dossier_contes.jpg 640w, https:\/\/projectes.xtec.cat\/educacio-literaria\/wp-content\/uploads\/usu2578\/2024\/07\/Coberta_dossier_contes-211x300.jpg 211w\" sizes=\"auto, (max-width: 224px) 100vw, 224px\" \/><\/a>En el marc del programa \u201cEl gust per la lectura\u201d, el g\u00e8nere escollit per al curs 2024-2025 ha estat el conte i, concretament, per al Batxillerat i Adults es proposa treballar la selecci\u00f3 <em>C\u00f2ctel de contes<\/em>, a cura d\u2019Albert Planelles i Francesc Vernet.<\/p>\n<p style=\"text-align: justify;\">Es tracta d\u2019una antologia de contes de la literatura catalana contempor\u00e0nia que permet aprofundir en les t\u00e8cniques del \u201cconte modern\u201d. La lectura d\u2019aquesta selecci\u00f3 es pot treballar tenint en compte un eix horitzontal, \u00e9s a dir, resseguint els contes de manera cronol\u00f2gica, a partir de l\u2019autor o del corrent est\u00e8tic i, d\u2019un eix vertical, i per tant, tenint en compte l\u2019an\u00e0lisi tem\u00e0tica i dels elements narratius que els singularitzen.<\/p>\n<p style=\"text-align: justify;\">Trobareu la proposta de <a href=\"https:\/\/repositori.educacio.gencat.cat\/handle\/20.500.12694\/6451#page=1\"><strong>guia de lectura amb orientacions did\u00e0ctiques per al professorat<\/strong> <\/a>a c\u00e0rrec d\u2019Artur Garcia Fuster al Repositori Digital d\u2019Educaci\u00f3.<\/p>\n<p>Animeu-vos a (re)descobrir-la!<\/p>\n","protected":false},"excerpt":{"rendered":"<p><a href=\"https:\/\/projectes.xtec.cat\/educacio-literaria\/wp-content\/uploads\/usu2578\/2024\/07\/Coberta_dossier_contes.jpg\"><\/a>En el marc del programa \u201cEl gust per la lectura\u201d, el g\u00e8nere escollit per al curs 2024-2025 ha estat el conte i, concretament, per al Batxillerat i Adults es proposa treballar la selecci\u00f3 C\u00f2ctel de contes, a cura d\u2019Albert Planelles i Francesc Vernet.<br \/>\nEs tracta&hellip;  <a href=\"https:\/\/projectes.xtec.cat\/educacio-literaria\/general\/coctel-de-contes-una-proposta-per-al-batxillerat-del-programa-el-gust-per-la-lectura\/\" title=\"Read C\u00f2ctel de contes, una proposta per al batxillerat del programa \u201cEl gust per la lectura\u201d\">Llegeix m\u00e9s\u00bb<\/a><\/p>\n","protected":false},"author":1,"featured_media":9352,"comment_status":"open","ping_status":"open","sticky":false,"template":"","format":"standard","meta":{"_bbp_topic_count":0,"_bbp_reply_count":0,"_bbp_total_topic_count":0,"_bbp_total_reply_count":0,"_bbp_voice_count":0,"_bbp_anonymous_reply_count":0,"_bbp_topic_count_hidden":0,"_bbp_reply_count_hidden":0,"_bbp_forum_subforum_count":0,"footnotes":""},"categories":[294,1,297,29,288],"tags":[301,335,578,328,313],"class_list":["post-9344","post","type-post","status-publish","format-standard","has-post-thumbnail","hentry","category-batxillerat","category-general","category-itinerari","category-portada","category-recursos-per-al-professorat","tag-batxillerat","tag-concurs","tag-contes","tag-gust-per-la-lectura","tag-literatura-catalana"],"post_mailing_queue_ids":[],"_links":{"self":[{"href":"https:\/\/projectes.xtec.cat\/educacio-literaria\/wp-json\/wp\/v2\/posts\/9344","targetHints":{"allow":["GET"]}}],"collection":[{"href":"https:\/\/projectes.xtec.cat\/educacio-literaria\/wp-json\/wp\/v2\/posts"}],"about":[{"href":"https:\/\/projectes.xtec.cat\/educacio-literaria\/wp-json\/wp\/v2\/types\/post"}],"author":[{"embeddable":true,"href":"https:\/\/projectes.xtec.cat\/educacio-literaria\/wp-json\/wp\/v2\/users\/1"}],"replies":[{"embeddable":true,"href":"https:\/\/projectes.xtec.cat\/educacio-literaria\/wp-json\/wp\/v2\/comments?post=9344"}],"version-history":[{"count":3,"href":"https:\/\/projectes.xtec.cat\/educacio-literaria\/wp-json\/wp\/v2\/posts\/9344\/revisions"}],"predecessor-version":[{"id":9350,"href":"https:\/\/projectes.xtec.cat\/educacio-literaria\/wp-json\/wp\/v2\/posts\/9344\/revisions\/9350"}],"wp:featuredmedia":[{"embeddable":true,"href":"https:\/\/projectes.xtec.cat\/educacio-literaria\/wp-json\/wp\/v2\/media\/9352"}],"wp:attachment":[{"href":"https:\/\/projectes.xtec.cat\/educacio-literaria\/wp-json\/wp\/v2\/media?parent=9344"}],"wp:term":[{"taxonomy":"category","embeddable":true,"href":"https:\/\/projectes.xtec.cat\/educacio-literaria\/wp-json\/wp\/v2\/categories?post=9344"},{"taxonomy":"post_tag","embeddable":true,"href":"https:\/\/projectes.xtec.cat\/educacio-literaria\/wp-json\/wp\/v2\/tags?post=9344"}],"curies":[{"name":"wp","href":"https:\/\/api.w.org\/{rel}","templated":true}]}}