{"id":9369,"date":"2024-09-04T08:34:19","date_gmt":"2024-09-04T06:34:19","guid":{"rendered":"https:\/\/projectes.xtec.cat\/educacio-literaria\/?p=9369"},"modified":"2024-09-10T17:44:06","modified_gmt":"2024-09-10T15:44:06","slug":"formacio-en-lambit-literari-al-primer-trimestre","status":"publish","type":"post","link":"https:\/\/projectes.xtec.cat\/educacio-literaria\/general\/formacio-en-lambit-literari-al-primer-trimestre\/","title":{"rendered":"Formaci\u00f3 en l&#8217;\u00e0mbit literari al primer trimestre"},"content":{"rendered":"\n\n\n<p style=\"text-align: justify;\"><a href=\"https:\/\/projectes.xtec.cat\/educacio-literaria\/wp-content\/uploads\/usu2578\/2024\/09\/form_24_1.jpg\"><img loading=\"lazy\" decoding=\"async\" class=\" wp-image-9372 alignleft\" src=\"https:\/\/projectes.xtec.cat\/educacio-literaria\/wp-content\/uploads\/usu2578\/2024\/09\/form_24_1.jpg\" alt=\"\" width=\"261\" height=\"208\" srcset=\"https:\/\/projectes.xtec.cat\/educacio-literaria\/wp-content\/uploads\/usu2578\/2024\/09\/form_24_1.jpg 459w, https:\/\/projectes.xtec.cat\/educacio-literaria\/wp-content\/uploads\/usu2578\/2024\/09\/form_24_1-300x239.jpg 300w\" sizes=\"auto, (max-width: 261px) 100vw, 261px\" \/><\/a>Aquest curs 2024-2025, l\u2019equip d\u2019educaci\u00f3 liter\u00e0ria hem organitzat un munt d\u2019activitats i formacions que desitgem que us semblin atractives i engrescadores.\u00a0<\/p>\n<p style=\"text-align: justify;\">Trobareu tota la informaci\u00f3 sobre les activitats de l\u2019\u00e0mbit d\u2019educaci\u00f3 liter\u00e0ria per al primer torn de formaci\u00f3 <a href=\"https:\/\/drive.google.com\/file\/d\/1RjFbi6gn6l2R7GBPo4dGAI_-dBWABkSp\/view?usp=sharing\">en aquesta infografia<\/a> i a l\u2019apartat <a href=\"https:\/\/xtec.gencat.cat\/ca\/formacio\/formaciogeneralprofessorat\/competencia_literaria\/\">Compet\u00e8ncia liter\u00e0ria<\/a><a href=\"https:\/\/projectes.xtec.cat\/educacio-literaria\/wp-content\/uploads\/usu2578\/2024\/09\/form_24_2-1.jpg\"><img loading=\"lazy\" decoding=\"async\" class=\" wp-image-9390 alignright\" src=\"https:\/\/projectes.xtec.cat\/educacio-literaria\/wp-content\/uploads\/usu2578\/2024\/09\/form_24_2-1.jpg\" alt=\"\" width=\"272\" height=\"281\" srcset=\"https:\/\/projectes.xtec.cat\/educacio-literaria\/wp-content\/uploads\/usu2578\/2024\/09\/form_24_2-1.jpg 460w, https:\/\/projectes.xtec.cat\/educacio-literaria\/wp-content\/uploads\/usu2578\/2024\/09\/form_24_2-1-291x300.jpg 291w\" sizes=\"auto, (max-width: 272px) 100vw, 272px\" \/><\/a> de la web de l\u2019xtec.<\/p>\n<p style=\"text-align: justify;\">Recordeu que el per\u00edode d\u2019inscripci\u00f3 \u00e9s del 6 al 22 de setembre.<\/p>\n<p style=\"text-align: justify;\">Atenci\u00f3, perqu\u00e8 les formacions comencen la darrera setmana de setembre amb la Jornada Pedag\u00f2gica \u00c0ngel Guimer\u00e0 al Vendrell, mentre que els cursos i tallers en l\u00ednia s&#8217;avancen a la primera setmana d&#8217;octubre.<\/p>\n<p>Us hi esperem!<\/p>\n","protected":false},"excerpt":{"rendered":"<p>Trobareu tota la informaci\u00f3 sobre les activitats de l\u2019\u00e0mbit d\u2019educaci\u00f3 liter\u00e0ria per al primer torn de formaci\u00f3 en aquesta infografia<br \/>\ni a l\u2019apartat Compet\u00e8ncia liter\u00e0ria de la web de l\u2019xtec.<\/p>\n<p>Recordeu que el per\u00edode d\u2019inscripci\u00f3 \u00e9s del 6 al 22 de setembre.&hellip;  <a href=\"https:\/\/projectes.xtec.cat\/educacio-literaria\/general\/formacio-en-lambit-literari-al-primer-trimestre\/\" title=\"Read Formaci\u00f3 en l&#8217;\u00e0mbit literari al primer trimestre\">Llegeix m\u00e9s\u00bb<\/a><\/p>\n","protected":false},"author":1,"featured_media":9371,"comment_status":"open","ping_status":"open","sticky":false,"template":"","format":"standard","meta":{"_bbp_topic_count":0,"_bbp_reply_count":0,"_bbp_total_topic_count":0,"_bbp_total_reply_count":0,"_bbp_voice_count":0,"_bbp_anonymous_reply_count":0,"_bbp_topic_count_hidden":0,"_bbp_reply_count_hidden":0,"_bbp_forum_subforum_count":0,"footnotes":""},"categories":[154,1,29,288],"tags":[595,596,436],"class_list":["post-9369","post","type-post","status-publish","format-standard","has-post-thumbnail","hentry","category-formacio","category-general","category-portada","category-recursos-per-al-professorat","tag-curs-2024-2025","tag-formacio-2024","tag-formacio-professorat"],"post_mailing_queue_ids":[],"_links":{"self":[{"href":"https:\/\/projectes.xtec.cat\/educacio-literaria\/wp-json\/wp\/v2\/posts\/9369","targetHints":{"allow":["GET"]}}],"collection":[{"href":"https:\/\/projectes.xtec.cat\/educacio-literaria\/wp-json\/wp\/v2\/posts"}],"about":[{"href":"https:\/\/projectes.xtec.cat\/educacio-literaria\/wp-json\/wp\/v2\/types\/post"}],"author":[{"embeddable":true,"href":"https:\/\/projectes.xtec.cat\/educacio-literaria\/wp-json\/wp\/v2\/users\/1"}],"replies":[{"embeddable":true,"href":"https:\/\/projectes.xtec.cat\/educacio-literaria\/wp-json\/wp\/v2\/comments?post=9369"}],"version-history":[{"count":6,"href":"https:\/\/projectes.xtec.cat\/educacio-literaria\/wp-json\/wp\/v2\/posts\/9369\/revisions"}],"predecessor-version":[{"id":9411,"href":"https:\/\/projectes.xtec.cat\/educacio-literaria\/wp-json\/wp\/v2\/posts\/9369\/revisions\/9411"}],"wp:featuredmedia":[{"embeddable":true,"href":"https:\/\/projectes.xtec.cat\/educacio-literaria\/wp-json\/wp\/v2\/media\/9371"}],"wp:attachment":[{"href":"https:\/\/projectes.xtec.cat\/educacio-literaria\/wp-json\/wp\/v2\/media?parent=9369"}],"wp:term":[{"taxonomy":"category","embeddable":true,"href":"https:\/\/projectes.xtec.cat\/educacio-literaria\/wp-json\/wp\/v2\/categories?post=9369"},{"taxonomy":"post_tag","embeddable":true,"href":"https:\/\/projectes.xtec.cat\/educacio-literaria\/wp-json\/wp\/v2\/tags?post=9369"}],"curies":[{"name":"wp","href":"https:\/\/api.w.org\/{rel}","templated":true}]}}