{"id":9392,"date":"2024-09-10T11:14:23","date_gmt":"2024-09-10T09:14:23","guid":{"rendered":"https:\/\/projectes.xtec.cat\/educacio-literaria\/?p=9392"},"modified":"2024-09-10T11:14:23","modified_gmt":"2024-09-10T09:14:23","slug":"projecte-sambori-2024-2025-inscripcions-obertes","status":"publish","type":"post","link":"https:\/\/projectes.xtec.cat\/educacio-literaria\/general\/projecte-sambori-2024-2025-inscripcions-obertes\/","title":{"rendered":"Projecte Sambori 2024-2025: inscripcions obertes"},"content":{"rendered":"\n<div class=\"wp-block-columns is-layout-flex wp-container-core-columns-is-layout-1 wp-block-columns-is-layout-flex\">\n<div class=\"wp-block-column is-layout-flow wp-block-column-is-layout-flow\">\n<p style=\"text-align: justify;\"><a href=\"https:\/\/projectes.xtec.cat\/educacio-literaria\/wp-content\/uploads\/usu2578\/2023\/03\/sambori.jpg\"><img loading=\"lazy\" decoding=\"async\" class=\"wp-image-8588 alignleft\" src=\"https:\/\/projectes.xtec.cat\/educacio-literaria\/wp-content\/uploads\/usu2578\/2023\/03\/sambori.jpg\" alt=\"\" width=\"275\" height=\"326\" srcset=\"https:\/\/projectes.xtec.cat\/educacio-literaria\/wp-content\/uploads\/usu2578\/2023\/03\/sambori.jpg 668w, https:\/\/projectes.xtec.cat\/educacio-literaria\/wp-content\/uploads\/usu2578\/2023\/03\/sambori-253x300.jpg 253w\" sizes=\"auto, (max-width: 275px) 100vw, 275px\" \/><\/a>Sambori \u00e9s un projecte d\u2019\u00d2mnium Cultural que fomenta la creaci\u00f3 de propostes art\u00edstiques i culturals de creaci\u00f3 i autoria col\u00b7lectives. T\u00e9 l&#8217;objectiu de potenciar l\u2019apoderament cultural, el sentiment de pertinen\u00e7a comunitari i l\u2019\u00fas de la llengua catalana com a eines de transformaci\u00f3 social generadores d\u2019oportunitats.<\/p>\n<p style=\"text-align: justify;\">El projecte est\u00e0 pensat per a l\u2019alumnat d&#8217;educaci\u00f3 prim\u00e0ria, educaci\u00f3 secund\u00e0ria obligat\u00f2ria, batxillerat o cicles formatius de grau mitj\u00e0 en centres educatius del Principat, la Franja, Andorra, la Catalunya Nord o l\u2019Alguer.<\/p>\n<\/div>\n<\/div>\n<p style=\"text-align: justify;\"><a href=\"https:\/\/form.jotform.com\/241502787294361\">Formulari d\u2019inscripci\u00f3<\/a>. Abans del dia 11 d\u2019abril cada centre educatiu o conjunt de centres hauran de presentar les seves creacions a trav\u00e9s del formulari habilitat al web <a href=\"https:\/\/sambori.omnium.cat\/\">sambori.omnium.cat<\/a>.<\/p>\n<p style=\"text-align: justify;\">Consulteu l&#8217;enlla\u00e7 al web<a href=\"https:\/\/sambori.omnium.cat\/\"> Sambori. Imaginem, creem, compartim<\/a> per saber-ne m\u00e9s.<\/p>\n","protected":false},"excerpt":{"rendered":"<p><a href=\"https:\/\/projectes.xtec.cat\/educacio-literaria\/wp-content\/uploads\/usu2578\/2023\/03\/sambori.jpg\"><\/a>Sambori \u00e9s un projecte d\u2019\u00d2mnium Cultural que fomenta la creaci\u00f3 de propostes art\u00edstiques i culturals de creaci\u00f3 i autoria col\u00b7lectives. T\u00e9 l&#8217;objectiu de potenciar l\u2019apoderament cultural, el sentiment de pertinen\u00e7a comunitari i l\u2019\u00fas de la llengua catalana com a eines de transformaci\u00f3 social generadores&hellip;  <a href=\"https:\/\/projectes.xtec.cat\/educacio-literaria\/general\/projecte-sambori-2024-2025-inscripcions-obertes\/\" title=\"Read Projecte Sambori 2024-2025: inscripcions obertes\">Llegeix m\u00e9s\u00bb<\/a><\/p>\n","protected":false},"author":1,"featured_media":9394,"comment_status":"open","ping_status":"open","sticky":false,"template":"","format":"standard","meta":{"_bbp_topic_count":0,"_bbp_reply_count":0,"_bbp_total_topic_count":0,"_bbp_total_reply_count":0,"_bbp_voice_count":0,"_bbp_anonymous_reply_count":0,"_bbp_topic_count_hidden":0,"_bbp_reply_count_hidden":0,"_bbp_forum_subforum_count":0,"footnotes":""},"categories":[64,1,29],"tags":[345],"class_list":["post-9392","post","type-post","status-publish","format-standard","has-post-thumbnail","hentry","category-comunitat","category-general","category-portada","tag-sambori"],"post_mailing_queue_ids":[],"_links":{"self":[{"href":"https:\/\/projectes.xtec.cat\/educacio-literaria\/wp-json\/wp\/v2\/posts\/9392","targetHints":{"allow":["GET"]}}],"collection":[{"href":"https:\/\/projectes.xtec.cat\/educacio-literaria\/wp-json\/wp\/v2\/posts"}],"about":[{"href":"https:\/\/projectes.xtec.cat\/educacio-literaria\/wp-json\/wp\/v2\/types\/post"}],"author":[{"embeddable":true,"href":"https:\/\/projectes.xtec.cat\/educacio-literaria\/wp-json\/wp\/v2\/users\/1"}],"replies":[{"embeddable":true,"href":"https:\/\/projectes.xtec.cat\/educacio-literaria\/wp-json\/wp\/v2\/comments?post=9392"}],"version-history":[{"count":2,"href":"https:\/\/projectes.xtec.cat\/educacio-literaria\/wp-json\/wp\/v2\/posts\/9392\/revisions"}],"predecessor-version":[{"id":9395,"href":"https:\/\/projectes.xtec.cat\/educacio-literaria\/wp-json\/wp\/v2\/posts\/9392\/revisions\/9395"}],"wp:featuredmedia":[{"embeddable":true,"href":"https:\/\/projectes.xtec.cat\/educacio-literaria\/wp-json\/wp\/v2\/media\/9394"}],"wp:attachment":[{"href":"https:\/\/projectes.xtec.cat\/educacio-literaria\/wp-json\/wp\/v2\/media?parent=9392"}],"wp:term":[{"taxonomy":"category","embeddable":true,"href":"https:\/\/projectes.xtec.cat\/educacio-literaria\/wp-json\/wp\/v2\/categories?post=9392"},{"taxonomy":"post_tag","embeddable":true,"href":"https:\/\/projectes.xtec.cat\/educacio-literaria\/wp-json\/wp\/v2\/tags?post=9392"}],"curies":[{"name":"wp","href":"https:\/\/api.w.org\/{rel}","templated":true}]}}