{"id":9396,"date":"2024-09-10T11:38:01","date_gmt":"2024-09-10T09:38:01","guid":{"rendered":"https:\/\/projectes.xtec.cat\/educacio-literaria\/?p=9396"},"modified":"2024-09-10T11:38:02","modified_gmt":"2024-09-10T09:38:02","slug":"jornada-pedagogica-angel-guimera-al-vendrell","status":"publish","type":"post","link":"https:\/\/projectes.xtec.cat\/educacio-literaria\/general\/jornada-pedagogica-angel-guimera-al-vendrell\/","title":{"rendered":"Jornada Pedag\u00f2gica \u00c0ngel Guimer\u00e0 al Vendrell"},"content":{"rendered":"\n<p style=\"text-align: justify;\"><a href=\"https:\/\/projectes.xtec.cat\/educacio-literaria\/wp-content\/uploads\/usu2578\/2024\/09\/JPGuimera.jpg\"><img loading=\"lazy\" decoding=\"async\" class=\" wp-image-9398 alignleft\" src=\"https:\/\/projectes.xtec.cat\/educacio-literaria\/wp-content\/uploads\/usu2578\/2024\/09\/JPGuimera.jpg\" alt=\"\" width=\"365\" height=\"487\" srcset=\"https:\/\/projectes.xtec.cat\/educacio-literaria\/wp-content\/uploads\/usu2578\/2024\/09\/JPGuimera.jpg 622w, https:\/\/projectes.xtec.cat\/educacio-literaria\/wp-content\/uploads\/usu2578\/2024\/09\/JPGuimera-225x300.jpg 225w\" sizes=\"auto, (max-width: 365px) 100vw, 365px\" \/><\/a>Amb motiu de la commemoraci\u00f3 oficial del\u00a0<a href=\"https:\/\/xtec.gencat.cat\/ca\/centres\/celebracions\/2024\/any-angel-guimera\/\" data-saferedirecturl=\"https:\/\/www.google.com\/url?q=https:\/\/xtec.gencat.cat\/ca\/centres\/celebracions\/2024\/any-angel-guimera\/&amp;source=gmail&amp;ust=1718980586840000&amp;usg=AOvVaw2nymnjhZn4OoDY_Z8Ggr60\">centenari de la mort de l\u2019escriptor \u00c0ngel Guimer\u00e0<\/a>, el Departament d\u2019Educaci\u00f3 celebra la <strong><em>Jornada Pedag\u00f2gica\u00a0<\/em><\/strong>dedicada a l\u2019autor el proper\u00a0<strong>dissabte 28 de setembre<\/strong>\u00a0a la\u00a0<a href=\"https:\/\/museus.elvendrell.net\/casa-museu-angel-guimera\/el-museu\/\" data-saferedirecturl=\"https:\/\/www.google.com\/url?q=https:\/\/museus.elvendrell.net\/casa-museu-angel-guimera\/el-museu\/&amp;source=gmail&amp;ust=1718980586840000&amp;usg=AOvVaw2FvjCfpIHywdCvLeUdRaGw\">Casa Museu \u00c0ngel Guimer\u00e0<\/a>\u00a0(C\/ Santa Anna, 10 43700 El Vendrell).<\/p>\n<p style=\"text-align: justify;\">Es tracta d\u2019una jornada oberta principalment al professorat de<strong> prim\u00e0ria i secund\u00e0ria<\/strong>. Constar\u00e0 d\u2019una confer\u00e8ncia a c\u00e0rrec de Ramon Bacardit, comissari de l\u2019<a href=\"https:\/\/cultura.gencat.cat\/ca\/temes\/commemoracions\/2024\/anyguimera\/inici\/\" data-saferedirecturl=\"https:\/\/www.google.com\/url?q=https:\/\/cultura.gencat.cat\/ca\/temes\/commemoracions\/2024\/anyguimera\/inici\/&amp;source=gmail&amp;ust=1718980586840000&amp;usg=AOvVaw1rK760zMIKEwrHpCuoXdC_\">Any Guimer\u00e0<\/a>, i de la presentaci\u00f3 de les novetats editorials m\u00e9s rellevants, aix\u00ed com d\u2019algunes experi\u00e8ncies de centres i de materials did\u00e0ctics elaborats per a la commemoraci\u00f3. Neus Oliveras conduir\u00e0 un taller pr\u00e0ctic de poesia de Guimer\u00e0. Com a cloenda, hi haur\u00e0 una visita guiada a la Casa Museu.<\/p>\n<p style=\"text-align: justify;\">El Departament d\u2019Educaci\u00f3 emetr\u00e0, segons el cas, un\u00a0<strong>certificat de pon\u00e8ncia i\/o de participaci\u00f3<\/strong>\u00a0a les persones que presentin una comunicaci\u00f3 o una experi\u00e8ncia, i un\u00a0<strong>certificat de 5 hores als assistents<\/strong>.<\/p>\n<p style=\"text-align: justify;\">Les\u00a0<a href=\"https:\/\/aplicacions.gestioeducativa.gencat.cat\/pls\/soloas\/pk_for_mod_ins.p_for_pre_cons_activitats?p_totes=N&amp;p_paginar=N&amp;p_any=2024-2025&amp;p_codi=9001230555\"><strong>inscripcions<\/strong>\u00a0<\/a>es podran fer a trav\u00e9s de la p\u00e0gina web de formaci\u00f3 d\u2019xtec fins a completar l&#8217;aforament de la sala.\u00a0<\/p>\n<p>Us hi esperem!<\/p>\n","protected":false},"excerpt":{"rendered":"<p><a href=\"https:\/\/projectes.xtec.cat\/educacio-literaria\/wp-content\/uploads\/usu2578\/2024\/09\/JPGuimera.jpg\"><\/a>Amb motiu de la commemoraci\u00f3 oficial del\u00a0<a href=\"https:\/\/xtec.gencat.cat\/ca\/centres\/celebracions\/2024\/any-angel-guimera\/\" data-saferedirecturl=\"https:\/\/www.google.com\/url?q=https:\/\/xtec.gencat.cat\/ca\/centres\/celebracions\/2024\/any-angel-guimera\/&amp;source=gmail&amp;ust=1718980586840000&amp;usg=AOvVaw2nymnjhZn4OoDY_Z8Ggr60\">centenari de la mort de l\u2019escriptor \u00c0ngel Guimer\u00e0<\/a>, el Departament d\u2019Educaci\u00f3 celebra la Jornada Pedag\u00f2gica\u00a0dedicada a l\u2019autor el proper\u00a0dissabte 28 de setembre\u00a0a la\u00a0<a href=\"https:\/\/museus.elvendrell.net\/casa-museu-angel-guimera\/el-museu\/\" data-saferedirecturl=\"https:\/\/www.google.com\/url?q=https:\/\/museus.elvendrell.net\/casa-museu-angel-guimera\/el-museu\/&amp;source=gmail&amp;ust=1718980586840000&amp;usg=AOvVaw2FvjCfpIHywdCvLeUdRaGw\">Casa Museu \u00c0ngel Guimer\u00e0<\/a>\u00a0(C\/ Santa Anna, 10 43700 El Vendrell).<br \/>\nEs tracta d\u2019una&hellip;  <a href=\"https:\/\/projectes.xtec.cat\/educacio-literaria\/general\/jornada-pedagogica-angel-guimera-al-vendrell\/\" title=\"Read Jornada Pedag\u00f2gica \u00c0ngel Guimer\u00e0 al Vendrell\">Llegeix m\u00e9s\u00bb<\/a><\/p>\n","protected":false},"author":1,"featured_media":9400,"comment_status":"open","ping_status":"open","sticky":false,"template":"","format":"standard","meta":{"_bbp_topic_count":0,"_bbp_reply_count":0,"_bbp_total_topic_count":0,"_bbp_total_reply_count":0,"_bbp_voice_count":0,"_bbp_anonymous_reply_count":0,"_bbp_topic_count_hidden":0,"_bbp_reply_count_hidden":0,"_bbp_forum_subforum_count":0,"footnotes":""},"categories":[64,154,1,29,288],"tags":[301,377,306,590,373,313],"class_list":["post-9396","post","type-post","status-publish","format-standard","has-post-thumbnail","hentry","category-comunitat","category-formacio","category-general","category-portada","category-recursos-per-al-professorat","tag-batxillerat","tag-commemoracions","tag-eso","tag-guimera","tag-jornada-pedagogica","tag-literatura-catalana"],"post_mailing_queue_ids":[],"_links":{"self":[{"href":"https:\/\/projectes.xtec.cat\/educacio-literaria\/wp-json\/wp\/v2\/posts\/9396","targetHints":{"allow":["GET"]}}],"collection":[{"href":"https:\/\/projectes.xtec.cat\/educacio-literaria\/wp-json\/wp\/v2\/posts"}],"about":[{"href":"https:\/\/projectes.xtec.cat\/educacio-literaria\/wp-json\/wp\/v2\/types\/post"}],"author":[{"embeddable":true,"href":"https:\/\/projectes.xtec.cat\/educacio-literaria\/wp-json\/wp\/v2\/users\/1"}],"replies":[{"embeddable":true,"href":"https:\/\/projectes.xtec.cat\/educacio-literaria\/wp-json\/wp\/v2\/comments?post=9396"}],"version-history":[{"count":1,"href":"https:\/\/projectes.xtec.cat\/educacio-literaria\/wp-json\/wp\/v2\/posts\/9396\/revisions"}],"predecessor-version":[{"id":9399,"href":"https:\/\/projectes.xtec.cat\/educacio-literaria\/wp-json\/wp\/v2\/posts\/9396\/revisions\/9399"}],"wp:featuredmedia":[{"embeddable":true,"href":"https:\/\/projectes.xtec.cat\/educacio-literaria\/wp-json\/wp\/v2\/media\/9400"}],"wp:attachment":[{"href":"https:\/\/projectes.xtec.cat\/educacio-literaria\/wp-json\/wp\/v2\/media?parent=9396"}],"wp:term":[{"taxonomy":"category","embeddable":true,"href":"https:\/\/projectes.xtec.cat\/educacio-literaria\/wp-json\/wp\/v2\/categories?post=9396"},{"taxonomy":"post_tag","embeddable":true,"href":"https:\/\/projectes.xtec.cat\/educacio-literaria\/wp-json\/wp\/v2\/tags?post=9396"}],"curies":[{"name":"wp","href":"https:\/\/api.w.org\/{rel}","templated":true}]}}