{"id":9412,"date":"2024-09-12T08:50:04","date_gmt":"2024-09-12T06:50:04","guid":{"rendered":"https:\/\/projectes.xtec.cat\/educacio-literaria\/?p=9412"},"modified":"2024-09-12T09:17:23","modified_gmt":"2024-09-12T07:17:23","slug":"literatura-catalana-i-universal-al-supercampus","status":"publish","type":"post","link":"https:\/\/projectes.xtec.cat\/educacio-literaria\/general\/literatura-catalana-i-universal-al-supercampus\/","title":{"rendered":"Literatura catalana i universal al Supercampus"},"content":{"rendered":"\n\n\n\n\n<p style=\"text-align: justify;\">A finals del curs passat, va n\u00e9ixer <a href=\"https:\/\/www.ccma.cat\/tv3\/sx3\/supercampus\/\" target=\"_blank\" rel=\"noopener\">SuperCampus<\/a>, una\u00a0<strong>plataforma de continguts<\/strong>\u00a0educatius en catal\u00e0,\u00a0<strong>vinculats al curr\u00edculum escolar <\/strong>i que es poden visualitzar al <strong>web del SX3<\/strong>, classificats per tem\u00e0tica i per etapa educativa.\u00a0<\/p>\n<p style=\"text-align: justify;\"><a href=\"https:\/\/projectes.xtec.cat\/educacio-literaria\/wp-content\/uploads\/usu2578\/2024\/09\/supercampus_litcat.webp\"><img loading=\"lazy\" decoding=\"async\" class=\" wp-image-9413 alignleft\" src=\"https:\/\/projectes.xtec.cat\/educacio-literaria\/wp-content\/uploads\/usu2578\/2024\/09\/supercampus_litcat.webp\" alt=\"\" width=\"134\" height=\"196\" srcset=\"https:\/\/projectes.xtec.cat\/educacio-literaria\/wp-content\/uploads\/usu2578\/2024\/09\/supercampus_litcat.webp 467w, https:\/\/projectes.xtec.cat\/educacio-literaria\/wp-content\/uploads\/usu2578\/2024\/09\/supercampus_litcat-205x300.webp 205w\" sizes=\"auto, (max-width: 134px) 100vw, 134px\" \/><\/a>Des d&#8217;aquest mes de setembre l&#8217;oferta inicial s&#8217;amplia i hi podeu trobar una col\u00b7lecci\u00f3 de materials de <a href=\"https:\/\/www.ccma.cat\/tv3\/sx3\/cercador\/videos\/?text=literatura+catalana\">Literatura catalana<\/a> i <a href=\"https:\/\/www.ccma.cat\/tv3\/sx3\/cercador\/videos\/?text=literatura+universal\">Literatura universal<\/a>, i tamb\u00e9 una s\u00e8rie de v\u00eddeos de <a href=\"_wp_link_placeholder\" data-wplink-edit=\"true\">gr\u00e0m\u00e0tica<\/a><a href=\"https:\/\/projectes.xtec.cat\/educacio-literaria\/wp-content\/uploads\/usu2578\/2024\/09\/superc_univ.webp\"><img loading=\"lazy\" decoding=\"async\" class=\" wp-image-9414 alignright\" src=\"https:\/\/projectes.xtec.cat\/educacio-literaria\/wp-content\/uploads\/usu2578\/2024\/09\/superc_univ.webp\" alt=\"\" width=\"150\" height=\"220\" srcset=\"https:\/\/projectes.xtec.cat\/educacio-literaria\/wp-content\/uploads\/usu2578\/2024\/09\/superc_univ.webp 467w, https:\/\/projectes.xtec.cat\/educacio-literaria\/wp-content\/uploads\/usu2578\/2024\/09\/superc_univ-205x300.webp 205w\" sizes=\"auto, (max-width: 150px) 100vw, 150px\" \/><\/a><a href=\"_wp_link_placeholder\" data-wplink-edit=\"true\"> i ortografia de la llengua catalana<\/a>.<\/p>\n<p style=\"text-align: justify;\">Tamb\u00e9 estaran disponibles a la<strong>\u00a0plataforma digital del 3Cat i a Youtube<\/strong>. L&#8217;objectiu \u00e9s oferir una formaci\u00f3 complement\u00e0ria als continguts que es treballen a l&#8217;aula en un format audiovisual digital (<strong>v\u00eddeos i p\u00f2dcasts<\/strong>), que es puguin consultar tant en els centres educatius com a casa i que estan validats i classificats a partir de l&#8217;assessoria pedag\u00f2gica d&#8217;un equip de docents.<\/p>\n<p style=\"text-align: justify;\"><a href=\"https:\/\/projectes.xtec.cat\/educacio-literaria\/wp-content\/uploads\/usu2578\/2024\/09\/sup_tot.jpg\"><img loading=\"lazy\" decoding=\"async\" class=\"alignnone size-full wp-image-9419\" src=\"https:\/\/projectes.xtec.cat\/educacio-literaria\/wp-content\/uploads\/usu2578\/2024\/09\/sup_tot.jpg\" alt=\"\" width=\"1615\" height=\"402\" srcset=\"https:\/\/projectes.xtec.cat\/educacio-literaria\/wp-content\/uploads\/usu2578\/2024\/09\/sup_tot.jpg 1615w, https:\/\/projectes.xtec.cat\/educacio-literaria\/wp-content\/uploads\/usu2578\/2024\/09\/sup_tot-300x75.jpg 300w, https:\/\/projectes.xtec.cat\/educacio-literaria\/wp-content\/uploads\/usu2578\/2024\/09\/sup_tot-1024x255.jpg 1024w, https:\/\/projectes.xtec.cat\/educacio-literaria\/wp-content\/uploads\/usu2578\/2024\/09\/sup_tot-768x191.jpg 768w, https:\/\/projectes.xtec.cat\/educacio-literaria\/wp-content\/uploads\/usu2578\/2024\/09\/sup_tot-1536x382.jpg 1536w\" sizes=\"auto, (max-width: 1615px) 100vw, 1615px\" \/><\/a><\/p>\n<h2 class=\"entradeta\">\u00a0<\/h2>\n","protected":false},"excerpt":{"rendered":"<p>A finals del curs passat, va n\u00e9ixer <a href=\"https:\/\/www.ccma.cat\/tv3\/sx3\/supercampus\/\" target=\"_blank\" rel=\"noopener\">SuperCampus<\/a>, una\u00a0plataforma de continguts\u00a0educatius en catal\u00e0,\u00a0vinculats al curr\u00edculum escolar i que es poden visualitzar al web del SX3, classificats per tem\u00e0tica i per etapa educativa.\u00a0<br \/>\n<a href=\"https:\/\/projectes.xtec.cat\/educacio-literaria\/wp-content\/uploads\/usu2578\/2024\/09\/supercampus_litcat.webp\"><\/a>Des d&#8217;aquest mes de setembre l&#8217;oferta inicial s&#8217;amplia i hi&hellip;  <a href=\"https:\/\/projectes.xtec.cat\/educacio-literaria\/general\/literatura-catalana-i-universal-al-supercampus\/\" title=\"Read Literatura catalana i universal al Supercampus\">Llegeix m\u00e9s\u00bb<\/a><\/p>\n","protected":false},"author":1,"featured_media":9417,"comment_status":"open","ping_status":"open","sticky":false,"template":"","format":"standard","meta":{"_bbp_topic_count":0,"_bbp_reply_count":0,"_bbp_total_topic_count":0,"_bbp_total_reply_count":0,"_bbp_voice_count":0,"_bbp_anonymous_reply_count":0,"_bbp_topic_count_hidden":0,"_bbp_reply_count_hidden":0,"_bbp_forum_subforum_count":0,"footnotes":""},"categories":[1,29,288],"tags":[301,594,306,599,313,315,600,601],"class_list":["post-9412","post","type-post","status-publish","format-standard","has-post-thumbnail","hentry","category-general","category-portada","category-recursos-per-al-professorat","tag-batxillerat","tag-curriculum","tag-eso","tag-gramatica","tag-literatura-catalana","tag-literatura-universal","tag-ortografia","tag-supercampus"],"post_mailing_queue_ids":[],"_links":{"self":[{"href":"https:\/\/projectes.xtec.cat\/educacio-literaria\/wp-json\/wp\/v2\/posts\/9412","targetHints":{"allow":["GET"]}}],"collection":[{"href":"https:\/\/projectes.xtec.cat\/educacio-literaria\/wp-json\/wp\/v2\/posts"}],"about":[{"href":"https:\/\/projectes.xtec.cat\/educacio-literaria\/wp-json\/wp\/v2\/types\/post"}],"author":[{"embeddable":true,"href":"https:\/\/projectes.xtec.cat\/educacio-literaria\/wp-json\/wp\/v2\/users\/1"}],"replies":[{"embeddable":true,"href":"https:\/\/projectes.xtec.cat\/educacio-literaria\/wp-json\/wp\/v2\/comments?post=9412"}],"version-history":[{"count":4,"href":"https:\/\/projectes.xtec.cat\/educacio-literaria\/wp-json\/wp\/v2\/posts\/9412\/revisions"}],"predecessor-version":[{"id":9422,"href":"https:\/\/projectes.xtec.cat\/educacio-literaria\/wp-json\/wp\/v2\/posts\/9412\/revisions\/9422"}],"wp:featuredmedia":[{"embeddable":true,"href":"https:\/\/projectes.xtec.cat\/educacio-literaria\/wp-json\/wp\/v2\/media\/9417"}],"wp:attachment":[{"href":"https:\/\/projectes.xtec.cat\/educacio-literaria\/wp-json\/wp\/v2\/media?parent=9412"}],"wp:term":[{"taxonomy":"category","embeddable":true,"href":"https:\/\/projectes.xtec.cat\/educacio-literaria\/wp-json\/wp\/v2\/categories?post=9412"},{"taxonomy":"post_tag","embeddable":true,"href":"https:\/\/projectes.xtec.cat\/educacio-literaria\/wp-json\/wp\/v2\/tags?post=9412"}],"curies":[{"name":"wp","href":"https:\/\/api.w.org\/{rel}","templated":true}]}}