{"id":9423,"date":"2024-09-12T16:54:49","date_gmt":"2024-09-12T14:54:49","guid":{"rendered":"https:\/\/projectes.xtec.cat\/educacio-literaria\/?p=9423"},"modified":"2024-09-12T16:56:11","modified_gmt":"2024-09-12T14:56:11","slug":"lautora-care-santos-al-programa-el-gust-per-la-lectura-formacio-i-materials-didactics","status":"publish","type":"post","link":"https:\/\/projectes.xtec.cat\/educacio-literaria\/general\/lautora-care-santos-al-programa-el-gust-per-la-lectura-formacio-i-materials-didactics\/","title":{"rendered":"L&#8217;autora Care Santos al programa &#8220;El gust per la lectura&#8221;: formaci\u00f3 i materials did\u00e0ctics"},"content":{"rendered":"\n\n\n<p style=\"text-align: justify;\">Com cada curs, en el marc del programa El gust per la lectura es trien diversos eixos -autor, tema, g\u00e8nere, etc.- per aprofundir en la formaci\u00f3 de bons lectors i lectores en totes les etapes educatives.<\/p>\n<p style=\"text-align: justify;\">Cadascuna de les propostes de lectura t\u00e9 associat un dossier did\u00e0ctic i una activitat formativa que es desenvolupa en el primer torn de formaci\u00f3.\u00a0<\/p>\n<p style=\"text-align: justify;\">Un dels eixos triats per a secund\u00e0ria al XXX Concurs El gust per la lectura \u00e9s l&#8217;<strong>autora Care Santos<\/strong>.\u00a0 Les propostes de lectura s\u00f3n:<\/p>\n<ul style=\"text-align: justify;\">\n<li><a href=\"https:\/\/projectes.xtec.cat\/educacio-literaria\/wp-content\/uploads\/usu2578\/2024\/09\/Inbox.jpg\"><img loading=\"lazy\" decoding=\"async\" class=\"wp-image-9424 alignleft\" src=\"https:\/\/projectes.xtec.cat\/educacio-literaria\/wp-content\/uploads\/usu2578\/2024\/09\/Inbox.jpg\" alt=\"\" width=\"81\" height=\"122\" srcset=\"https:\/\/projectes.xtec.cat\/educacio-literaria\/wp-content\/uploads\/usu2578\/2024\/09\/Inbox.jpg 400w, https:\/\/projectes.xtec.cat\/educacio-literaria\/wp-content\/uploads\/usu2578\/2024\/09\/Inbox-200x300.jpg 200w\" sizes=\"auto, (max-width: 81px) 100vw, 81px\" \/><\/a>Educaci\u00f3 Secund\u00e0ria Obligat\u00f2ria (1r i 2n d\u2019ESO): Santos, Care. <em>Inbox<\/em>\n<p><strong><a href=\"https:\/\/repositori.educacio.gencat.cat\/handle\/20.500.12694\/6726#page=1\">Guia de lectura i orientacions did\u00e0ctiques per al professorat<\/a><\/strong><\/p>\n<\/li>\n<\/ul>\n<p style=\"text-align: justify;\"><a href=\"https:\/\/aplicacions.gestioeducativa.gencat.cat\/pls\/soloas\/pk_for_mod_ins.p_for_detall_activitat?p_header=Llista%20d%27activitats^pk_for_mod_ins.p_for_cons_activitats?p_tipus_act=GLE1,GLE2,GLE3,GLE4%26p_totes=S%26p_inici=1%26p_excloure_crp_rec=F&amp;p_codi=9001350555&amp;p_curs=2024-2025&amp;p_excloure_crp_rec=F\">Formaci\u00f3:<\/a> 8 i 22 d\u2019octubre\u00a0<\/p>\n<ul style=\"text-align: justify;\">\n<li><a href=\"https:\/\/projectes.xtec.cat\/educacio-literaria\/wp-content\/uploads\/usu2578\/2024\/09\/tercera_mascara.jpg\"><img loading=\"lazy\" decoding=\"async\" class=\"wp-image-9425 alignleft\" src=\"https:\/\/projectes.xtec.cat\/educacio-literaria\/wp-content\/uploads\/usu2578\/2024\/09\/tercera_mascara.jpg\" alt=\"\" width=\"83\" height=\"135\" srcset=\"https:\/\/projectes.xtec.cat\/educacio-literaria\/wp-content\/uploads\/usu2578\/2024\/09\/tercera_mascara.jpg 229w, https:\/\/projectes.xtec.cat\/educacio-literaria\/wp-content\/uploads\/usu2578\/2024\/09\/tercera_mascara-185x300.jpg 185w\" sizes=\"auto, (max-width: 83px) 100vw, 83px\" \/><\/a>Educaci\u00f3 Secund\u00e0ria Obligat\u00f2ria (3r i 4t d\u2019ESO, GESO, CAM i PPACFGM):\u00a0Santos, Care. <em>La tercera m\u00e0scara<\/em><\/li>\n<\/ul>\n<p style=\"text-align: justify;\"><strong><a href=\"https:\/\/repositori.educacio.gencat.cat\/handle\/20.500.12694\/6724\">Guia de lectura i orientacions did\u00e0ctiques per al professorat<\/a><\/strong><\/p>\n<p style=\"text-align: justify;\"><a href=\"https:\/\/aplicacions.gestioeducativa.gencat.cat\/pls\/soloas\/pk_for_mod_ins.p_for_detall_activitat?p_header=Llista%20d%27activitats^pk_for_mod_ins.p_for_cons_activitats?p_tipus_act=GLE1,GLE2,GLE3,GLE4%26p_totes=S%26p_inici=1%26p_excloure_crp_rec=F&amp;p_codi=9001380555&amp;p_curs=2024-2025&amp;p_excloure_crp_rec=F\">Formaci\u00f3: <\/a>8 i 29 d&#8217;octubre<\/p>\n","protected":false},"excerpt":{"rendered":"<p>Un dels eixos triats per a secund\u00e0ria al XXX Concurs El gust per la lectura \u00e9s l&#8217;autora Care Santos.\u00a0 Les propostes de lectura s\u00f3n Inbox i La tercera m\u00e0scara.&hellip;  <a href=\"https:\/\/projectes.xtec.cat\/educacio-literaria\/general\/lautora-care-santos-al-programa-el-gust-per-la-lectura-formacio-i-materials-didactics\/\" title=\"Read L&#8217;autora Care Santos al programa &#8220;El gust per la lectura&#8221;: formaci\u00f3 i materials did\u00e0ctics\">Llegeix m\u00e9s\u00bb<\/a><\/p>\n","protected":false},"author":1,"featured_media":9428,"comment_status":"open","ping_status":"open","sticky":false,"template":"","format":"standard","meta":{"_bbp_topic_count":0,"_bbp_reply_count":0,"_bbp_total_topic_count":0,"_bbp_total_reply_count":0,"_bbp_voice_count":0,"_bbp_anonymous_reply_count":0,"_bbp_topic_count_hidden":0,"_bbp_reply_count_hidden":0,"_bbp_forum_subforum_count":0,"footnotes":""},"categories":[154,1,29,288],"tags":[335,306,328,330,313],"class_list":["post-9423","post","type-post","status-publish","format-standard","has-post-thumbnail","hentry","category-formacio","category-general","category-portada","category-recursos-per-al-professorat","tag-concurs","tag-eso","tag-gust-per-la-lectura","tag-lectura","tag-literatura-catalana"],"post_mailing_queue_ids":[],"_links":{"self":[{"href":"https:\/\/projectes.xtec.cat\/educacio-literaria\/wp-json\/wp\/v2\/posts\/9423","targetHints":{"allow":["GET"]}}],"collection":[{"href":"https:\/\/projectes.xtec.cat\/educacio-literaria\/wp-json\/wp\/v2\/posts"}],"about":[{"href":"https:\/\/projectes.xtec.cat\/educacio-literaria\/wp-json\/wp\/v2\/types\/post"}],"author":[{"embeddable":true,"href":"https:\/\/projectes.xtec.cat\/educacio-literaria\/wp-json\/wp\/v2\/users\/1"}],"replies":[{"embeddable":true,"href":"https:\/\/projectes.xtec.cat\/educacio-literaria\/wp-json\/wp\/v2\/comments?post=9423"}],"version-history":[{"count":3,"href":"https:\/\/projectes.xtec.cat\/educacio-literaria\/wp-json\/wp\/v2\/posts\/9423\/revisions"}],"predecessor-version":[{"id":9429,"href":"https:\/\/projectes.xtec.cat\/educacio-literaria\/wp-json\/wp\/v2\/posts\/9423\/revisions\/9429"}],"wp:featuredmedia":[{"embeddable":true,"href":"https:\/\/projectes.xtec.cat\/educacio-literaria\/wp-json\/wp\/v2\/media\/9428"}],"wp:attachment":[{"href":"https:\/\/projectes.xtec.cat\/educacio-literaria\/wp-json\/wp\/v2\/media?parent=9423"}],"wp:term":[{"taxonomy":"category","embeddable":true,"href":"https:\/\/projectes.xtec.cat\/educacio-literaria\/wp-json\/wp\/v2\/categories?post=9423"},{"taxonomy":"post_tag","embeddable":true,"href":"https:\/\/projectes.xtec.cat\/educacio-literaria\/wp-json\/wp\/v2\/tags?post=9423"}],"curies":[{"name":"wp","href":"https:\/\/api.w.org\/{rel}","templated":true}]}}