{"id":9443,"date":"2024-09-16T13:43:36","date_gmt":"2024-09-16T11:43:36","guid":{"rendered":"https:\/\/projectes.xtec.cat\/educacio-literaria\/?p=9443"},"modified":"2024-09-17T09:53:06","modified_gmt":"2024-09-17T07:53:06","slug":"lautor-oriol-canosa-al-programa-el-gust-per-la-lectura-a-primaria-formacio-i-materials-didactics","status":"publish","type":"post","link":"https:\/\/projectes.xtec.cat\/educacio-literaria\/general\/lautor-oriol-canosa-al-programa-el-gust-per-la-lectura-a-primaria-formacio-i-materials-didactics\/","title":{"rendered":"L&#8217;autor Oriol Canosa al programa &#8220;El gust per la lectura&#8221; a prim\u00e0ria: formaci\u00f3 i materials did\u00e0ctics"},"content":{"rendered":"\n<p style=\"text-align: justify;\">Com cada curs, en el marc del programa El gust per la lectura es trien diversos eixos -autor, tema, g\u00e8nere, etc.- per aprofundir en la formaci\u00f3 de bons lectors i lectores en totes les etapes educatives.<\/p>\n<p style=\"text-align: justify;\">Cadascuna de les propostes de lectura t\u00e9 associat un dossier did\u00e0ctic i una activitat formativa que es desenvolupa en el primer torn de formaci\u00f3.\u00a0<\/p>\n<p>Un dels eixos triats per a prim\u00e0ria al XXX Concurs El gust per la lectura \u00e9s l\u2019<strong>autor Oriol Canosa<\/strong>.\u00a0 Les propostes de lectura s\u00f3n les seg\u00fcents:<\/p>\n<ul>\n<li><strong><img loading=\"lazy\" decoding=\"async\" class=\"alignleft\" title=\"Apa_creuem\" src=\"https:\/\/xtec.gencat.cat\/web\/.content\/projectes\/lectura\/gustperlalectura\/materialdidactic\/imatges\/Apa_creuem.jpg\" alt=\"Apa_creuem\" width=\"86\" height=\"129\" \/>Cicle infantil d\u2019educaci\u00f3 prim\u00e0ria:<\/strong>\u00a0Canosa, Oriol.\u00a0<em>Apa! Et penses que ens ho creurem?<\/em>\u00a0<\/li>\n<\/ul>\n<p><a title=\"Dossier de l'alumne i orientacions did\u00e0ctiques per al professorat\" href=\"https:\/\/repositori.educacio.gencat.cat\/handle\/20.500.12694\/6734#page=1\" target=\"_blank\" rel=\"noopener\"><strong>Dossier de l\u2019alumne i orientacions did\u00e0ctiques per al professorat<\/strong><\/a><\/p>\n<p><a href=\"https:\/\/aplicacions.gestioeducativa.gencat.cat\/pls\/soloas\/pk_for_mod_ins.p_for_detall_activitat?p_header=Llista%20d%27activitats^pk_for_mod_ins.p_for_cons_activitats?p_tipus_act=GLI1,GLI2%26p_totes=S%26p_inici=1%26p_excloure_crp_rec=F&amp;p_codi=9001280555&amp;p_curs=2024-2025&amp;p_excloure_crp_rec=F\">Formaci\u00f3:<\/a> 15 d&#8217;octubre i 7 de novembre de 187:30 h a 19:30 h en l\u00ednia<\/p>\n<ul>\n<li><img loading=\"lazy\" decoding=\"async\" class=\"alignleft\" title=\"Revolta_granotes (1)\" src=\"https:\/\/xtec.gencat.cat\/web\/.content\/projectes\/lectura\/gustperlalectura\/materialdidactic\/imatges\/Revolta_granotes-1.png\" alt=\"Revolta_granotes (1)\" width=\"87\" height=\"133\" \/><strong>Cicle mitj\u00e0 d\u2019educaci\u00f3 prim\u00e0ria:\u00a0<\/strong>Canosa, Oriol.\u00a0<em>La vaga de les granotes<\/em><\/li>\n<\/ul>\n<p><a title=\"Dossier de l'alumne i orientacions did\u00e0ctiques per al professorat\" href=\"https:\/\/repositori.educacio.gencat.cat\/handle\/20.500.12694\/6733#page=1\" target=\"_blank\" rel=\"noopener\"><strong>Dossier de l\u2019alumne i orientacions did\u00e0ctiques per al professorat<\/strong><\/a><\/p>\n<p><a href=\"https:\/\/aplicacions.gestioeducativa.gencat.cat\/pls\/soloas\/pk_for_mod_ins.p_for_detall_activitat?p_header=Llista%20d%27activitats^pk_for_mod_ins.p_for_cons_activitats?p_tipus_act=GLM1,GLM2,GLS1,GLS2,GLMS%26p_totes=S%26p_inici=1%26p_excloure_crp_rec=F&amp;p_codi=9001300555&amp;p_curs=2024-2025&amp;p_excloure_crp_rec=F\">Formaci\u00f3<\/a>:\u00a0 15 d&#8217;octubre i 12 de novembre<\/p>\n<ul>\n<li><strong><a title=\"Dossier de l'alumne i orientacions did\u00e0ctiques per al professorat\" href=\"https:\/\/repositori.educacio.gencat.cat\/handle\/20.500.12694\/6725#page=1\" target=\"_blank\" rel=\"noopener\"><img loading=\"lazy\" decoding=\"async\" class=\"alignleft\" title=\"L-illa-de-Paidonesia\" src=\"https:\/\/xtec.gencat.cat\/web\/.content\/projectes\/lectura\/gustperlalectura\/materialdidactic\/imatges\/L-illa-de-Paidonesia.jpg\" alt=\"L-illa-de-Paidonesia\" width=\"86\" height=\"133\" \/><\/a>Cicle superior d\u2019educaci\u00f3 prim\u00e0ria:<\/strong>\u00a0Canosa, Oriol.\u00a0<em>L\u2019illa de Paidon\u00e8sia<\/em><\/li>\n<\/ul>\n<p><a title=\"Dossier de l'alumne i orientacions did\u00e0ctiques per al professorat\" href=\"https:\/\/repositori.educacio.gencat.cat\/handle\/20.500.12694\/6725#page=1\" target=\"_blank\" rel=\"noopener\"><strong>Dossier de l\u2019alumne i orientacions did\u00e0ctiques per al professorat<\/strong><\/a><\/p>\n<p><a href=\"https:\/\/aplicacions.gestioeducativa.gencat.cat\/pls\/soloas\/pk_for_mod_ins.p_for_detall_activitat?p_header=Llista%20d%27activitats^pk_for_mod_ins.p_for_cons_activitats?p_tipus_act=GLM1,GLM2,GLS1,GLS2,GLMS%26p_totes=S%26p_inici=1%26p_excloure_crp_rec=F&amp;p_codi=9001320555&amp;p_curs=2024-2025&amp;p_excloure_crp_rec=F\">Formaci\u00f3:<\/a> 15 d&#8217;octubre i 19 de novembre<\/p>\n<p>\u00a0 \u00a0 \u00a0 \u00a0 \u00a0 \u00a0 \u00a0 \u00a0 \u00a0 \u00a0 \u00a0 \u00a0 \u00a0 \u00a0 \u00a0 \u00a0 \u00a0 \u00a0 \u00a0<\/p>\n","protected":false},"excerpt":{"rendered":"<p>Un dels eixos triats per a prim\u00e0ria al XXX Concurs El gust per la lectura \u00e9s l\u2019autor Oriol Canosa.\u00a0 Les propostes de lectura s\u00f3n &#8220;Apa! Et penses que ens ho creurem?&#8221;, &#8220;La vaga de les granotes&#8221; i &#8220;L\u2019illa de Paidon\u00e8sia&#8221;&hellip;  <a href=\"https:\/\/projectes.xtec.cat\/educacio-literaria\/general\/lautor-oriol-canosa-al-programa-el-gust-per-la-lectura-a-primaria-formacio-i-materials-didactics\/\" title=\"Read L&#8217;autor Oriol Canosa al programa &#8220;El gust per la lectura&#8221; a prim\u00e0ria: formaci\u00f3 i materials did\u00e0ctics\">Llegeix m\u00e9s\u00bb<\/a><\/p>\n","protected":false},"author":1,"featured_media":9445,"comment_status":"open","ping_status":"open","sticky":false,"template":"","format":"standard","meta":{"_bbp_topic_count":0,"_bbp_reply_count":0,"_bbp_total_topic_count":0,"_bbp_total_reply_count":0,"_bbp_voice_count":0,"_bbp_anonymous_reply_count":0,"_bbp_topic_count_hidden":0,"_bbp_reply_count_hidden":0,"_bbp_forum_subforum_count":0,"footnotes":""},"categories":[154,1,29,288],"tags":[335,328,606,325],"class_list":["post-9443","post","type-post","status-publish","format-standard","has-post-thumbnail","hentry","category-formacio","category-general","category-portada","category-recursos-per-al-professorat","tag-concurs","tag-gust-per-la-lectura","tag-oriol-canosa","tag-primaria"],"post_mailing_queue_ids":[],"_links":{"self":[{"href":"https:\/\/projectes.xtec.cat\/educacio-literaria\/wp-json\/wp\/v2\/posts\/9443","targetHints":{"allow":["GET"]}}],"collection":[{"href":"https:\/\/projectes.xtec.cat\/educacio-literaria\/wp-json\/wp\/v2\/posts"}],"about":[{"href":"https:\/\/projectes.xtec.cat\/educacio-literaria\/wp-json\/wp\/v2\/types\/post"}],"author":[{"embeddable":true,"href":"https:\/\/projectes.xtec.cat\/educacio-literaria\/wp-json\/wp\/v2\/users\/1"}],"replies":[{"embeddable":true,"href":"https:\/\/projectes.xtec.cat\/educacio-literaria\/wp-json\/wp\/v2\/comments?post=9443"}],"version-history":[{"count":7,"href":"https:\/\/projectes.xtec.cat\/educacio-literaria\/wp-json\/wp\/v2\/posts\/9443\/revisions"}],"predecessor-version":[{"id":9453,"href":"https:\/\/projectes.xtec.cat\/educacio-literaria\/wp-json\/wp\/v2\/posts\/9443\/revisions\/9453"}],"wp:featuredmedia":[{"embeddable":true,"href":"https:\/\/projectes.xtec.cat\/educacio-literaria\/wp-json\/wp\/v2\/media\/9445"}],"wp:attachment":[{"href":"https:\/\/projectes.xtec.cat\/educacio-literaria\/wp-json\/wp\/v2\/media?parent=9443"}],"wp:term":[{"taxonomy":"category","embeddable":true,"href":"https:\/\/projectes.xtec.cat\/educacio-literaria\/wp-json\/wp\/v2\/categories?post=9443"},{"taxonomy":"post_tag","embeddable":true,"href":"https:\/\/projectes.xtec.cat\/educacio-literaria\/wp-json\/wp\/v2\/tags?post=9443"}],"curies":[{"name":"wp","href":"https:\/\/api.w.org\/{rel}","templated":true}]}}