{"id":9448,"date":"2024-09-17T10:07:39","date_gmt":"2024-09-17T08:07:39","guid":{"rendered":"https:\/\/projectes.xtec.cat\/educacio-literaria\/?p=9448"},"modified":"2024-09-17T10:10:25","modified_gmt":"2024-09-17T08:10:25","slug":"llibres-i-biblioteques-al-programa-el-gust-per-la-lectura-a-primaria-formacio-i-materials-didactics","status":"publish","type":"post","link":"https:\/\/projectes.xtec.cat\/educacio-literaria\/general\/llibres-i-biblioteques-al-programa-el-gust-per-la-lectura-a-primaria-formacio-i-materials-didactics\/","title":{"rendered":"Llibres i biblioteques al programa \u201cEl gust per la lectura\u201d per a prim\u00e0ria: formaci\u00f3 i materials did\u00e0ctics"},"content":{"rendered":"\n\n\n<p style=\"text-align: justify;\">Aquest curs, dins de les propostes del programa &#8220;El gust per la lectura&#8221; per a educaci\u00f3 prim\u00e0ria, hi trobareu lectures de l&#8217;eix tem\u00e0tic dels llibres i les biblioteques. Com cada curs, cadascuna de les propostes de lectura t\u00e9 associat un dossier did\u00e0ctic i una activitat formativa que es desenvolupa en el primer torn de formaci\u00f3.\u00a0<\/p>\n<p style=\"text-align: justify;\">Els llibres triats per a l&#8217;eix tem\u00e0tic &#8220;llibres i biblioteques&#8221; s\u00f3n:<\/p>\n<ul style=\"text-align: justify;\">\n<li style=\"text-align: justify;\"><img loading=\"lazy\" decoding=\"async\" class=\"alignleft\" title=\"Embolic_biblioselva\" src=\"https:\/\/xtec.gencat.cat\/web\/.content\/projectes\/lectura\/gustperlalectura\/materialdidactic\/imatges\/Embolic_biblioselva.jpg\" alt=\"Embolic_biblioselva\" width=\"83\" height=\"121\" \/> Cicle inicial d&#8217;educaci\u00f3 prim\u00e0ria: Verd\u00fa, Irene. <em style=\"font-size: revert; color: initial;\">Embolic a la biblioselva<\/em><span style=\"font-size: revert; color: initial;\"> \u00a0<\/span><\/li>\n<\/ul>\n<p style=\"text-align: justify;\"><a style=\"font-size: revert;\" title=\"Dossier de l'alumne i orientacions did\u00e0ctiques per al professorat\" href=\"http:\/\/hdl.handle.net\/20.500.12694\/6727\" target=\"_blank\" rel=\"noopener\"><strong>Dossier de l&#8217;alumne i orientacions did\u00e0ctiques per al professorat<\/strong><\/a><\/p>\n<p style=\"text-align: justify;\"><a href=\"https:\/\/aplicacions.gestioeducativa.gencat.cat\/pls\/soloas\/pk_for_mod_ins.p_for_detall_activitat?p_header=Llista%20d%27activitats^pk_for_mod_ins.p_for_cons_activitats?p_tipus_act=GLI1,GLI2%26p_totes=S%26p_inici=1%26p_excloure_crp_rec=F&amp;p_codi=9001270555&amp;p_curs=2024-2025&amp;p_excloure_crp_rec=F\">Formaci\u00f3:<\/a> 17 d&#8217;octubre i 5 de novembre<\/p>\n<ul style=\"text-align: justify;\">\n<li><img loading=\"lazy\" decoding=\"async\" class=\"alignleft\" title=\"El-segrest-de-la-bibliotecaria-i6n17426996\" src=\"https:\/\/xtec.gencat.cat\/web\/.content\/projectes\/lectura\/gustperlalectura\/materialdidactic\/imatges\/El-segrest-de-la-bibliotecaria-i6n17426996.jpg\" alt=\"El-segrest-de-la-bibliotecaria-i6n17426996\" width=\"84\" height=\"124\" \/> Cicle mitj\u00e0 d&#8217;educaci\u00f3 prim\u00e0ria: Mahy, Margaret. <em style=\"font-size: revert; color: initial;\">El segrest de la bibliotec\u00e0ria<\/em><\/li>\n<\/ul>\n<p style=\"text-align: justify;\"><a title=\"Dossier de l'alumne i orientacions did\u00e0ctiques per al professorat\" href=\"http:\/\/hdl.handle.net\/20.500.12694\/6728\" target=\"_blank\" rel=\"noopener\"><strong>Dossier de l&#8217;alumne i orientacions did\u00e0ctiques per al professorat<\/strong><\/a><\/p>\n<p style=\"text-align: justify;\"><a href=\"https:\/\/aplicacions.gestioeducativa.gencat.cat\/pls\/soloas\/pk_for_mod_ins.p_for_detall_activitat?p_header=Llista%20d%27activitats^pk_for_mod_ins.p_for_cons_activitats?p_tipus_act=GLM1,GLM2,GLS1,GLS2,GLMS%26p_totes=S%26p_inici=1%26p_excloure_crp_rec=F&amp;p_codi=9001290555&amp;p_curs=2024-2025&amp;p_excloure_crp_rec=F\">Formaci\u00f3:<\/a> 17 d&#8217;octubre i 14 de novembre<\/p>\n<ul style=\"text-align: justify;\">\n<li><img loading=\"lazy\" decoding=\"async\" class=\"alignleft\" title=\"Amy_biblio_secreta\" src=\"https:\/\/xtec.gencat.cat\/web\/.content\/projectes\/lectura\/gustperlalectura\/materialdidactic\/imatges\/Amy_biblio_secreta.jpg\" alt=\"Amy_biblio_secreta\" width=\"85\" height=\"128\" \/>Cicle superior d&#8217;educaci\u00f3 prim\u00e0ria: Gratz, Alan. <em style=\"font-size: revert; color: initial;\">L\u2019Amy i la biblioteca secreta<\/em><\/li>\n<\/ul>\n<p style=\"text-align: justify;\"><a title=\"Dossier de l'alumne i orientacions did\u00e0ctiques per al professorat\" href=\"http:\/\/hdl.handle.net\/20.500.12694\/6729\" target=\"_blank\" rel=\"noopener\"><strong>Dossier de l&#8217;alumne i orientacions did\u00e0ctiques per al professorat<\/strong><\/a><\/p>\n<p style=\"text-align: justify;\"><a href=\"https:\/\/aplicacions.gestioeducativa.gencat.cat\/pls\/soloas\/pk_for_mod_ins.p_for_detall_activitat?p_header=Llista%20d%27activitats^pk_for_mod_ins.p_for_cons_activitats?p_tipus_act=GLM1,GLM2,GLS1,GLS2,GLMS%26p_totes=S%26p_inici=1%26p_excloure_crp_rec=F&amp;p_codi=9001310555&amp;p_curs=2024-2025&amp;p_excloure_crp_rec=F\">Formaci\u00f3:<\/a> 17 d&#8217;octubre i 21 de novembre<\/p>\n<p style=\"text-align: justify;\">\u00a0 \u00a0 \u00a0 \u00a0 \u00a0 \u00a0 \u00a0 \u00a0 \u00a0 \u00a0 \u00a0 \u00a0 \u00a0 \u00a0 \u00a0 \u00a0<\/p>\n","protected":false},"excerpt":{"rendered":"<p>Aquest curs, dins de les propostes del programa &#8220;El gust per la lectura&#8221; per a educaci\u00f3 prim\u00e0ria, hi trobareu lectures de l&#8217;eix tem\u00e0tic dels llibres i les biblioteques. S\u00f3n &#8220;Embolic a la biblioselva&#8221;, &#8220;El segrest de la bibliotec\u00e0ria&#8221; i &#8220;L&#8217;Amy i la biblioteca secreta&#8221;.&hellip;  <a href=\"https:\/\/projectes.xtec.cat\/educacio-literaria\/general\/llibres-i-biblioteques-al-programa-el-gust-per-la-lectura-a-primaria-formacio-i-materials-didactics\/\" title=\"Read Llibres i biblioteques al programa \u201cEl gust per la lectura\u201d per a prim\u00e0ria: formaci\u00f3 i materials did\u00e0ctics\">Llegeix m\u00e9s\u00bb<\/a><\/p>\n","protected":false},"author":1,"featured_media":9457,"comment_status":"open","ping_status":"open","sticky":false,"template":"","format":"standard","meta":{"_bbp_topic_count":0,"_bbp_reply_count":0,"_bbp_total_topic_count":0,"_bbp_total_reply_count":0,"_bbp_voice_count":0,"_bbp_anonymous_reply_count":0,"_bbp_topic_count_hidden":0,"_bbp_reply_count_hidden":0,"_bbp_forum_subforum_count":0,"footnotes":""},"categories":[154,1,29,288],"tags":[607,335,328,330,385,325],"class_list":["post-9448","post","type-post","status-publish","format-standard","has-post-thumbnail","hentry","category-formacio","category-general","category-portada","category-recursos-per-al-professorat","tag-biblioteques","tag-concurs","tag-gust-per-la-lectura","tag-lectura","tag-llibres","tag-primaria"],"post_mailing_queue_ids":[],"_links":{"self":[{"href":"https:\/\/projectes.xtec.cat\/educacio-literaria\/wp-json\/wp\/v2\/posts\/9448","targetHints":{"allow":["GET"]}}],"collection":[{"href":"https:\/\/projectes.xtec.cat\/educacio-literaria\/wp-json\/wp\/v2\/posts"}],"about":[{"href":"https:\/\/projectes.xtec.cat\/educacio-literaria\/wp-json\/wp\/v2\/types\/post"}],"author":[{"embeddable":true,"href":"https:\/\/projectes.xtec.cat\/educacio-literaria\/wp-json\/wp\/v2\/users\/1"}],"replies":[{"embeddable":true,"href":"https:\/\/projectes.xtec.cat\/educacio-literaria\/wp-json\/wp\/v2\/comments?post=9448"}],"version-history":[{"count":5,"href":"https:\/\/projectes.xtec.cat\/educacio-literaria\/wp-json\/wp\/v2\/posts\/9448\/revisions"}],"predecessor-version":[{"id":9459,"href":"https:\/\/projectes.xtec.cat\/educacio-literaria\/wp-json\/wp\/v2\/posts\/9448\/revisions\/9459"}],"wp:featuredmedia":[{"embeddable":true,"href":"https:\/\/projectes.xtec.cat\/educacio-literaria\/wp-json\/wp\/v2\/media\/9457"}],"wp:attachment":[{"href":"https:\/\/projectes.xtec.cat\/educacio-literaria\/wp-json\/wp\/v2\/media?parent=9448"}],"wp:term":[{"taxonomy":"category","embeddable":true,"href":"https:\/\/projectes.xtec.cat\/educacio-literaria\/wp-json\/wp\/v2\/categories?post=9448"},{"taxonomy":"post_tag","embeddable":true,"href":"https:\/\/projectes.xtec.cat\/educacio-literaria\/wp-json\/wp\/v2\/tags?post=9448"}],"curies":[{"name":"wp","href":"https:\/\/api.w.org\/{rel}","templated":true}]}}