{"id":9461,"date":"2024-09-18T09:28:05","date_gmt":"2024-09-18T07:28:05","guid":{"rendered":"https:\/\/projectes.xtec.cat\/educacio-literaria\/?p=9461"},"modified":"2024-09-18T11:08:18","modified_gmt":"2024-09-18T09:08:18","slug":"educacio-i-gust-per-al-lectura-a-la-setmana-del-llibre-en-catala","status":"publish","type":"post","link":"https:\/\/projectes.xtec.cat\/educacio-literaria\/general\/educacio-i-gust-per-al-lectura-a-la-setmana-del-llibre-en-catala\/","title":{"rendered":"Educaci\u00f3 i gust per al lectura a La Setmana del Llibre en Catal\u00e0"},"content":{"rendered":"\n\n\n\n\n<p style=\"text-align: justify;\"><a href=\"https:\/\/projectes.xtec.cat\/educacio-literaria\/wp-content\/uploads\/usu2578\/2024\/09\/AF_CARTELL-CONCURS_2024_SENSE-LOGOS-731x1024-1-e1726554907976.jpg\"><img loading=\"lazy\" decoding=\"async\" class=\" wp-image-9463 alignleft\" src=\"https:\/\/projectes.xtec.cat\/educacio-literaria\/wp-content\/uploads\/usu2578\/2024\/09\/AF_CARTELL-CONCURS_2024_SENSE-LOGOS-731x1024-1-e1726554907976.jpg\" alt=\"\" width=\"252\" height=\"353\" srcset=\"https:\/\/projectes.xtec.cat\/educacio-literaria\/wp-content\/uploads\/usu2578\/2024\/09\/AF_CARTELL-CONCURS_2024_SENSE-LOGOS-731x1024-1-e1726554907976.jpg 640w, https:\/\/projectes.xtec.cat\/educacio-literaria\/wp-content\/uploads\/usu2578\/2024\/09\/AF_CARTELL-CONCURS_2024_SENSE-LOGOS-731x1024-1-e1726554907976-214x300.jpg 214w\" sizes=\"auto, (max-width: 252px) 100vw, 252px\" \/><\/a><a href=\"https:\/\/lasetmana.cat\/\">La Setmana del Llibre en Catal\u00e0<\/a> \u00e9s un esdeveniment cultural que t\u00e9 lloc, des de l\u2019any 1983, al mes de setembre a Barcelona. \u00c9s un espai on es poden trobar les novetats i llibres de fons en catal\u00e0 i que presenta una \u00e0mplia programaci\u00f3 d\u2019activitats extensa i de qualitat entorn el llibre en catal\u00e0 .<\/p>\n<p style=\"text-align: justify;\">Aquest any se celebrar\u00e0 del 20 al 29 de setembre al Passeig Llu\u00eds Companys de Barcelona.<\/p>\n<p style=\"text-align: justify;\">El dijous 26 de setembre de 2024 a les 16 h a l&#8217;Escenari 2 hi tindr\u00e0 lloc l\u2019<a href=\"https:\/\/lasetmana.cat\/event\/acte-de-lliurament-dels-premis-gust-per-la-lectura\/\">acte de lliurament dels XXIX Premis El gust per la lectura<\/a>, que enguany estar\u00e0 centrat en la presentaci\u00f3 del llibre <strong><em>Rodari 2.0<\/em><\/strong> de Jordi Folck. Tamb\u00e9 s&#8217;hi presentaran les noves propostes de lectura per al XXX Concurs El gust per la lectura 2024-2025. Les podeu consultar <a href=\"https:\/\/xtec.gencat.cat\/ca\/projectes\/lectura\/gustperlalectura\/materialdidactic\/curs-actual\/\">en aquest enlla\u00e7<\/a>.<\/p>\n<p>Us hi esperem!<\/p>\n<p>El cartell de la 42a edici\u00f3 de La Setmana del Llibre en Catal\u00e0 ha estat elaborat per l\u2019il\u00b7lustrador catal\u00e0 Adri\u00e0 Ferrer Marqu\u00e8s.<\/p>\n","protected":false},"excerpt":{"rendered":"<p>El dijous 26 de setembre de 2024 a les 16 h a l&#8217;Escenari 2 tindr\u00e0 lloc a La Setmana del LLibre en Catal\u00e0 l\u2019acte de lliurament dels XXIX Premis El gust per la lectura, que enguany estar\u00e0 centrat en la presentaci\u00f3 del llibre Rodari 2.0 de Jordi Folck. Tamb\u00e9 s&#8217;hi presentaran les noves propostes de lectura per al XXX Concurs El gust per la lectura 2024-2025.&hellip;  <a href=\"https:\/\/projectes.xtec.cat\/educacio-literaria\/general\/educacio-i-gust-per-al-lectura-a-la-setmana-del-llibre-en-catala\/\" title=\"Read Educaci\u00f3 i gust per al lectura a La Setmana del Llibre en Catal\u00e0\">Llegeix m\u00e9s\u00bb<\/a><\/p>\n","protected":false},"author":1,"featured_media":9464,"comment_status":"open","ping_status":"open","sticky":false,"template":"","format":"standard","meta":{"_bbp_topic_count":0,"_bbp_reply_count":0,"_bbp_total_topic_count":0,"_bbp_total_reply_count":0,"_bbp_voice_count":0,"_bbp_anonymous_reply_count":0,"_bbp_topic_count_hidden":0,"_bbp_reply_count_hidden":0,"_bbp_forum_subforum_count":0,"footnotes":""},"categories":[64,1,29],"tags":[301,335,306,328,330,313,325],"class_list":["post-9461","post","type-post","status-publish","format-standard","has-post-thumbnail","hentry","category-comunitat","category-general","category-portada","tag-batxillerat","tag-concurs","tag-eso","tag-gust-per-la-lectura","tag-lectura","tag-literatura-catalana","tag-primaria"],"post_mailing_queue_ids":[],"_links":{"self":[{"href":"https:\/\/projectes.xtec.cat\/educacio-literaria\/wp-json\/wp\/v2\/posts\/9461","targetHints":{"allow":["GET"]}}],"collection":[{"href":"https:\/\/projectes.xtec.cat\/educacio-literaria\/wp-json\/wp\/v2\/posts"}],"about":[{"href":"https:\/\/projectes.xtec.cat\/educacio-literaria\/wp-json\/wp\/v2\/types\/post"}],"author":[{"embeddable":true,"href":"https:\/\/projectes.xtec.cat\/educacio-literaria\/wp-json\/wp\/v2\/users\/1"}],"replies":[{"embeddable":true,"href":"https:\/\/projectes.xtec.cat\/educacio-literaria\/wp-json\/wp\/v2\/comments?post=9461"}],"version-history":[{"count":3,"href":"https:\/\/projectes.xtec.cat\/educacio-literaria\/wp-json\/wp\/v2\/posts\/9461\/revisions"}],"predecessor-version":[{"id":9466,"href":"https:\/\/projectes.xtec.cat\/educacio-literaria\/wp-json\/wp\/v2\/posts\/9461\/revisions\/9466"}],"wp:featuredmedia":[{"embeddable":true,"href":"https:\/\/projectes.xtec.cat\/educacio-literaria\/wp-json\/wp\/v2\/media\/9464"}],"wp:attachment":[{"href":"https:\/\/projectes.xtec.cat\/educacio-literaria\/wp-json\/wp\/v2\/media?parent=9461"}],"wp:term":[{"taxonomy":"category","embeddable":true,"href":"https:\/\/projectes.xtec.cat\/educacio-literaria\/wp-json\/wp\/v2\/categories?post=9461"},{"taxonomy":"post_tag","embeddable":true,"href":"https:\/\/projectes.xtec.cat\/educacio-literaria\/wp-json\/wp\/v2\/tags?post=9461"}],"curies":[{"name":"wp","href":"https:\/\/api.w.org\/{rel}","templated":true}]}}