{"id":9496,"date":"2024-10-02T09:44:35","date_gmt":"2024-10-02T07:44:35","guid":{"rendered":"https:\/\/projectes.xtec.cat\/educacio-literaria\/?p=9496"},"modified":"2024-10-02T09:46:37","modified_gmt":"2024-10-02T07:46:37","slug":"jornada-orientacions-per-a-leducacio-literaria-al-batxillerat","status":"publish","type":"post","link":"https:\/\/projectes.xtec.cat\/educacio-literaria\/general\/jornada-orientacions-per-a-leducacio-literaria-al-batxillerat\/","title":{"rendered":"Jornada &#8220;Orientacions per a l\u2019educaci\u00f3 liter\u00e0ria al batxillerat&#8221;"},"content":{"rendered":"\n<p style=\"text-align: justify;\"><\/p>\n<figure class=\"wp-block-image alignleft\"><a href=\"https:\/\/projectes.xtec.cat\/educacio-literaria\/wp-content\/uploads\/usu2578\/2024\/10\/Jornada_Lleida.jpg\"><img loading=\"lazy\" decoding=\"async\" width=\"300\" height=\"199\" class=\"wp-image-9497\" src=\"https:\/\/projectes.xtec.cat\/educacio-literaria\/wp-content\/uploads\/usu2578\/2024\/10\/Jornada_Lleida-300x199.jpg\" alt=\"\" srcset=\"https:\/\/projectes.xtec.cat\/educacio-literaria\/wp-content\/uploads\/usu2578\/2024\/10\/Jornada_Lleida-300x199.jpg 300w, https:\/\/projectes.xtec.cat\/educacio-literaria\/wp-content\/uploads\/usu2578\/2024\/10\/Jornada_Lleida-1024x680.jpg 1024w, https:\/\/projectes.xtec.cat\/educacio-literaria\/wp-content\/uploads\/usu2578\/2024\/10\/Jornada_Lleida-768x510.jpg 768w, https:\/\/projectes.xtec.cat\/educacio-literaria\/wp-content\/uploads\/usu2578\/2024\/10\/Jornada_Lleida.jpg 1151w\" sizes=\"auto, (max-width: 300px) 100vw, 300px\" \/><\/a><\/figure>\n<p style=\"text-align: justify;\">Aquesta jornada, organitzada per l&#8217;equip ICE de Llengua Catalana i Literatura i Llengua Castellana i Literatura, t\u00e9 com a objectiu essencial orientar el professorat de batxillerat i secund\u00e0ria en la creaci\u00f3 d\u2019itineraris lectors i respondre a possibles dubtes relacionats amb les lectures i el curr\u00edculum de batxillerat.<\/p>\n<p style=\"text-align: justify;\">Tindr\u00e0 lloc el dissabte 19 d&#8217;octubre al mat\u00ed, de 9 h a 14:30 h a l&#8217;aula 3.01, a l&#8217;Edifici Polivalent del Campus de Cappont de la UdL.<\/p>\n\n\n\n<p><\/p>\n\n\n\n<p>M\u00e9s informaci\u00f3 i inscripcions en\u00a0<a href=\"https:\/\/aplicacions.gestioeducativa.gencat.cat\/pls\/soloas\/pk_for_mod_ins.p_for_detall_activitat?p_codi=6000200020&amp;p_curs=2024-2025&amp;p_es_inscr=S\" target=\"_blank\" rel=\"noreferrer noopener\">aquest enlla\u00e7<\/a>.<\/p>\n<p>\u00a0<\/p>\n","protected":false},"excerpt":{"rendered":"<p>El proper dissabte 19 d&#8217;octubre al mat\u00ed, de 9 h a 14:30 h, tindr\u00e0 lloc aquesta jornada, organitzada per l&#8217;equip ICE de Llengua i literatura, al Campus de Cappont de la UdL&hellip;  <a href=\"https:\/\/projectes.xtec.cat\/educacio-literaria\/general\/jornada-orientacions-per-a-leducacio-literaria-al-batxillerat\/\" title=\"Read Jornada &#8220;Orientacions per a l\u2019educaci\u00f3 liter\u00e0ria al batxillerat&#8221;\">Llegeix m\u00e9s\u00bb<\/a><\/p>\n","protected":false},"author":1,"featured_media":9497,"comment_status":"open","ping_status":"open","sticky":false,"template":"","format":"standard","meta":{"_bbp_topic_count":0,"_bbp_reply_count":0,"_bbp_total_topic_count":0,"_bbp_total_reply_count":0,"_bbp_voice_count":0,"_bbp_anonymous_reply_count":0,"_bbp_topic_count_hidden":0,"_bbp_reply_count_hidden":0,"_bbp_forum_subforum_count":0,"footnotes":""},"categories":[154,1,29],"tags":[301,610,314,313],"class_list":["post-9496","post","type-post","status-publish","format-standard","has-post-thumbnail","hentry","category-formacio","category-general","category-portada","tag-batxillerat","tag-itineraris-lectors","tag-literatura-castellana","tag-literatura-catalana"],"post_mailing_queue_ids":[],"_links":{"self":[{"href":"https:\/\/projectes.xtec.cat\/educacio-literaria\/wp-json\/wp\/v2\/posts\/9496","targetHints":{"allow":["GET"]}}],"collection":[{"href":"https:\/\/projectes.xtec.cat\/educacio-literaria\/wp-json\/wp\/v2\/posts"}],"about":[{"href":"https:\/\/projectes.xtec.cat\/educacio-literaria\/wp-json\/wp\/v2\/types\/post"}],"author":[{"embeddable":true,"href":"https:\/\/projectes.xtec.cat\/educacio-literaria\/wp-json\/wp\/v2\/users\/1"}],"replies":[{"embeddable":true,"href":"https:\/\/projectes.xtec.cat\/educacio-literaria\/wp-json\/wp\/v2\/comments?post=9496"}],"version-history":[{"count":5,"href":"https:\/\/projectes.xtec.cat\/educacio-literaria\/wp-json\/wp\/v2\/posts\/9496\/revisions"}],"predecessor-version":[{"id":9502,"href":"https:\/\/projectes.xtec.cat\/educacio-literaria\/wp-json\/wp\/v2\/posts\/9496\/revisions\/9502"}],"wp:featuredmedia":[{"embeddable":true,"href":"https:\/\/projectes.xtec.cat\/educacio-literaria\/wp-json\/wp\/v2\/media\/9497"}],"wp:attachment":[{"href":"https:\/\/projectes.xtec.cat\/educacio-literaria\/wp-json\/wp\/v2\/media?parent=9496"}],"wp:term":[{"taxonomy":"category","embeddable":true,"href":"https:\/\/projectes.xtec.cat\/educacio-literaria\/wp-json\/wp\/v2\/categories?post=9496"},{"taxonomy":"post_tag","embeddable":true,"href":"https:\/\/projectes.xtec.cat\/educacio-literaria\/wp-json\/wp\/v2\/tags?post=9496"}],"curies":[{"name":"wp","href":"https:\/\/api.w.org\/{rel}","templated":true}]}}