{"id":9519,"date":"2024-11-04T08:20:26","date_gmt":"2024-11-04T07:20:26","guid":{"rendered":"https:\/\/projectes.xtec.cat\/educacio-literaria\/?p=9519"},"modified":"2024-11-04T08:21:15","modified_gmt":"2024-11-04T07:21:15","slug":"exposicio-pere-calders-escriptor-i-dibuixant","status":"publish","type":"post","link":"https:\/\/projectes.xtec.cat\/educacio-literaria\/general\/exposicio-pere-calders-escriptor-i-dibuixant\/","title":{"rendered":"Exposici\u00f3 &#8220;Pere Calders: escriptor i dibuixant&#8221;"},"content":{"rendered":"\n\n\n<p style=\"text-align: justify;\"><a href=\"https:\/\/projectes.xtec.cat\/educacio-literaria\/wp-content\/uploads\/usu2578\/2024\/11\/IMG-20241029-WA0043.jpg\"><img loading=\"lazy\" decoding=\"async\" class=\" wp-image-9520 alignleft\" src=\"https:\/\/projectes.xtec.cat\/educacio-literaria\/wp-content\/uploads\/usu2578\/2024\/11\/IMG-20241029-WA0043.jpg\" alt=\"\" width=\"406\" height=\"229\" srcset=\"https:\/\/projectes.xtec.cat\/educacio-literaria\/wp-content\/uploads\/usu2578\/2024\/11\/IMG-20241029-WA0043.jpg 1920w, https:\/\/projectes.xtec.cat\/educacio-literaria\/wp-content\/uploads\/usu2578\/2024\/11\/IMG-20241029-WA0043-300x169.jpg 300w, https:\/\/projectes.xtec.cat\/educacio-literaria\/wp-content\/uploads\/usu2578\/2024\/11\/IMG-20241029-WA0043-1024x576.jpg 1024w, https:\/\/projectes.xtec.cat\/educacio-literaria\/wp-content\/uploads\/usu2578\/2024\/11\/IMG-20241029-WA0043-768x432.jpg 768w, https:\/\/projectes.xtec.cat\/educacio-literaria\/wp-content\/uploads\/usu2578\/2024\/11\/IMG-20241029-WA0043-1536x864.jpg 1536w\" sizes=\"auto, (max-width: 406px) 100vw, 406px\" \/><\/a>Dijous 7 de novembre s&#8217;inaugura a la Biblioteca Jaume Fuster de Barcelona, l&#8217;exposici\u00f3 <em>Pere Calders. Escriptor i dibuixant<\/em>, comissariada per l&#8217;escriptor Juli\u00e0 Guillamon i organitzada per Biblioteques de Barcelona i la Instituci\u00f3 de les Lletres Catalanes, amb la col\u00b7laboraci\u00f3 de la Universitat Aut\u00f2noma de Barcelona.<\/p>\n<p style=\"text-align: justify;\">L\u2019exposici\u00f3, que combina publicitat, humor gr\u00e0fic, literatura, periodisme i disseny, es podr\u00e0 visitar fins al 27 de gener de 2025. La mostra presenta molts materials in\u00e8dits de l\u2019\u00e8poca de l\u2019exili a M\u00e8xic que sorprendran els visitants i els lectors. Calders hi va treballar com a il\u00b7lustrador del<em> Diccionario Enciclop\u00e9dico UTEHA<\/em> i com a dissenyador de llibres i va muntar un estudi de publicitat que feia anuncis de mobles i cerveses. S\u2019han recuperat anuncis dels anys trenta per a insecticides i capses de cart\u00f3, extintors i carb\u00f3 de llenya, en els quals Calders introdu\u00efa sempre una petita historieta gr\u00e0fica amb sentit de l\u2019humor. Per exemple, l\u2019insecticida Fly Tox ataca les mosques, que porten m\u00e0scares antig\u00e0s, com els soldats de la primera guerra mundial.<\/p>\n<p style=\"text-align: justify;\">Una part important\u00edssima s\u00f3n els acudits gr\u00e0fics de la guerra. Trobem Hitler, Mussolini i Franco dibuixats per Calders, que va redissenyar dues revistes hist\u00f2riques:\u00a0<em>Papitu<\/em>\u00a0<em>i L\u2019Esquella de la Torratxa<\/em>. L\u2019humor de Calders ataca els incontrolats, els emboscats, el Comit\u00e9 de No-intervenci\u00f3 i tots els enemics de la Rep\u00fablica. Sovint de manera directa i contundent.\u00a0<\/p>\n<p style=\"text-align: justify;\">L\u2019escriptor Juli\u00e0 Guillamon i \u00c0ngel Uzkiano, dissenyador de l&#8217;exposici\u00f3, s\u00f3n autors del llibre que l&#8217;acompanya i que duu el mateix t\u00edtol. Editat per Barcelona Llibres, el segell editorial de l\u2019Ajuntament de Barcelona, cont\u00e9 m\u00e9s de 300 il\u00b7lustracions, moltes de les quals s\u00f3n in\u00e8dites o molt poc conegudes.\u00a0<\/p>\n","protected":false},"excerpt":{"rendered":"<p>Dijous 7 de novembre s&#8217;inaugura a la Biblioteca Jaume Fuster de Barcelona, l&#8217;exposici\u00f3 &#8220;Pere Calders. Escriptor i dibuixant&#8221;, que combina publicitat, humor gr\u00e0fic, literatura, periodisme i disseny. Es podr\u00e0 visitar fins al 27 de gener de 2025.&hellip;  <a href=\"https:\/\/projectes.xtec.cat\/educacio-literaria\/general\/exposicio-pere-calders-escriptor-i-dibuixant\/\" title=\"Read Exposici\u00f3 &#8220;Pere Calders: escriptor i dibuixant&#8221;\">Llegeix m\u00e9s\u00bb<\/a><\/p>\n","protected":false},"author":1,"featured_media":9520,"comment_status":"open","ping_status":"open","sticky":false,"template":"","format":"standard","meta":{"_bbp_topic_count":0,"_bbp_reply_count":0,"_bbp_total_topic_count":0,"_bbp_total_reply_count":0,"_bbp_voice_count":0,"_bbp_anonymous_reply_count":0,"_bbp_topic_count_hidden":0,"_bbp_reply_count_hidden":0,"_bbp_forum_subforum_count":0,"footnotes":""},"categories":[64,1,29,287],"tags":[301,306,546,330,313,614],"class_list":["post-9519","post","type-post","status-publish","format-standard","has-post-thumbnail","hentry","category-comunitat","category-general","category-portada","category-recomanacions-literaries","tag-batxillerat","tag-eso","tag-exposicio","tag-lectura","tag-literatura-catalana","tag-pere-calders"],"post_mailing_queue_ids":[],"_links":{"self":[{"href":"https:\/\/projectes.xtec.cat\/educacio-literaria\/wp-json\/wp\/v2\/posts\/9519","targetHints":{"allow":["GET"]}}],"collection":[{"href":"https:\/\/projectes.xtec.cat\/educacio-literaria\/wp-json\/wp\/v2\/posts"}],"about":[{"href":"https:\/\/projectes.xtec.cat\/educacio-literaria\/wp-json\/wp\/v2\/types\/post"}],"author":[{"embeddable":true,"href":"https:\/\/projectes.xtec.cat\/educacio-literaria\/wp-json\/wp\/v2\/users\/1"}],"replies":[{"embeddable":true,"href":"https:\/\/projectes.xtec.cat\/educacio-literaria\/wp-json\/wp\/v2\/comments?post=9519"}],"version-history":[{"count":1,"href":"https:\/\/projectes.xtec.cat\/educacio-literaria\/wp-json\/wp\/v2\/posts\/9519\/revisions"}],"predecessor-version":[{"id":9521,"href":"https:\/\/projectes.xtec.cat\/educacio-literaria\/wp-json\/wp\/v2\/posts\/9519\/revisions\/9521"}],"wp:featuredmedia":[{"embeddable":true,"href":"https:\/\/projectes.xtec.cat\/educacio-literaria\/wp-json\/wp\/v2\/media\/9520"}],"wp:attachment":[{"href":"https:\/\/projectes.xtec.cat\/educacio-literaria\/wp-json\/wp\/v2\/media?parent=9519"}],"wp:term":[{"taxonomy":"category","embeddable":true,"href":"https:\/\/projectes.xtec.cat\/educacio-literaria\/wp-json\/wp\/v2\/categories?post=9519"},{"taxonomy":"post_tag","embeddable":true,"href":"https:\/\/projectes.xtec.cat\/educacio-literaria\/wp-json\/wp\/v2\/tags?post=9519"}],"curies":[{"name":"wp","href":"https:\/\/api.w.org\/{rel}","templated":true}]}}