{"id":9606,"date":"2025-01-09T09:44:29","date_gmt":"2025-01-09T08:44:29","guid":{"rendered":"https:\/\/projectes.xtec.cat\/educacio-literaria\/?p=9606"},"modified":"2025-01-24T11:49:05","modified_gmt":"2025-01-24T10:49:05","slug":"laranya-dangel-guimera-al-tnc","status":"publish","type":"post","link":"https:\/\/projectes.xtec.cat\/educacio-literaria\/general\/laranya-dangel-guimera-al-tnc\/","title":{"rendered":"&#8220;L&#8217;aranya&#8221;, d&#8217;\u00c0ngel Guimer\u00e0, al TNC"},"content":{"rendered":"\n\n\n<p style=\"text-align: justify;\"><a href=\"https:\/\/projectes.xtec.cat\/educacio-literaria\/wp-content\/uploads\/usu2578\/2025\/01\/aranya.jpg\"><img loading=\"lazy\" decoding=\"async\" class=\"size-full wp-image-9607 alignleft\" src=\"https:\/\/projectes.xtec.cat\/educacio-literaria\/wp-content\/uploads\/usu2578\/2025\/01\/aranya.jpg\" alt=\"\" width=\"187\" height=\"269\" \/><\/a>Ens complau convidar-vos a veure l\u2019obra de teatre\u00a0<em>L\u2019aranya<\/em>, d\u2019\u00c0ngel Guimer\u00e0 al Teatre Nacional de Catalunya el divendres 31 de gener de 2025.<\/p>\n<p style=\"text-align: justify;\">En el marc de la commemoraci\u00f3 oficial de la Generalitat de Catalunya del centenari de la mort de l\u2019escriptor \u00c0ngel Guimer\u00e0, el Departament d\u2019Educaci\u00f3 i Formaci\u00f3 Professional ha organitzat, en col\u00b7laboraci\u00f3 amb el Teatre Nacional de Catalunya, la <strong>Jornada formativa \u00c0ngel Guimer\u00e0 al TNC, que es far\u00e0 el 31 de gener<\/strong>.\u00a0L\u2019objectiu \u00e9s oferir eines i estrat\u00e8gies als docents per treballar l\u2019autor i la seva obra en els centres educatius.<\/p>\n<p style=\"text-align: justify;\">Inicialment es va prioritzar l\u2019assist\u00e8ncia dels docents que han certificat formacions de l\u2019\u00e0mbit d\u2019educaci\u00f3 liter\u00e0ria durant el primer trimestre, per\u00f2 encara hi ha algunes places lliures; aix\u00ed que avui obrim la proposta a tots els docents que us hi vulgueu afegir.<\/p>\n<p style=\"text-align: justify;\">Cal que us inscriviu a l\u2019activitat\u00a0<a href=\"https:\/\/aplicacions.gestioeducativa.gencat.cat\/ords\/pls\/soloas\/pk_for_mod_ins.p_for_detall_activitat?p_codi=9001730555&amp;p_curs=2024-2025&amp;p_es_inscr=S\">en aquest enlla\u00e7<\/a>. El codi \u00e9s 9001730555. Teniu temps <strong>fins dijous 16 de gener<\/strong>.<\/p>\n<p style=\"text-align: justify;\">A les\u00a0<strong>17 h de divendres 31 de gener<\/strong>, tots aquells que tingueu\u00a0<strong>l\u2019activitat adjudicada<\/strong> ens trobarem al vest\u00edbul de la sala gran del Teatre Nacional de Catalunya per confirmar la vostra assist\u00e8ncia i repartir-vos les entrades. El programa de la Jornada \u00e9s el seg\u00fcent: <a href=\"https:\/\/projectes.xtec.cat\/educacio-literaria\/wp-content\/uploads\/usu2578\/2025\/01\/tnc.png\"><img loading=\"lazy\" decoding=\"async\" class=\" wp-image-9608 alignright\" src=\"https:\/\/projectes.xtec.cat\/educacio-literaria\/wp-content\/uploads\/usu2578\/2025\/01\/tnc.png\" alt=\"\" width=\"221\" height=\"204\" \/><\/a><\/p>\n<ul>\n<li>17 h \u2013 Rebuda al vest\u00edbul principal de la sala gran del TNC<\/li>\n<li>17:30 h \u2013 18:30 h \u2013 Xerrada a c\u00e0rrec de Jordi Prat i Coll, director art\u00edstic de\u00a0<em>L\u2019aranya<\/em><\/li>\n<li>18:30 h \u2013 18:45 h \u2013 Descans<\/li>\n<li>19 h \u2013 20:40 h \u2013 Assist\u00e8ncia a l\u2019espectacle<\/li>\n<\/ul>\n<p style=\"text-align: justify;\">Esperem que us engresqueu a participar-hi. Si per qualsevol motiu no hi podeu assistir, us demanem que us doneu de baixa de l\u2019activitat a\u00a0<a href=\"https:\/\/xtec.gencat.cat\/ca\/formacio\/la-meva-formacio\/les-meves-activitats\/\">Les meves activitats\u00a0<\/a>com abans millor perqu\u00e8 algun altre docent pugui aprofitar la pla\u00e7a i puguem avisar-lo amb marge de temps suficient.<\/p>\n","protected":false},"excerpt":{"rendered":"<p>Ens complau convidar-vos a veure l\u2019obra de teatre\u00a0L\u2019Aranya, d\u2019\u00c0ngel Guimer\u00e0 al Teatre Nacional de Catalunya el divendres 31 de gener de 2025.&hellip;  <a href=\"https:\/\/projectes.xtec.cat\/educacio-literaria\/general\/laranya-dangel-guimera-al-tnc\/\" title=\"Read &#8220;L&#8217;aranya&#8221;, d&#8217;\u00c0ngel Guimer\u00e0, al TNC\">Llegeix m\u00e9s\u00bb<\/a><\/p>\n","protected":false},"author":1,"featured_media":9611,"comment_status":"open","ping_status":"open","sticky":false,"template":"","format":"standard","meta":{"_bbp_topic_count":0,"_bbp_reply_count":0,"_bbp_total_topic_count":0,"_bbp_total_reply_count":0,"_bbp_voice_count":0,"_bbp_anonymous_reply_count":0,"_bbp_topic_count_hidden":0,"_bbp_reply_count_hidden":0,"_bbp_forum_subforum_count":0,"footnotes":""},"categories":[154,1,29],"tags":[627,313,390,628],"class_list":["post-9606","post","type-post","status-publish","format-standard","has-post-thumbnail","hentry","category-formacio","category-general","category-portada","tag-angel-guimera","tag-literatura-catalana","tag-teatre","tag-tnc"],"post_mailing_queue_ids":[],"_links":{"self":[{"href":"https:\/\/projectes.xtec.cat\/educacio-literaria\/wp-json\/wp\/v2\/posts\/9606","targetHints":{"allow":["GET"]}}],"collection":[{"href":"https:\/\/projectes.xtec.cat\/educacio-literaria\/wp-json\/wp\/v2\/posts"}],"about":[{"href":"https:\/\/projectes.xtec.cat\/educacio-literaria\/wp-json\/wp\/v2\/types\/post"}],"author":[{"embeddable":true,"href":"https:\/\/projectes.xtec.cat\/educacio-literaria\/wp-json\/wp\/v2\/users\/1"}],"replies":[{"embeddable":true,"href":"https:\/\/projectes.xtec.cat\/educacio-literaria\/wp-json\/wp\/v2\/comments?post=9606"}],"version-history":[{"count":4,"href":"https:\/\/projectes.xtec.cat\/educacio-literaria\/wp-json\/wp\/v2\/posts\/9606\/revisions"}],"predecessor-version":[{"id":9699,"href":"https:\/\/projectes.xtec.cat\/educacio-literaria\/wp-json\/wp\/v2\/posts\/9606\/revisions\/9699"}],"wp:featuredmedia":[{"embeddable":true,"href":"https:\/\/projectes.xtec.cat\/educacio-literaria\/wp-json\/wp\/v2\/media\/9611"}],"wp:attachment":[{"href":"https:\/\/projectes.xtec.cat\/educacio-literaria\/wp-json\/wp\/v2\/media?parent=9606"}],"wp:term":[{"taxonomy":"category","embeddable":true,"href":"https:\/\/projectes.xtec.cat\/educacio-literaria\/wp-json\/wp\/v2\/categories?post=9606"},{"taxonomy":"post_tag","embeddable":true,"href":"https:\/\/projectes.xtec.cat\/educacio-literaria\/wp-json\/wp\/v2\/tags?post=9606"}],"curies":[{"name":"wp","href":"https:\/\/api.w.org\/{rel}","templated":true}]}}