{"id":9647,"date":"2025-01-20T12:00:23","date_gmt":"2025-01-20T11:00:23","guid":{"rendered":"https:\/\/projectes.xtec.cat\/educacio-literaria\/?p=9647"},"modified":"2025-01-20T12:06:13","modified_gmt":"2025-01-20T11:06:13","slug":"club-tandem-un-club-de-lectura-a-3cat-per-reflexionar-sobre-temes-universals-a-partir-de-classics-de-la-literatura-catalana","status":"publish","type":"post","link":"https:\/\/projectes.xtec.cat\/educacio-literaria\/general\/club-tandem-un-club-de-lectura-a-3cat-per-reflexionar-sobre-temes-universals-a-partir-de-classics-de-la-literatura-catalana\/","title":{"rendered":"&#8220;Club T\u00e0ndem&#8221;, un club de lectura a 3Cat per reflexionar sobre temes universals a partir de cl\u00e0ssics de la literatura catalana"},"content":{"rendered":"\n\n\n<p style=\"text-align: justify;\"><a href=\"https:\/\/projectes.xtec.cat\/educacio-literaria\/wp-content\/uploads\/usu2578\/2025\/01\/ClubTandem2.webp\"><img loading=\"lazy\" decoding=\"async\" class=\"wp-image-9670 alignleft\" src=\"https:\/\/projectes.xtec.cat\/educacio-literaria\/wp-content\/uploads\/usu2578\/2025\/01\/ClubTandem2.webp\" alt=\"\" width=\"314\" height=\"459\" srcset=\"https:\/\/projectes.xtec.cat\/educacio-literaria\/wp-content\/uploads\/usu2578\/2025\/01\/ClubTandem2.webp 467w, https:\/\/projectes.xtec.cat\/educacio-literaria\/wp-content\/uploads\/usu2578\/2025\/01\/ClubTandem2-205x300.webp 205w\" sizes=\"auto, (max-width: 314px) 100vw, 314px\" \/><\/a>Des de desembre i fins al juliol, cada mes Juliana Canet i Marina Porras conversaran sobre una obra de la literatura catalana i faran connexions amb d\u2019altres referents literaris, culturals o art\u00edstics.<\/p>\n<p style=\"text-align: justify;\">Merc\u00e8 Rodoreda, Joaquim Ruyra, V\u00edctor Catal\u00e0, Josep Pla, Lloren\u00e7 Villalonga, Gabriel Ferrater, Montserrat Roig i Josep Maria de Sagarra s\u00f3n les autores i els autors que llegiran i comentaran en llibreries de ciutats diferents, que sovint estaran vinculades o b\u00e9 amb l\u2019autor o b\u00e9 amb la novel\u00b7la.<\/p>\n<p style=\"text-align: justify;\">Aquesta producci\u00f3 de 3Cat, amb la col\u00b7laboraci\u00f3 de CRIS\u00c0LIDE i amb el suport del Departament de Cultura de la Generalitat de Catalunya a trav\u00e9s de l&#8217;ICEC, es pot seguir des de la plataforma de 3Cat o des de les xarxes socials, a trav\u00e9s de les quals es penjaran <em>reels<\/em>\u00a0i continguts relacionats amb cada episodi. Podeu consultar <a href=\"https:\/\/www.3cat.cat\/3cat\/club-tandem\/\">aquest enlla\u00e7<\/a> per visionar els cap\u00edtols.<\/p>\n<p style=\"text-align: justify;\">Tamb\u00e9 compta amb la intervenci\u00f3 de persones expertes en literatura, com ara Llu\u00efsa Juli\u00e0, Jordi Cornudella, Mita Casacuberta, Toni Sala o Bernat Ded\u00e9u, que es poden escoltar a banda en els \u201cextres\u201d del programa, <a href=\"https:\/\/www.3cat.cat\/3cat\/club-tandem\/seccio\/extres\/157444\/\">en aquest enlla\u00e7<\/a>.<\/p>\n<p style=\"text-align: justify;\">Hi haur\u00e0 un esdeveniment f\u00edsic en una llibreria d&#8217;una ciutat diferent relacionat amb cada episodi, que est\u00e0 pensat com un club de lectura amb inscripci\u00f3 pr\u00e8via gratu\u00efta. Alguns d&#8217;aquests actes, en els quals Canet i Porras compartiran la seva visi\u00f3 del llibre i obriran micr\u00f2fons perqu\u00e8 els assistents tamb\u00e9 hi participin, comptaran amb convidats especials per enriquir encara m\u00e9s les lectures. <span style=\"font-size: revert; color: initial;\">El proper tindr\u00e0 lloc dimarts 21 de gener a les 19 h a la Llibreria 22 de Girona.<\/span><\/p>\n<p>Consulteu <a href=\"https:\/\/lu.ma\/brjebv86\">l\u2019enlla\u00e7 per inscriure-us-hi<\/a>.<\/p>\n","protected":false},"excerpt":{"rendered":"<p><a href=\"https:\/\/projectes.xtec.cat\/educacio-literaria\/wp-content\/uploads\/usu2578\/2025\/01\/ClubTandem2.webp\"><\/a>Des de desembre i fins al juliol, cada mes Juliana Canet i Marina Porras conversaran sobre una obra de la literatura catalana i faran connexions amb d\u2019altres referents literaris, culturals o art\u00edstics.<br \/>\nMerc\u00e8 Rodoreda, Joaquim Ruyra, V\u00edctor Catal\u00e0, Josep Pla, Lloren\u00e7 Villalonga, Gabriel Ferrater, Montserrat&hellip;  <a href=\"https:\/\/projectes.xtec.cat\/educacio-literaria\/general\/club-tandem-un-club-de-lectura-a-3cat-per-reflexionar-sobre-temes-universals-a-partir-de-classics-de-la-literatura-catalana\/\" title=\"Read &#8220;Club T\u00e0ndem&#8221;, un club de lectura a 3Cat per reflexionar sobre temes universals a partir de cl\u00e0ssics de la literatura catalana\">Llegeix m\u00e9s\u00bb<\/a><\/p>\n","protected":false},"author":1,"featured_media":9672,"comment_status":"open","ping_status":"open","sticky":false,"template":"","format":"standard","meta":{"_bbp_topic_count":0,"_bbp_reply_count":0,"_bbp_total_topic_count":0,"_bbp_total_reply_count":0,"_bbp_voice_count":0,"_bbp_anonymous_reply_count":0,"_bbp_topic_count_hidden":0,"_bbp_reply_count_hidden":0,"_bbp_forum_subforum_count":0,"footnotes":""},"categories":[1,29,288],"tags":[639,301,637,638,306,313],"class_list":["post-9647","post","type-post","status-publish","format-standard","has-post-thumbnail","hentry","category-general","category-portada","category-recursos-per-al-professorat","tag-3cat","tag-batxillerat","tag-club-lectura","tag-club-tandem","tag-eso","tag-literatura-catalana"],"post_mailing_queue_ids":[],"_links":{"self":[{"href":"https:\/\/projectes.xtec.cat\/educacio-literaria\/wp-json\/wp\/v2\/posts\/9647","targetHints":{"allow":["GET"]}}],"collection":[{"href":"https:\/\/projectes.xtec.cat\/educacio-literaria\/wp-json\/wp\/v2\/posts"}],"about":[{"href":"https:\/\/projectes.xtec.cat\/educacio-literaria\/wp-json\/wp\/v2\/types\/post"}],"author":[{"embeddable":true,"href":"https:\/\/projectes.xtec.cat\/educacio-literaria\/wp-json\/wp\/v2\/users\/1"}],"replies":[{"embeddable":true,"href":"https:\/\/projectes.xtec.cat\/educacio-literaria\/wp-json\/wp\/v2\/comments?post=9647"}],"version-history":[{"count":5,"href":"https:\/\/projectes.xtec.cat\/educacio-literaria\/wp-json\/wp\/v2\/posts\/9647\/revisions"}],"predecessor-version":[{"id":9673,"href":"https:\/\/projectes.xtec.cat\/educacio-literaria\/wp-json\/wp\/v2\/posts\/9647\/revisions\/9673"}],"wp:featuredmedia":[{"embeddable":true,"href":"https:\/\/projectes.xtec.cat\/educacio-literaria\/wp-json\/wp\/v2\/media\/9672"}],"wp:attachment":[{"href":"https:\/\/projectes.xtec.cat\/educacio-literaria\/wp-json\/wp\/v2\/media?parent=9647"}],"wp:term":[{"taxonomy":"category","embeddable":true,"href":"https:\/\/projectes.xtec.cat\/educacio-literaria\/wp-json\/wp\/v2\/categories?post=9647"},{"taxonomy":"post_tag","embeddable":true,"href":"https:\/\/projectes.xtec.cat\/educacio-literaria\/wp-json\/wp\/v2\/tags?post=9647"}],"curies":[{"name":"wp","href":"https:\/\/api.w.org\/{rel}","templated":true}]}}