{"id":9688,"date":"2025-01-22T08:00:00","date_gmt":"2025-01-22T07:00:00","guid":{"rendered":"https:\/\/projectes.xtec.cat\/educacio-literaria\/?p=9688"},"modified":"2025-01-22T12:58:03","modified_gmt":"2025-01-22T11:58:03","slug":"places-disponibles-al-curs-grans-escriptores-del-segle-xx-i-xxi","status":"publish","type":"post","link":"https:\/\/projectes.xtec.cat\/educacio-literaria\/general\/places-disponibles-al-curs-grans-escriptores-del-segle-xx-i-xxi\/","title":{"rendered":"Places disponibles al curs &#8220;Grans escriptores dels segles XX i XXI&#8221;"},"content":{"rendered":"\n<p style=\"text-align: justify;\"><a href=\"https:\/\/projectes.xtec.cat\/educacio-literaria\/wp-content\/uploads\/usu2578\/2025\/01\/grans_escr2.jpg\"><img loading=\"lazy\" decoding=\"async\" class=\" wp-image-9691 alignleft\" src=\"https:\/\/projectes.xtec.cat\/educacio-literaria\/wp-content\/uploads\/usu2578\/2025\/01\/grans_escr2.jpg\" alt=\"\" width=\"352\" height=\"320\" srcset=\"https:\/\/projectes.xtec.cat\/educacio-literaria\/wp-content\/uploads\/usu2578\/2025\/01\/grans_escr2.jpg 501w, https:\/\/projectes.xtec.cat\/educacio-literaria\/wp-content\/uploads\/usu2578\/2025\/01\/grans_escr2-300x272.jpg 300w\" sizes=\"auto, (max-width: 352px) 100vw, 352px\" \/><\/a>Encara queden algunes places disponibles al curs de formaci\u00f3 <strong>Grans escriptores dels segles XX i XXI, que tindr\u00e0 lloc els dies 10, 17 i 24 de mar\u00e7 de 17 h a 19 h.<\/strong> A partir de la selecci\u00f3 de fragments s&#8217;indicaran pautes per treballar el fet literari a batxillerat.<\/p>\n<p style=\"text-align: justify;\">Aquesta formaci\u00f3 que imparteix Llu\u00efsa Juli\u00e0, es pot seguir tant de manera presencial com en l\u00ednia i consta de tres sessions sobre autores i obres de la literatura contempor\u00e0nia. Aquest n\u2019\u00e9s el programa detallat:<\/p>\n<ul>\n<li style=\"text-align: justify;\"><strong>Sessi\u00f3 1<\/strong> (10 de mar\u00e7):<strong> Les grans cl\u00e0ssiques del segle XX.<\/strong> \u00a0\n<ul>\n<li style=\"text-align: justify;\"><strong>Autores i obres:<\/strong> V\u00edctor Catal\u00e0, <em>La infanticida <\/em>(1898); Teresa P\u00e0mies: <em>Testament a Praga<\/em> (1970); Merc\u00e8 Rodoreda, <em>La mort i la primavera <\/em>(1986; 2017); Montserrat Roig: <em>El temps de les cireres<\/em> (1977) i Carme Riera: <em>Te deix, la mar, com a penyora<\/em> (1976). \u00a0<\/li>\n<li style=\"text-align: justify;\"><strong>Textos te\u00f2rics:<\/strong> Capmany: \u00abCarta d&#8217;una mestressa a una intel\u00b7lectual\u00bb (<em>Cartes impertinents<\/em>) i Montserrat Roig: <em>Digues que m&#8217;estimes encara que sigui mentida <\/em>(1991).<\/li>\n<\/ul>\n<\/li>\n<li style=\"text-align: justify;\"><strong>Sessi\u00f3 2<\/strong> (17 de mar\u00e7): <strong>La poesia de l&#8217;\u00faltim ter\u00e7 del segle XX \u00a0<\/strong>\n<ul>\n<li style=\"text-align: justify;\"><strong>Tra\u00e7ant la pr\u00f2pia tradici\u00f3:<\/strong> La recuperaci\u00f3 dels noms hist\u00f2rics del XX. \u00abLlegir entre l\u00ednies\u00bb a c\u00e0rrec, principalment, de Maria-Merc\u00e8 Mar\u00e7al i Marta Pessarrodona: Maria-Ant\u00f2nia Salv\u00e0, Clementina Arderiu i Rosa Leveroni<\/li>\n<li style=\"text-align: justify;\"><strong>La reivindicaci\u00f3 del subjecte femen\u00ed.<\/strong> La poesia de l&#8217;\u00faltim ter\u00e7 de segle XX. Marta Pessarrodona, Maria-Merc\u00e8 Mar\u00e7al i Fel\u00edcia Fuster. Refer\u00e8ncies a Montserrat Abell\u00f3, Maria Beneyto, Maria \u00c0ngels Anglada, Ant\u00f2nia Vicens i Anna Dodas.<\/li>\n<\/ul>\n<\/li>\n<li style=\"text-align: justify;\"><strong>Sessi\u00f3 3<\/strong> (24 de mar\u00e7):<strong> L&#8217;escriptura del segle XXI.<\/strong>\n<ul>\n<li style=\"text-align: justify;\">Les noves solituds. Filiacions i mestratges. L&#8217;expansi\u00f3 dels universos, els llenguatges i referents.<\/li>\n<li style=\"text-align: justify;\">Narrativa: Najat El Hachmi, Irene Sol\u00e0, Eva Baltasar. Refer\u00e8ncies a: Carlota Gurt, N\u00faria Bendicho&#8230;<\/li>\n<li style=\"text-align: justify;\">Poesia: Teresa Pascual, Dolors Miquel, Mireia Calafell. Refer\u00e8ncies a: \u00c0ngels Gregori, Maria Call\u00eds, Blanca-Llum Vidal, Maria Sevilla.<\/li>\n<\/ul>\n<\/li>\n<\/ul>\n\n\n\n<p>Inscriviu-vos-hi <a href=\"https:\/\/aplicacions.gestioeducativa.gencat.cat\/ords\/pls\/soloas\/pk_for_mod_ins.p_for_detall_activitat?p_header=Llista%20d%27activitats^pk_for_mod_ins.p_for_cons_activitats?p_tipus_act=LITU,CLIT,CLIP,LITC,GLI1,GLI2,GLM1,GLM2,GLS1,GLS2,GLE1,GLE2,GLE3,GLE4,GLBT,LCCC,FAP1,CLP1,CLAS,CLAP,FAP2,FAP3,CLTT,PLIC,CLP3,LEI,ELI,ALP1,ELP,CLP2,CLP5,CLP4,CLP6,CLEJ,LIMC%26p_totes=N%26p_inici=1%26p_excloure_crp_rec=T&amp;p_codi=9001600555&amp;p_curs=2024-2025&amp;p_excloure_crp_rec=T\">en aquest enlla\u00e7<\/a>.<\/p>\n","protected":false},"excerpt":{"rendered":"<p>La formaci\u00f3 &#8220;Grans escriptores del segle XX i XXI&#8221;, impartida per LlU\u00edsa Juli\u00e0, tindr\u00e0 lloc els dies 10, 17 i 24 de mar\u00e7 de 17 h a 19 h i es pot seguir tant de manera presencial com en l\u00ednia. A partir de la selecci\u00f3 de fragments s&#8217;indicaran pautes per treballar el fet literari a batxillerat. &hellip;  <a href=\"https:\/\/projectes.xtec.cat\/educacio-literaria\/general\/places-disponibles-al-curs-grans-escriptores-del-segle-xx-i-xxi\/\" title=\"Read Places disponibles al curs &#8220;Grans escriptores dels segles XX i XXI&#8221;\">Llegeix m\u00e9s\u00bb<\/a><\/p>\n","protected":false},"author":1,"featured_media":9693,"comment_status":"open","ping_status":"open","sticky":false,"template":"","format":"standard","meta":{"_bbp_topic_count":0,"_bbp_reply_count":0,"_bbp_total_topic_count":0,"_bbp_total_reply_count":0,"_bbp_voice_count":0,"_bbp_anonymous_reply_count":0,"_bbp_topic_count_hidden":0,"_bbp_reply_count_hidden":0,"_bbp_forum_subforum_count":0,"footnotes":""},"categories":[154,1,29],"tags":[301,306,330,313],"class_list":["post-9688","post","type-post","status-publish","format-standard","has-post-thumbnail","hentry","category-formacio","category-general","category-portada","tag-batxillerat","tag-eso","tag-lectura","tag-literatura-catalana"],"post_mailing_queue_ids":[],"_links":{"self":[{"href":"https:\/\/projectes.xtec.cat\/educacio-literaria\/wp-json\/wp\/v2\/posts\/9688","targetHints":{"allow":["GET"]}}],"collection":[{"href":"https:\/\/projectes.xtec.cat\/educacio-literaria\/wp-json\/wp\/v2\/posts"}],"about":[{"href":"https:\/\/projectes.xtec.cat\/educacio-literaria\/wp-json\/wp\/v2\/types\/post"}],"author":[{"embeddable":true,"href":"https:\/\/projectes.xtec.cat\/educacio-literaria\/wp-json\/wp\/v2\/users\/1"}],"replies":[{"embeddable":true,"href":"https:\/\/projectes.xtec.cat\/educacio-literaria\/wp-json\/wp\/v2\/comments?post=9688"}],"version-history":[{"count":6,"href":"https:\/\/projectes.xtec.cat\/educacio-literaria\/wp-json\/wp\/v2\/posts\/9688\/revisions"}],"predecessor-version":[{"id":9696,"href":"https:\/\/projectes.xtec.cat\/educacio-literaria\/wp-json\/wp\/v2\/posts\/9688\/revisions\/9696"}],"wp:featuredmedia":[{"embeddable":true,"href":"https:\/\/projectes.xtec.cat\/educacio-literaria\/wp-json\/wp\/v2\/media\/9693"}],"wp:attachment":[{"href":"https:\/\/projectes.xtec.cat\/educacio-literaria\/wp-json\/wp\/v2\/media?parent=9688"}],"wp:term":[{"taxonomy":"category","embeddable":true,"href":"https:\/\/projectes.xtec.cat\/educacio-literaria\/wp-json\/wp\/v2\/categories?post=9688"},{"taxonomy":"post_tag","embeddable":true,"href":"https:\/\/projectes.xtec.cat\/educacio-literaria\/wp-json\/wp\/v2\/tags?post=9688"}],"curies":[{"name":"wp","href":"https:\/\/api.w.org\/{rel}","templated":true}]}}