{"id":9748,"date":"2025-03-13T09:08:55","date_gmt":"2025-03-13T08:08:55","guid":{"rendered":"https:\/\/projectes.xtec.cat\/educacio-literaria\/?p=9748"},"modified":"2025-03-13T09:15:35","modified_gmt":"2025-03-13T08:15:35","slug":"el-canal-sx3-estrena-els-tres-contes-guanyadors-dels-xi-jocs-florals-escolars-2024","status":"publish","type":"post","link":"https:\/\/projectes.xtec.cat\/educacio-literaria\/general\/el-canal-sx3-estrena-els-tres-contes-guanyadors-dels-xi-jocs-florals-escolars-2024\/","title":{"rendered":"El canal SX3 estrena els tres contes guanyadors dels XI Jocs Florals Escolars 2024"},"content":{"rendered":"\n<p class=\"entradeta\" style=\"text-align: justify;\"><a href=\"https:\/\/projectes.xtec.cat\/educacio-literaria\/wp-content\/uploads\/usu2578\/2025\/03\/jocs.jpg\"><img loading=\"lazy\" decoding=\"async\" class=\"wp-image-9753 alignleft\" src=\"https:\/\/projectes.xtec.cat\/educacio-literaria\/wp-content\/uploads\/usu2578\/2025\/03\/jocs.jpg\" alt=\"\" width=\"186\" height=\"99\" srcset=\"https:\/\/projectes.xtec.cat\/educacio-literaria\/wp-content\/uploads\/usu2578\/2025\/03\/jocs.jpg 657w, https:\/\/projectes.xtec.cat\/educacio-literaria\/wp-content\/uploads\/usu2578\/2025\/03\/jocs-300x160.jpg 300w\" sizes=\"auto, (max-width: 186px) 100vw, 186px\" \/><\/a>Un any m\u00e9s, escoles, artistes i m\u00fasics col\u00b7laboren per convertir els guanyadors dels Jocs Florals Escolars 2024, en nous cap\u00edtols del programa <em>Una m\u00e0 de contes<\/em>. S\u00f3n \u00abEl viatge a la Lluna\u00bb, de l&#8217;escola Merc\u00e8 Rodoreda de Santa Coloma de Gramenet; \u00abBestiari o vestuari\u00bb, inspirat en el relat creat pels alumnes de l&#8217;escola Lloren\u00e7 Vallesp\u00ed i Vidiella de Benifallet; i \u00abL&#8217;ovella Fina\u00bb, un text homenatge a la feina que fan els pastors i les pastores de l&#8217;alumnat de l&#8217;escola Llu\u00e7an\u00e8s de Prats de Llu\u00e7an\u00e8s. El projecte ha comptat tamb\u00e9 amb la participaci\u00f3 de l\u2019Escola Massana d\u2019Art i de Disseny i l\u2019Escola Superior de M\u00fasica de Catalunya.<\/p>\n<p>Els contes estan publicats a la p\u00e0gina webde l\u2019SX3. Descobriu-los <strong>clicant el logo.<\/strong><\/p>\n<p><a href=\"https:\/\/www.3cat.cat\/tv3\/sx3\/jocs-florals-2024-tres-contes-nous-i-viatgers\/noticia\/3339132\/\"><img loading=\"lazy\" decoding=\"async\" class=\"size-full wp-image-9750 aligncenter\" src=\"https:\/\/projectes.xtec.cat\/educacio-literaria\/wp-content\/uploads\/usu2578\/2025\/03\/sx3.jpg\" alt=\"\" width=\"555\" height=\"149\" srcset=\"https:\/\/projectes.xtec.cat\/educacio-literaria\/wp-content\/uploads\/usu2578\/2025\/03\/sx3.jpg 555w, https:\/\/projectes.xtec.cat\/educacio-literaria\/wp-content\/uploads\/usu2578\/2025\/03\/sx3-300x81.jpg 300w\" sizes=\"auto, (max-width: 555px) 100vw, 555px\" \/><\/a><\/p>\n<p><a href=\"https:\/\/www.3cat.cat\/tv3\/sx3\/jocs-florals-2024-tres-contes-nous-i-viatgers\/noticia\/3339132\/\"><img loading=\"lazy\" decoding=\"async\" class=\"wp-image-9749 aligncenter\" src=\"https:\/\/projectes.xtec.cat\/educacio-literaria\/wp-content\/uploads\/usu2578\/2025\/03\/JOCSFL-1024x184.jpg\" alt=\"\" width=\"790\" height=\"142\" srcset=\"https:\/\/projectes.xtec.cat\/educacio-literaria\/wp-content\/uploads\/usu2578\/2025\/03\/JOCSFL-1024x184.jpg 1024w, https:\/\/projectes.xtec.cat\/educacio-literaria\/wp-content\/uploads\/usu2578\/2025\/03\/JOCSFL-300x54.jpg 300w, https:\/\/projectes.xtec.cat\/educacio-literaria\/wp-content\/uploads\/usu2578\/2025\/03\/JOCSFL-768x138.jpg 768w, https:\/\/projectes.xtec.cat\/educacio-literaria\/wp-content\/uploads\/usu2578\/2025\/03\/JOCSFL.jpg 1241w\" sizes=\"auto, (max-width: 790px) 100vw, 790px\" \/><\/a><\/p>\n<p>\u00a0<\/p>\n","protected":false},"excerpt":{"rendered":"<p>Un any m\u00e9s, escoles, artistes i m\u00fasics col\u00b7laboren per convertir els guanyadors dels Jocs Florals Escolars 2024, en nous cap\u00edtols del programa \u00abUna m\u00e0 de contes\u00bb. Estan publicats a la p\u00e0gina web de l\u2019SX3. &hellip;  <a href=\"https:\/\/projectes.xtec.cat\/educacio-literaria\/general\/el-canal-sx3-estrena-els-tres-contes-guanyadors-dels-xi-jocs-florals-escolars-2024\/\" title=\"Read El canal SX3 estrena els tres contes guanyadors dels XI Jocs Florals Escolars 2024\">Llegeix m\u00e9s\u00bb<\/a><\/p>\n","protected":false},"author":1,"featured_media":9752,"comment_status":"open","ping_status":"open","sticky":false,"template":"","format":"standard","meta":{"_bbp_topic_count":0,"_bbp_reply_count":0,"_bbp_total_topic_count":0,"_bbp_total_reply_count":0,"_bbp_voice_count":0,"_bbp_anonymous_reply_count":0,"_bbp_topic_count_hidden":0,"_bbp_reply_count_hidden":0,"_bbp_forum_subforum_count":0,"footnotes":""},"categories":[1,29,292],"tags":[353,644,325,645],"class_list":["post-9748","post","type-post","status-publish","format-standard","has-post-thumbnail","hentry","category-general","category-portada","category-primaria","tag-concurs-literari","tag-jocs-florals","tag-primaria","tag-sx3"],"post_mailing_queue_ids":[],"_links":{"self":[{"href":"https:\/\/projectes.xtec.cat\/educacio-literaria\/wp-json\/wp\/v2\/posts\/9748","targetHints":{"allow":["GET"]}}],"collection":[{"href":"https:\/\/projectes.xtec.cat\/educacio-literaria\/wp-json\/wp\/v2\/posts"}],"about":[{"href":"https:\/\/projectes.xtec.cat\/educacio-literaria\/wp-json\/wp\/v2\/types\/post"}],"author":[{"embeddable":true,"href":"https:\/\/projectes.xtec.cat\/educacio-literaria\/wp-json\/wp\/v2\/users\/1"}],"replies":[{"embeddable":true,"href":"https:\/\/projectes.xtec.cat\/educacio-literaria\/wp-json\/wp\/v2\/comments?post=9748"}],"version-history":[{"count":4,"href":"https:\/\/projectes.xtec.cat\/educacio-literaria\/wp-json\/wp\/v2\/posts\/9748\/revisions"}],"predecessor-version":[{"id":9756,"href":"https:\/\/projectes.xtec.cat\/educacio-literaria\/wp-json\/wp\/v2\/posts\/9748\/revisions\/9756"}],"wp:featuredmedia":[{"embeddable":true,"href":"https:\/\/projectes.xtec.cat\/educacio-literaria\/wp-json\/wp\/v2\/media\/9752"}],"wp:attachment":[{"href":"https:\/\/projectes.xtec.cat\/educacio-literaria\/wp-json\/wp\/v2\/media?parent=9748"}],"wp:term":[{"taxonomy":"category","embeddable":true,"href":"https:\/\/projectes.xtec.cat\/educacio-literaria\/wp-json\/wp\/v2\/categories?post=9748"},{"taxonomy":"post_tag","embeddable":true,"href":"https:\/\/projectes.xtec.cat\/educacio-literaria\/wp-json\/wp\/v2\/tags?post=9748"}],"curies":[{"name":"wp","href":"https:\/\/api.w.org\/{rel}","templated":true}]}}