{"id":9833,"date":"2025-06-17T12:50:00","date_gmt":"2025-06-17T10:50:00","guid":{"rendered":"https:\/\/projectes.xtec.cat\/educacio-literaria\/?p=9833"},"modified":"2025-06-17T12:50:04","modified_gmt":"2025-06-17T10:50:04","slug":"genere-cos-i-literatura-a-laula-formacio-destiu-del-del-collectiu-pere-quart","status":"publish","type":"post","link":"https:\/\/projectes.xtec.cat\/educacio-literaria\/general\/genere-cos-i-literatura-a-laula-formacio-destiu-del-del-collectiu-pere-quart\/","title":{"rendered":"G\u00e8nere, cos i literatura a l&#8217;aula: formaci\u00f3 d&#8217;estiu del del Col\u00b7lectiu Pere Quart"},"content":{"rendered":"\n<p style=\"text-align: justify;\"><a href=\"https:\/\/projectes.xtec.cat\/educacio-literaria\/wp-content\/uploads\/usu2578\/2025\/06\/CPQ.jpg\"><img loading=\"lazy\" decoding=\"async\" class=\"alignleft wp-image-9837 size-full\" src=\"https:\/\/projectes.xtec.cat\/educacio-literaria\/wp-content\/uploads\/usu2578\/2025\/06\/CPQ-e1749202511496.jpg\" alt=\"\" width=\"457\" height=\"226\" srcset=\"https:\/\/projectes.xtec.cat\/educacio-literaria\/wp-content\/uploads\/usu2578\/2025\/06\/CPQ-e1749202511496.jpg 457w, https:\/\/projectes.xtec.cat\/educacio-literaria\/wp-content\/uploads\/usu2578\/2025\/06\/CPQ-e1749202511496-300x148.jpg 300w\" sizes=\"auto, (max-width: 457px) 100vw, 457px\" \/><\/a><span style=\"color: #000000;\">Els propers 7 i 8 de juliol el Col\u00b7lectiu Pere Quart, amb la col\u00b7laboraci\u00f3 del Departament d\u2019Educaci\u00f3 i Formaci\u00f3 Professional i el Departament de Filologia Catalana de la Universitat Aut\u00f2noma de Barcelona (UAB), organitza les jornades \u00abG\u00e8nere, cos i literatura\u00bb.<\/span><\/p>\n<p style=\"text-align: justify;\"><span style=\"color: #000000;\">Aquesta formaci\u00f3, adre\u00e7ada a professorat de llengua catalana i literatura, t\u00e9 com a objectiu oferir estrat\u00e8gies i materials per treballar la literatura, tant a secund\u00e0ria com a batxillerat. Es far\u00e0 a la Sala de Graus Jordi Castellanos de la Facultat de Filosofia i Lletres de la UAB, a Bellaterra, i t\u00e9 un reconeixement de 12 h de formaci\u00f3 pel Departament d\u2019Educaci\u00f3 i Formaci\u00f3 Professional. El preu \u00e9s de 20 \u20ac per als socis del Col\u00b7lectiu Pere Quart i de 40 \u20ac per a la resta de participants.<\/span><\/p>\n<p style=\"text-align: justify;\"><span style=\"color: #000000;\">Al<\/span> <a href=\"https:\/\/collectiuperequart.wordpress.com\/2025\/05\/25\/jornades-de-formacio-7-i-8-de-juliol-de-2025\/\">web del Col\u00b7lectiu Pere Quart<\/a> <span style=\"color: #000000;\">trobareu l\u2018enlla\u00e7 a la inscripci\u00f3 i tota la informaci\u00f3 detallada sobre la Jornada.<\/span><a href=\"https:\/\/projectes.xtec.cat\/educacio-literaria\/wp-content\/uploads\/usu2578\/2025\/06\/CPQ2.jpg\"><img loading=\"lazy\" decoding=\"async\" class=\"size-full wp-image-9836 aligncenter\" src=\"https:\/\/projectes.xtec.cat\/educacio-literaria\/wp-content\/uploads\/usu2578\/2025\/06\/CPQ2.jpg\" alt=\"\" width=\"884\" height=\"642\" srcset=\"https:\/\/projectes.xtec.cat\/educacio-literaria\/wp-content\/uploads\/usu2578\/2025\/06\/CPQ2.jpg 884w, https:\/\/projectes.xtec.cat\/educacio-literaria\/wp-content\/uploads\/usu2578\/2025\/06\/CPQ2-300x218.jpg 300w, https:\/\/projectes.xtec.cat\/educacio-literaria\/wp-content\/uploads\/usu2578\/2025\/06\/CPQ2-768x558.jpg 768w\" sizes=\"auto, (max-width: 884px) 100vw, 884px\" \/><\/a><\/p>\n\n\n\n\n","protected":false},"excerpt":{"rendered":"<p><a href=\"https:\/\/projectes.xtec.cat\/educacio-literaria\/wp-content\/uploads\/usu2578\/2025\/06\/CPQ.jpg\"><\/a>Els propers 7 i 8 de juliol el Col\u00b7lectiu Pere Quart, amb la col\u00b7laboraci\u00f3 del Departament d\u2019Educaci\u00f3 i Formaci\u00f3 Professional i el Departament de Filologia Catalana de la Universitat Aut\u00f2noma de Barcelona (UAB), organitza les jornades \u00abG\u00e8nere, cos i literatura\u00bb.<br \/>\nAquesta formaci\u00f3, adre\u00e7ada a professorat&hellip;  <a href=\"https:\/\/projectes.xtec.cat\/educacio-literaria\/general\/genere-cos-i-literatura-a-laula-formacio-destiu-del-del-collectiu-pere-quart\/\" title=\"Read G\u00e8nere, cos i literatura a l&#8217;aula: formaci\u00f3 d&#8217;estiu del del Col\u00b7lectiu Pere Quart\">Llegeix m\u00e9s\u00bb<\/a><\/p>\n","protected":false},"author":1,"featured_media":9837,"comment_status":"open","ping_status":"open","sticky":false,"template":"","format":"standard","meta":{"_bbp_topic_count":0,"_bbp_reply_count":0,"_bbp_total_topic_count":0,"_bbp_total_reply_count":0,"_bbp_voice_count":0,"_bbp_anonymous_reply_count":0,"_bbp_topic_count_hidden":0,"_bbp_reply_count_hidden":0,"_bbp_forum_subforum_count":0,"footnotes":""},"categories":[154,1,29],"tags":[301,323,306,583,313],"class_list":["post-9833","post","type-post","status-publish","format-standard","has-post-thumbnail","hentry","category-formacio","category-general","category-portada","tag-batxillerat","tag-collectiu-pere-quart","tag-eso","tag-formacio-estiu","tag-literatura-catalana"],"post_mailing_queue_ids":[],"_links":{"self":[{"href":"https:\/\/projectes.xtec.cat\/educacio-literaria\/wp-json\/wp\/v2\/posts\/9833","targetHints":{"allow":["GET"]}}],"collection":[{"href":"https:\/\/projectes.xtec.cat\/educacio-literaria\/wp-json\/wp\/v2\/posts"}],"about":[{"href":"https:\/\/projectes.xtec.cat\/educacio-literaria\/wp-json\/wp\/v2\/types\/post"}],"author":[{"embeddable":true,"href":"https:\/\/projectes.xtec.cat\/educacio-literaria\/wp-json\/wp\/v2\/users\/1"}],"replies":[{"embeddable":true,"href":"https:\/\/projectes.xtec.cat\/educacio-literaria\/wp-json\/wp\/v2\/comments?post=9833"}],"version-history":[{"count":5,"href":"https:\/\/projectes.xtec.cat\/educacio-literaria\/wp-json\/wp\/v2\/posts\/9833\/revisions"}],"predecessor-version":[{"id":9840,"href":"https:\/\/projectes.xtec.cat\/educacio-literaria\/wp-json\/wp\/v2\/posts\/9833\/revisions\/9840"}],"wp:featuredmedia":[{"embeddable":true,"href":"https:\/\/projectes.xtec.cat\/educacio-literaria\/wp-json\/wp\/v2\/media\/9837"}],"wp:attachment":[{"href":"https:\/\/projectes.xtec.cat\/educacio-literaria\/wp-json\/wp\/v2\/media?parent=9833"}],"wp:term":[{"taxonomy":"category","embeddable":true,"href":"https:\/\/projectes.xtec.cat\/educacio-literaria\/wp-json\/wp\/v2\/categories?post=9833"},{"taxonomy":"post_tag","embeddable":true,"href":"https:\/\/projectes.xtec.cat\/educacio-literaria\/wp-json\/wp\/v2\/tags?post=9833"}],"curies":[{"name":"wp","href":"https:\/\/api.w.org\/{rel}","templated":true}]}}