{"id":9884,"date":"2025-09-25T10:13:07","date_gmt":"2025-09-25T08:13:07","guid":{"rendered":"https:\/\/projectes.xtec.cat\/educacio-literaria\/?p=9884"},"modified":"2025-09-25T10:13:08","modified_gmt":"2025-09-25T08:13:08","slug":"formacio-llenguatge-i-historia-del-comic-a-lleida","status":"publish","type":"post","link":"https:\/\/projectes.xtec.cat\/educacio-literaria\/portada\/formacio-llenguatge-i-historia-del-comic-a-lleida\/","title":{"rendered":"Formaci\u00f3 &#8220;Llenguatge i Hist\u00f2ria del C\u00f2mic&#8221; a Lleida"},"content":{"rendered":"\n<p style=\"text-align: justify;\"><a href=\"https:\/\/projectes.xtec.cat\/educacio-literaria\/wp-content\/uploads\/usu2578\/2025\/09\/comic_ice2.jpg\"><img loading=\"lazy\" decoding=\"async\" class=\" wp-image-9885 alignleft\" src=\"https:\/\/projectes.xtec.cat\/educacio-literaria\/wp-content\/uploads\/usu2578\/2025\/09\/comic_ice2-1024x683.jpg\" alt=\"\" width=\"405\" height=\"270\" srcset=\"https:\/\/projectes.xtec.cat\/educacio-literaria\/wp-content\/uploads\/usu2578\/2025\/09\/comic_ice2-1024x683.jpg 1024w, https:\/\/projectes.xtec.cat\/educacio-literaria\/wp-content\/uploads\/usu2578\/2025\/09\/comic_ice2-300x200.jpg 300w, https:\/\/projectes.xtec.cat\/educacio-literaria\/wp-content\/uploads\/usu2578\/2025\/09\/comic_ice2-768x512.jpg 768w, https:\/\/projectes.xtec.cat\/educacio-literaria\/wp-content\/uploads\/usu2578\/2025\/09\/comic_ice2.jpg 1170w\" sizes=\"auto, (max-width: 405px) 100vw, 405px\" \/><\/a>Aquesta activitat formativa pret\u00e9n aproximar als docents de secund\u00e0ria i de batxillerat els rudiments del llenguatge del c\u00f2mic aix\u00ed com compartir exemples pr\u00e0ctics de treballs elaborats per estudiants per tal que puguin servir de models per a posteriors projectes d&#8217;aula. El curs, presencial, s&#8217;adre\u00e7a a professorat d&#8217;\u00e0mbit ling\u00fc\u00edstic i d&#8217;Educaci\u00f3 visual i pl\u00e0stica, aix\u00ed com d&#8217;altres docents interessats a con\u00e8ixer estrat\u00e8gies per utilitzar el c\u00f2mic a l&#8217;aula. Certifica 15 hores de formaci\u00f3 i es realitzar\u00e0 a l&#8217;edifici polivalent del Campus de Cappont de la UdL.<\/p>\n<p>\u00a0Consulteu-ne la informaci\u00f3 detallada i el calendari <a href=\"https:\/\/www.ice.udl.cat\/ca\/noticies\/agenda\/Curs-Llenguatge-i-Historia-del-Comic\/\">en aquest enlla\u00e7.<\/a><\/p>\n<p>\u00a0Inscriviu-vos al curs mitjan\u00e7ant <a href=\"https:\/\/aplicacions.gestioeducativa.gencat.cat\/ords\/pls\/soloas\/pk_for_mod_ins.p_for_detall_activitat?p_codi=6000070020&amp;p_curs=2025-2026&amp;p_es_inscr=S\" target=\"_blank\" rel=\"noopener\">aquest enlla\u00e7<\/a>.<\/p>\n<p>\u00a0<\/p>\n<p>\u00a0<\/p>\n","protected":false},"excerpt":{"rendered":"<p><a href=\"https:\/\/projectes.xtec.cat\/educacio-literaria\/wp-content\/uploads\/usu2578\/2025\/09\/comic_ice2.jpg\"><\/a>Aquesta activitat formativa pret\u00e9n aproximar als docents de secund\u00e0ria i de batxillerat els rudiments del llenguatge del c\u00f2mic aix\u00ed com compartir exemples pr\u00e0ctics de treballs elaborats per estudiants per tal que puguin servir de models per a posteriors projectes d&#8217;aula. El curs, presencial, s&#8217;adre\u00e7a&hellip;  <a href=\"https:\/\/projectes.xtec.cat\/educacio-literaria\/portada\/formacio-llenguatge-i-historia-del-comic-a-lleida\/\" title=\"Read Formaci\u00f3 &#8220;Llenguatge i Hist\u00f2ria del C\u00f2mic&#8221; a Lleida\">Llegeix m\u00e9s\u00bb<\/a><\/p>\n","protected":false},"author":1,"featured_media":9886,"comment_status":"open","ping_status":"open","sticky":false,"template":"","format":"standard","meta":{"_bbp_topic_count":0,"_bbp_reply_count":0,"_bbp_total_topic_count":0,"_bbp_total_reply_count":0,"_bbp_voice_count":0,"_bbp_anonymous_reply_count":0,"_bbp_topic_count_hidden":0,"_bbp_reply_count_hidden":0,"_bbp_forum_subforum_count":0,"footnotes":""},"categories":[154,29],"tags":[333,436,660],"class_list":["post-9884","post","type-post","status-publish","format-standard","has-post-thumbnail","hentry","category-formacio","category-portada","tag-comic","tag-formacio-professorat","tag-ice-lleida"],"post_mailing_queue_ids":[],"_links":{"self":[{"href":"https:\/\/projectes.xtec.cat\/educacio-literaria\/wp-json\/wp\/v2\/posts\/9884","targetHints":{"allow":["GET"]}}],"collection":[{"href":"https:\/\/projectes.xtec.cat\/educacio-literaria\/wp-json\/wp\/v2\/posts"}],"about":[{"href":"https:\/\/projectes.xtec.cat\/educacio-literaria\/wp-json\/wp\/v2\/types\/post"}],"author":[{"embeddable":true,"href":"https:\/\/projectes.xtec.cat\/educacio-literaria\/wp-json\/wp\/v2\/users\/1"}],"replies":[{"embeddable":true,"href":"https:\/\/projectes.xtec.cat\/educacio-literaria\/wp-json\/wp\/v2\/comments?post=9884"}],"version-history":[{"count":1,"href":"https:\/\/projectes.xtec.cat\/educacio-literaria\/wp-json\/wp\/v2\/posts\/9884\/revisions"}],"predecessor-version":[{"id":9887,"href":"https:\/\/projectes.xtec.cat\/educacio-literaria\/wp-json\/wp\/v2\/posts\/9884\/revisions\/9887"}],"wp:featuredmedia":[{"embeddable":true,"href":"https:\/\/projectes.xtec.cat\/educacio-literaria\/wp-json\/wp\/v2\/media\/9886"}],"wp:attachment":[{"href":"https:\/\/projectes.xtec.cat\/educacio-literaria\/wp-json\/wp\/v2\/media?parent=9884"}],"wp:term":[{"taxonomy":"category","embeddable":true,"href":"https:\/\/projectes.xtec.cat\/educacio-literaria\/wp-json\/wp\/v2\/categories?post=9884"},{"taxonomy":"post_tag","embeddable":true,"href":"https:\/\/projectes.xtec.cat\/educacio-literaria\/wp-json\/wp\/v2\/tags?post=9884"}],"curies":[{"name":"wp","href":"https:\/\/api.w.org\/{rel}","templated":true}]}}