{"id":9908,"date":"2025-11-04T13:06:42","date_gmt":"2025-11-04T12:06:42","guid":{"rendered":"https:\/\/projectes.xtec.cat\/educacio-literaria\/?p=9908"},"modified":"2025-11-10T12:49:55","modified_gmt":"2025-11-10T11:49:55","slug":"jornada-josep-m-de-sagarra-al-tnc","status":"publish","type":"post","link":"https:\/\/projectes.xtec.cat\/educacio-literaria\/portada\/jornada-josep-m-de-sagarra-al-tnc\/","title":{"rendered":"Jornada Josep M. de Sagarra al TNC"},"content":{"rendered":"\n\n\n<p style=\"text-align: justify;\"><a href=\"https:\/\/projectes.xtec.cat\/educacio-literaria\/wp-content\/uploads\/usu2578\/2025\/11\/CORONA.jpg\"><img loading=\"lazy\" decoding=\"async\" class=\" wp-image-9909 alignleft\" src=\"https:\/\/projectes.xtec.cat\/educacio-literaria\/wp-content\/uploads\/usu2578\/2025\/11\/CORONA.jpg\" alt=\"\" width=\"364\" height=\"500\" srcset=\"https:\/\/projectes.xtec.cat\/educacio-literaria\/wp-content\/uploads\/usu2578\/2025\/11\/CORONA.jpg 480w, https:\/\/projectes.xtec.cat\/educacio-literaria\/wp-content\/uploads\/usu2578\/2025\/11\/CORONA-219x300.jpg 219w\" sizes=\"auto, (max-width: 364px) 100vw, 364px\" \/><\/a>Ens complau convidar-vos a veure l\u2019obra de teatre\u00a0<em>La corona d&#8217;espines<\/em>, de Josep Maria de Sagarra al Teatre Nacional de Catalunya el dimecres 10 de desembre de 2025.<\/p>\n<p style=\"text-align: justify;\">Per tal de donar a con\u00e8ixer els autors patrimonials del territori, el Departament d&#8217;Educaci\u00f3 i Formaci\u00f3 Professional organitza la Jornada Josep Maria de Sagarra per tal d\u2019oferir eines i estrat\u00e8gies als docents per treballar l&#8217;autor i l&#8217;obra en els centres educatius.<\/p>\n<p style=\"font-weight: 400; text-align: justify;\">Us convidem a assistir a l&#8217;espectacle\u00a0\u00a0<i><a href=\"https:\/\/www.tnc.cat\/ca\/la-corona-d-espines\" data-saferedirecturl=\"https:\/\/www.google.com\/url?q=https:\/\/www.tnc.cat\/ca\/la-corona-d-espines&amp;source=gmail&amp;ust=1762343382945000&amp;usg=AOvVaw0E9AgU_KyEaUg4_0ePys0v\">La corona d&#8217;espines<\/a><\/i>\u00a0al TNC i a conversar-ne pr\u00e8viament amb\u00a0Xavier Albert\u00ed, el director art\u00edstic. Interpretada per\u00a0Manel Barcel\u00f3, Abel Folk i \u00c0ngels Gonyalons, entre altres, aquesta obra teatral en vers se situa\u00a0a Solsona a finals del segle XVIII i narra les trifulgues d&#8217;un acord de matrimoni entre una pubilla i un jove sense pares, on es barregen necessitats de diners i tamb\u00e9 algunes sospites.<\/p>\n<p style=\"text-align: justify;\">Inicialment es va prioritzar l\u2019assist\u00e8ncia dels docents que han certificat formacions de l\u2019\u00e0mbit d\u2019educaci\u00f3 liter\u00e0ria durant el darrer trimestre del curs anterior, per\u00f2 encara hi ha algunes places lliures; aix\u00ed que avui obrim la proposta a tots els docents que us hi vulgueu afegir.<\/p>\n<p style=\"text-align: justify;\">Cal que us inscriviu a l\u2019activitat\u00a0<a href=\"https:\/\/aplicacions.gestioeducativa.gencat.cat\/ords\/pls\/soloas\/pk_for_mod_ins.p_for_detall_activitat?p_codi=9001730555&amp;p_curs=2025-2026&amp;p_es_inscr=S\">en aquest enlla\u00e7<\/a>. El codi \u00e9s 9001730555. Teniu temps\u00a0<strong>fins dijous 20 de novembre<\/strong>.<\/p>\n<p style=\"text-align: justify;\">A les\u00a0<strong>17,15 h de dimecres 10 de desembre<\/strong>, tots aquells que tingueu\u00a0<strong>l\u2019activitat adjudicada<\/strong> i hagueu rebut un <strong>correu electr\u00f2nic de confirmaci\u00f3<\/strong> de l&#8217;activitat, ens trobarem al vest\u00edbul de la sala gran del Teatre Nacional de Catalunya per confirmar la vostra assist\u00e8ncia i repartir-vos les entrades. El programa de la Jornada \u00e9s el seg\u00fcent:<a href=\"https:\/\/projectes.xtec.cat\/educacio-literaria\/wp-content\/uploads\/usu2578\/2025\/01\/tnc.png\"><img loading=\"lazy\" decoding=\"async\" class=\" wp-image-9608 alignright\" src=\"https:\/\/projectes.xtec.cat\/educacio-literaria\/wp-content\/uploads\/usu2578\/2025\/01\/tnc.png\" alt=\"\" width=\"221\" height=\"204\" \/><\/a><\/p>\n<ul style=\"text-align: justify;\">\n<li>17,15 h \u2013 Rebuda al vest\u00edbul principal de la sala gran del TNC<\/li>\n<li>17:30 h \u2013 18:40 h \u2013 Benvinguda institucional i xerrada a c\u00e0rrec de Xavier Albert\u00ed, director art\u00edstic de <em>La corona d&#8217;espines<\/em><\/li>\n<li>18:40 h \u2013 18:50 h \u2013 Descans<\/li>\n<li>19 h \u2013 20:40 h \u2013 Assist\u00e8ncia a l\u2019espectacle<\/li>\n<\/ul>\n<p style=\"text-align: justify;\">Esperem que us engresqueu a participar-hi. Si per qualsevol motiu no hi podeu assistir, us demanem que us doneu de baixa de l\u2019activitat a\u00a0<a href=\"https:\/\/xtec.gencat.cat\/ca\/formacio\/la-meva-formacio\/les-meves-activitats\/\">Les meves activitats\u00a0<\/a>com abans millor perqu\u00e8 algun altre docent pugui aprofitar la pla\u00e7a i puguem avisar-lo amb marge de temps suficient.<\/p>\n","protected":false},"excerpt":{"rendered":"<p><a href=\"https:\/\/projectes.xtec.cat\/educacio-literaria\/wp-content\/uploads\/usu2578\/2025\/11\/CORONA.jpg\"><\/a>Ens complau convidar-vos a veure l\u2019obra de teatre\u00a0La corona d&#8217;espines, de Josep Maria de Sagarra al Teatre Nacional de Catalunya el dimecres 10 de desembre de 2025.<br \/>\nPer tal de donar a con\u00e8ixer els autors patrimonials del territori, el Departament d&#8217;Educaci\u00f3 i Formaci\u00f3 Professional organitza&hellip;  <a href=\"https:\/\/projectes.xtec.cat\/educacio-literaria\/portada\/jornada-josep-m-de-sagarra-al-tnc\/\" title=\"Read Jornada Josep M. de Sagarra al TNC\">Llegeix m\u00e9s\u00bb<\/a><\/p>\n","protected":false},"author":1,"featured_media":9910,"comment_status":"open","ping_status":"open","sticky":false,"template":"","format":"standard","meta":{"_bbp_topic_count":0,"_bbp_reply_count":0,"_bbp_total_topic_count":0,"_bbp_total_reply_count":0,"_bbp_voice_count":0,"_bbp_anonymous_reply_count":0,"_bbp_topic_count_hidden":0,"_bbp_reply_count_hidden":0,"_bbp_forum_subforum_count":0,"footnotes":""},"categories":[64,154,29],"tags":[373,313,390,628],"class_list":["post-9908","post","type-post","status-publish","format-standard","has-post-thumbnail","hentry","category-comunitat","category-formacio","category-portada","tag-jornada-pedagogica","tag-literatura-catalana","tag-teatre","tag-tnc"],"post_mailing_queue_ids":[],"_links":{"self":[{"href":"https:\/\/projectes.xtec.cat\/educacio-literaria\/wp-json\/wp\/v2\/posts\/9908","targetHints":{"allow":["GET"]}}],"collection":[{"href":"https:\/\/projectes.xtec.cat\/educacio-literaria\/wp-json\/wp\/v2\/posts"}],"about":[{"href":"https:\/\/projectes.xtec.cat\/educacio-literaria\/wp-json\/wp\/v2\/types\/post"}],"author":[{"embeddable":true,"href":"https:\/\/projectes.xtec.cat\/educacio-literaria\/wp-json\/wp\/v2\/users\/1"}],"replies":[{"embeddable":true,"href":"https:\/\/projectes.xtec.cat\/educacio-literaria\/wp-json\/wp\/v2\/comments?post=9908"}],"version-history":[{"count":1,"href":"https:\/\/projectes.xtec.cat\/educacio-literaria\/wp-json\/wp\/v2\/posts\/9908\/revisions"}],"predecessor-version":[{"id":9911,"href":"https:\/\/projectes.xtec.cat\/educacio-literaria\/wp-json\/wp\/v2\/posts\/9908\/revisions\/9911"}],"wp:featuredmedia":[{"embeddable":true,"href":"https:\/\/projectes.xtec.cat\/educacio-literaria\/wp-json\/wp\/v2\/media\/9910"}],"wp:attachment":[{"href":"https:\/\/projectes.xtec.cat\/educacio-literaria\/wp-json\/wp\/v2\/media?parent=9908"}],"wp:term":[{"taxonomy":"category","embeddable":true,"href":"https:\/\/projectes.xtec.cat\/educacio-literaria\/wp-json\/wp\/v2\/categories?post=9908"},{"taxonomy":"post_tag","embeddable":true,"href":"https:\/\/projectes.xtec.cat\/educacio-literaria\/wp-json\/wp\/v2\/tags?post=9908"}],"curies":[{"name":"wp","href":"https:\/\/api.w.org\/{rel}","templated":true}]}}