{"id":9912,"date":"2025-11-05T10:16:34","date_gmt":"2025-11-05T09:16:34","guid":{"rendered":"https:\/\/projectes.xtec.cat\/educacio-literaria\/?p=9912"},"modified":"2025-11-05T10:17:24","modified_gmt":"2025-11-05T09:17:24","slug":"ii-congres-internacional-womens-legacy","status":"publish","type":"post","link":"https:\/\/projectes.xtec.cat\/educacio-literaria\/portada\/ii-congres-internacional-womens-legacy\/","title":{"rendered":"II Congr\u00e9s Internacional Women\u2019s Legacy"},"content":{"rendered":"\n<p style=\"text-align: justify;\"><a href=\"https:\/\/projectes.xtec.cat\/educacio-literaria\/wp-content\/uploads\/usu2578\/2025\/11\/IIwomenl.jpg\"><img loading=\"lazy\" decoding=\"async\" class=\"size-full wp-image-9914 alignleft\" src=\"https:\/\/projectes.xtec.cat\/educacio-literaria\/wp-content\/uploads\/usu2578\/2025\/11\/IIwomenl.jpg\" alt=\"\" width=\"415\" height=\"159\" srcset=\"https:\/\/projectes.xtec.cat\/educacio-literaria\/wp-content\/uploads\/usu2578\/2025\/11\/IIwomenl.jpg 415w, https:\/\/projectes.xtec.cat\/educacio-literaria\/wp-content\/uploads\/usu2578\/2025\/11\/IIwomenl-300x115.jpg 300w\" sizes=\"auto, (max-width: 415px) 100vw, 415px\" \/><\/a>Us convidem a participar en el <a href=\"https:\/\/congress.womenslegacyproject.eu\/ca\/\">II Congr\u00e9s Internacional Women\u2019s Legacy<\/a> de manera <b>presencial o en l\u00ednia, <\/b>que se celebrar\u00e0 a Barcelona (<a href=\"https:\/\/www.uoc.edu\/portal\/ca\/universitat\/on-som\/index.html\" target=\"_blank\" rel=\"noopener\" data-saferedirecturl=\"https:\/\/www.google.com\/url?q=https:\/\/www.uoc.edu\/portal\/ca\/universitat\/on-som\/index.html&amp;source=gmail&amp;ust=1762418992780000&amp;usg=AOvVaw2WtebDOtjK7IA4zCxP3X3L\">UOC Edifici U<\/a>\u00a0i\u00a0<a href=\"https:\/\/www.cdl.cat\/contacte\" target=\"_blank\" rel=\"noopener\" data-saferedirecturl=\"https:\/\/www.google.com\/url?q=https:\/\/www.cdl.cat\/contacte&amp;source=gmail&amp;ust=1762418992780000&amp;usg=AOvVaw17QjTMxhRXm_WRq98bHXqr\">Col\u00b7legi de Doctors i Llicenciats de Catalunya<\/a>) del 13 al 15 de novembre de 2025.<\/p>\n<p dir=\"ltr\" style=\"text-align: justify;\"><span style=\"font-family: Arial, sans-serif;\">C<\/span>omptar\u00e0 amb la participaci\u00f3 de reconegudes especialistes internacionals, com ara Griselda Pollock, \u00c9liane Viennot, Teresa Vinyoles i N\u00faria Sal\u00e1n, i tamb\u00e9 amb m\u00e9s de seixanta comunicacions. Aquest congr\u00e9s \u00e9s un punt de trobada transdisciplinar on es compartiran els resultats de nombroses investigacions que contribueixen a la correcci\u00f3 del biaix androc\u00e8ntric sist\u00e8mic, el qual es veu amplificat des dels centres educatius tot distorsionant el relat cultural i cient\u00edfic.<\/p>\n<p dir=\"ltr\" style=\"text-align: justify;\">El congr\u00e9s forma part del Pla de Formaci\u00f3 del Departament d&#8217;Educaci\u00f3 de la Generalitat de Catalunya i t\u00e9 un <b>reconeixement de 15 hores per al professorat<\/b>.<\/p>\n<p dir=\"ltr\" style=\"text-align: justify;\">Nom\u00e9s cal formalitzar-ne la <a href=\"https:\/\/symposium.uoc.edu\/138371\/detail\/ii-congres-internacional-womens-legacy.html\" target=\"_blank\" rel=\"noopener\" data-saferedirecturl=\"https:\/\/www.google.com\/url?q=https:\/\/symposium.uoc.edu\/138371\/detail\/ii-congres-internacional-womens-legacy.html&amp;source=gmail&amp;ust=1762418992780000&amp;usg=AOvVaw1h8YyKngpzF9os249UXyEz\">inscripci\u00f3 gratu\u00efta pr\u00e8via<\/a>.<\/p>\n<p dir=\"ltr\">Esperem que us hi engresqueu!<\/p>\n<p dir=\"ltr\"><a href=\"https:\/\/projectes.xtec.cat\/educacio-literaria\/wp-content\/uploads\/usu2578\/2025\/11\/IIwomen2l.jpg\"><img loading=\"lazy\" decoding=\"async\" class=\"alignnone size-large wp-image-9913\" src=\"https:\/\/projectes.xtec.cat\/educacio-literaria\/wp-content\/uploads\/usu2578\/2025\/11\/IIwomen2l-1024x258.jpg\" alt=\"\" width=\"1024\" height=\"258\" srcset=\"https:\/\/projectes.xtec.cat\/educacio-literaria\/wp-content\/uploads\/usu2578\/2025\/11\/IIwomen2l-1024x258.jpg 1024w, https:\/\/projectes.xtec.cat\/educacio-literaria\/wp-content\/uploads\/usu2578\/2025\/11\/IIwomen2l-300x76.jpg 300w, https:\/\/projectes.xtec.cat\/educacio-literaria\/wp-content\/uploads\/usu2578\/2025\/11\/IIwomen2l-768x193.jpg 768w, https:\/\/projectes.xtec.cat\/educacio-literaria\/wp-content\/uploads\/usu2578\/2025\/11\/IIwomen2l.jpg 1370w\" sizes=\"auto, (max-width: 1024px) 100vw, 1024px\" \/><\/a><\/p>\n\n\n\n\n","protected":false},"excerpt":{"rendered":"<p><a href=\"https:\/\/projectes.xtec.cat\/educacio-literaria\/wp-content\/uploads\/usu2578\/2025\/11\/IIwomenl.jpg\"><\/a>Us convidem a participar en el <a href=\"https:\/\/congress.womenslegacyproject.eu\/ca\/\">II Congr\u00e9s Internacional Women\u2019s Legacy<\/a> de manera presencial o en l\u00ednia, que se celebrar\u00e0 a Barcelona (<a href=\"https:\/\/www.uoc.edu\/portal\/ca\/universitat\/on-som\/index.html\" target=\"_blank\" rel=\"noopener\" data-saferedirecturl=\"https:\/\/www.google.com\/url?q=https:\/\/www.uoc.edu\/portal\/ca\/universitat\/on-som\/index.html&amp;source=gmail&amp;ust=1762418992780000&amp;usg=AOvVaw2WtebDOtjK7IA4zCxP3X3L\">UOC Edifici U<\/a>\u00a0i\u00a0<a href=\"https:\/\/www.cdl.cat\/contacte\" target=\"_blank\" rel=\"noopener\" data-saferedirecturl=\"https:\/\/www.google.com\/url?q=https:\/\/www.cdl.cat\/contacte&amp;source=gmail&amp;ust=1762418992780000&amp;usg=AOvVaw17QjTMxhRXm_WRq98bHXqr\">Col\u00b7legi de Doctors i Llicenciats de Catalunya<\/a>) del 13 al 15&hellip;  <a href=\"https:\/\/projectes.xtec.cat\/educacio-literaria\/portada\/ii-congres-internacional-womens-legacy\/\" title=\"Read II Congr\u00e9s Internacional Women\u2019s Legacy\">Llegeix m\u00e9s\u00bb<\/a><\/p>\n","protected":false},"author":1,"featured_media":9914,"comment_status":"open","ping_status":"open","sticky":false,"template":"","format":"standard","meta":{"_bbp_topic_count":0,"_bbp_reply_count":0,"_bbp_total_topic_count":0,"_bbp_total_reply_count":0,"_bbp_voice_count":0,"_bbp_anonymous_reply_count":0,"_bbp_topic_count_hidden":0,"_bbp_reply_count_hidden":0,"_bbp_forum_subforum_count":0,"footnotes":""},"categories":[64,154,29],"tags":[669,308],"class_list":["post-9912","post","type-post","status-publish","format-standard","has-post-thumbnail","hentry","category-comunitat","category-formacio","category-portada","tag-congres","tag-formacio"],"post_mailing_queue_ids":[],"_links":{"self":[{"href":"https:\/\/projectes.xtec.cat\/educacio-literaria\/wp-json\/wp\/v2\/posts\/9912","targetHints":{"allow":["GET"]}}],"collection":[{"href":"https:\/\/projectes.xtec.cat\/educacio-literaria\/wp-json\/wp\/v2\/posts"}],"about":[{"href":"https:\/\/projectes.xtec.cat\/educacio-literaria\/wp-json\/wp\/v2\/types\/post"}],"author":[{"embeddable":true,"href":"https:\/\/projectes.xtec.cat\/educacio-literaria\/wp-json\/wp\/v2\/users\/1"}],"replies":[{"embeddable":true,"href":"https:\/\/projectes.xtec.cat\/educacio-literaria\/wp-json\/wp\/v2\/comments?post=9912"}],"version-history":[{"count":1,"href":"https:\/\/projectes.xtec.cat\/educacio-literaria\/wp-json\/wp\/v2\/posts\/9912\/revisions"}],"predecessor-version":[{"id":9915,"href":"https:\/\/projectes.xtec.cat\/educacio-literaria\/wp-json\/wp\/v2\/posts\/9912\/revisions\/9915"}],"wp:featuredmedia":[{"embeddable":true,"href":"https:\/\/projectes.xtec.cat\/educacio-literaria\/wp-json\/wp\/v2\/media\/9914"}],"wp:attachment":[{"href":"https:\/\/projectes.xtec.cat\/educacio-literaria\/wp-json\/wp\/v2\/media?parent=9912"}],"wp:term":[{"taxonomy":"category","embeddable":true,"href":"https:\/\/projectes.xtec.cat\/educacio-literaria\/wp-json\/wp\/v2\/categories?post=9912"},{"taxonomy":"post_tag","embeddable":true,"href":"https:\/\/projectes.xtec.cat\/educacio-literaria\/wp-json\/wp\/v2\/tags?post=9912"}],"curies":[{"name":"wp","href":"https:\/\/api.w.org\/{rel}","templated":true}]}}