{"id":9951,"date":"2025-11-18T10:59:03","date_gmt":"2025-11-18T09:59:03","guid":{"rendered":"https:\/\/projectes.xtec.cat\/educacio-literaria\/?p=9951"},"modified":"2025-11-18T10:59:03","modified_gmt":"2025-11-18T09:59:03","slug":"jornada-la-vitalitat-del-patrimoni-literari-catala-balanc-vincles-i-horitzons","status":"publish","type":"post","link":"https:\/\/projectes.xtec.cat\/educacio-literaria\/general\/jornada-la-vitalitat-del-patrimoni-literari-catala-balanc-vincles-i-horitzons\/","title":{"rendered":"Jornada &#8220;La vitalitat del patrimoni literari catal\u00e0: Balan\u00e7, vincles i horitzons&#8221;"},"content":{"rendered":"\n<p><a href=\"https:\/\/projectes.xtec.cat\/educacio-literaria\/wp-content\/uploads\/usu2578\/2025\/11\/image-1.png\"><img loading=\"lazy\" decoding=\"async\" class=\" wp-image-9952 alignleft\" src=\"https:\/\/projectes.xtec.cat\/educacio-literaria\/wp-content\/uploads\/usu2578\/2025\/11\/image-1.png\" alt=\"\" width=\"440\" height=\"273\" srcset=\"https:\/\/projectes.xtec.cat\/educacio-literaria\/wp-content\/uploads\/usu2578\/2025\/11\/image-1.png 598w, https:\/\/projectes.xtec.cat\/educacio-literaria\/wp-content\/uploads\/usu2578\/2025\/11\/image-1-300x186.png 300w\" sizes=\"auto, (max-width: 440px) 100vw, 440px\" \/><\/a>Aquesta jornada, organitzada per Espais escrits. Xarxa del Patrimoni Literari Catal\u00e0,\u00a0 tindr\u00e0 lloc els dies 21 i 22 de novembre a la Biblioteca Museu V\u00edctor Balaguer de Vilanova i la Geltr\u00fa. L&#8217;objectiu principal \u00e9s reflexionar sobre present i el futur del patrimoni literari catal\u00e0, amb la col\u00b7laboraci\u00f3 de <em>L\u2019Aven\u00e7<\/em>, un espai de reflexi\u00f3 sobre hist\u00f2ria, cultura i mem\u00f2ria.<\/p>\n<p style=\"text-align: justify;\">Espais Escrits. Xarxa del Patrimoni Literari Catal\u00e0 va n\u00e9ixer el 2005 amb la convicci\u00f3 que el llegat dels escriptors \u00e9s un eix vertebrador de la cultura, quan aquesta es convertia en b\u00e9 de consum. Enguany la instituci\u00f3 commemora la seva traject\u00f2ria, de vint anys, i la de Joaquim Molas, en els deu anys del seu trasp\u00e0s, a trav\u00e9s de la tasca de l\u2019Aula Molas en la difusi\u00f3 de la literatura del segle XX.\u00a0 <a href=\"https:\/\/projectes.xtec.cat\/educacio-literaria\/wp-content\/uploads\/usu2578\/2025\/11\/programa_EE.jpg\"><img loading=\"lazy\" decoding=\"async\" class=\"wp-image-9956 alignright\" src=\"https:\/\/projectes.xtec.cat\/educacio-literaria\/wp-content\/uploads\/usu2578\/2025\/11\/programa_EE.jpg\" alt=\"\" width=\"527\" height=\"376\" srcset=\"https:\/\/projectes.xtec.cat\/educacio-literaria\/wp-content\/uploads\/usu2578\/2025\/11\/programa_EE.jpg 648w, https:\/\/projectes.xtec.cat\/educacio-literaria\/wp-content\/uploads\/usu2578\/2025\/11\/programa_EE-300x214.jpg 300w\" sizes=\"auto, (max-width: 527px) 100vw, 527px\" \/><\/a><\/p>\n<p>Podeu consultar-ne el programa <a href=\"https:\/\/www.espaisescrits.cat\/storage\/01K9YE8G849976VW5S9SGWEV16.pdf\">en aquest enlla\u00e7<\/a>.<\/p>\n<p><strong>INSCRIPCIONS A:<\/strong><a href=\"mailto:info@espaisescrits.cat\">\u00a0info@espaisescrits.cat<\/a><\/p>\n\n\n","protected":false},"excerpt":{"rendered":"<p><a href=\"https:\/\/projectes.xtec.cat\/educacio-literaria\/wp-content\/uploads\/usu2578\/2025\/11\/image-1.png\"><\/a>Aquesta jornada, organitzada per Espais escrits. Xarxa del Patrimoni Literari Catal\u00e0,\u00a0 tindr\u00e0 lloc els dies 21 i 22 de novembre a la Biblioteca Museu V\u00edctor Balaguer de Vilanova i la Geltr\u00fa. L&#8217;objectiu principal \u00e9s reflexionar sobre present i el futur del patrimoni literari catal\u00e0,&hellip;  <a href=\"https:\/\/projectes.xtec.cat\/educacio-literaria\/general\/jornada-la-vitalitat-del-patrimoni-literari-catala-balanc-vincles-i-horitzons\/\" title=\"Read Jornada &#8220;La vitalitat del patrimoni literari catal\u00e0: Balan\u00e7, vincles i horitzons&#8221;\">Llegeix m\u00e9s\u00bb<\/a><\/p>\n","protected":false},"author":1,"featured_media":9952,"comment_status":"open","ping_status":"open","sticky":false,"template":"","format":"standard","meta":{"_bbp_topic_count":0,"_bbp_reply_count":0,"_bbp_total_topic_count":0,"_bbp_total_reply_count":0,"_bbp_voice_count":0,"_bbp_anonymous_reply_count":0,"_bbp_topic_count_hidden":0,"_bbp_reply_count_hidden":0,"_bbp_forum_subforum_count":0,"footnotes":""},"categories":[154,1,29],"tags":[310,336],"class_list":["post-9951","post","type-post","status-publish","format-standard","has-post-thumbnail","hentry","category-formacio","category-general","category-portada","tag-espais-escrits","tag-jornada"],"post_mailing_queue_ids":[],"_links":{"self":[{"href":"https:\/\/projectes.xtec.cat\/educacio-literaria\/wp-json\/wp\/v2\/posts\/9951","targetHints":{"allow":["GET"]}}],"collection":[{"href":"https:\/\/projectes.xtec.cat\/educacio-literaria\/wp-json\/wp\/v2\/posts"}],"about":[{"href":"https:\/\/projectes.xtec.cat\/educacio-literaria\/wp-json\/wp\/v2\/types\/post"}],"author":[{"embeddable":true,"href":"https:\/\/projectes.xtec.cat\/educacio-literaria\/wp-json\/wp\/v2\/users\/1"}],"replies":[{"embeddable":true,"href":"https:\/\/projectes.xtec.cat\/educacio-literaria\/wp-json\/wp\/v2\/comments?post=9951"}],"version-history":[{"count":2,"href":"https:\/\/projectes.xtec.cat\/educacio-literaria\/wp-json\/wp\/v2\/posts\/9951\/revisions"}],"predecessor-version":[{"id":9957,"href":"https:\/\/projectes.xtec.cat\/educacio-literaria\/wp-json\/wp\/v2\/posts\/9951\/revisions\/9957"}],"wp:featuredmedia":[{"embeddable":true,"href":"https:\/\/projectes.xtec.cat\/educacio-literaria\/wp-json\/wp\/v2\/media\/9952"}],"wp:attachment":[{"href":"https:\/\/projectes.xtec.cat\/educacio-literaria\/wp-json\/wp\/v2\/media?parent=9951"}],"wp:term":[{"taxonomy":"category","embeddable":true,"href":"https:\/\/projectes.xtec.cat\/educacio-literaria\/wp-json\/wp\/v2\/categories?post=9951"},{"taxonomy":"post_tag","embeddable":true,"href":"https:\/\/projectes.xtec.cat\/educacio-literaria\/wp-json\/wp\/v2\/tags?post=9951"}],"curies":[{"name":"wp","href":"https:\/\/api.w.org\/{rel}","templated":true}]}}